{"id":50588,"date":"2024-10-01T23:58:03","date_gmt":"2024-10-02T02:58:03","guid":{"rendered":"http:\/\/labestiadeportiva.com\/lbd\/?p=50588"},"modified":"2024-10-01T23:58:05","modified_gmt":"2024-10-02T02:58:05","slug":"sueno-cumplido-video-exclusivo","status":"publish","type":"post","link":"https:\/\/labestiadeportiva.com\/lbd\/sueno-cumplido-video-exclusivo\/","title":{"rendered":"Sue\u00f1o cumplido (Video exclusivo)"},"content":{"rendered":"\n<figure class=\"wp-block-image size-full\"><a href=\"http:\/\/labestiadeportiva.com\/lbd\/wp-content\/uploads\/2024\/10\/1000451165-1.jpg\"><img loading=\"lazy\" width=\"653\" height=\"652\" src=\"http:\/\/labestiadeportiva.com\/lbd\/wp-content\/uploads\/2024\/10\/1000451165-1.jpg\" alt=\"\" class=\"wp-image-50598\" srcset=\"https:\/\/labestiadeportiva.com\/lbd\/wp-content\/uploads\/2024\/10\/1000451165-1.jpg 653w, https:\/\/labestiadeportiva.com\/lbd\/wp-content\/uploads\/2024\/10\/1000451165-1-300x300.jpg 300w, https:\/\/labestiadeportiva.com\/lbd\/wp-content\/uploads\/2024\/10\/1000451165-1-150x150.jpg 150w, https:\/\/labestiadeportiva.com\/lbd\/wp-content\/uploads\/2024\/10\/1000451165-1-640x639.jpg 640w\" sizes=\"(max-width: 653px) 100vw, 653px\" \/><\/a><\/figure>\n\n\n\n<figure class=\"wp-block-image size-full is-resized\"><a href=\"http:\/\/labestiadeportiva.com\/lbd\/wp-content\/uploads\/2022\/11\/CARA_PEREZ-2.jpg\"><img loading=\"lazy\" src=\"http:\/\/labestiadeportiva.com\/lbd\/wp-content\/uploads\/2022\/11\/CARA_PEREZ-2.jpg\" alt=\"\" class=\"wp-image-43576\" width=\"379\" height=\"77\" srcset=\"https:\/\/labestiadeportiva.com\/lbd\/wp-content\/uploads\/2022\/11\/CARA_PEREZ-2.jpg 600w, https:\/\/labestiadeportiva.com\/lbd\/wp-content\/uploads\/2022\/11\/CARA_PEREZ-2-300x62.jpg 300w\" sizes=\"(max-width: 379px) 100vw, 379px\" \/><\/a><\/figure>\n\n\n\n<p>El peleador nacional Tom\u00e1s \u00abChacal\u00bb Aguirre form\u00f3 parte del K1 World Max en Tokio, Jap\u00f3n, con grandes resultados.<\/p>\n\n\n\n<p>Lo hizo en el Super 8 hasta 65 kilos accediendo a semifinales logrando algo hist\u00f3rico,  ser el primer argentino en formar parte del m\u00edtico torneo. <\/p>\n\n\n\n<p>En un gran gesto hacia LBD respondi\u00f3 r\u00e1pidamente a nuestro pedido de contarnos la enorme experiencia deportiva vivida en el pais del Sol Naciente.<\/p>\n\n\n\n<!--more-->\n\n\n\n<figure class=\"wp-block-embed is-type-video is-provider-youtube wp-block-embed-youtube wp-embed-aspect-4-3 wp-has-aspect-ratio\"><div class=\"wp-block-embed__wrapper\">\n<iframe loading=\"lazy\" title=\"Audio\/Video Tom\u00e1s &quot;Chacal&quot; Aguirre\" width=\"474\" height=\"356\" src=\"https:\/\/www.youtube.com\/embed\/nUbR5QvV_i8?feature=oembed\" frameborder=\"0\" allow=\"accelerometer; autoplay; clipboard-write; encrypted-media; gyroscope; picture-in-picture; web-share\" referrerpolicy=\"strict-origin-when-cross-origin\" allowfullscreen><\/iframe>\n<\/div><\/figure>\n<div class='epvc-post-count'><span class='epvc-eye'><\/span>  <span class=\"epvc-count\"> 950<\/span><span class='epvc-label'> veces le\u00edda<\/span><\/div>\n<div class=\"jwsharethis\">\nShare this: \n<br \/>\n<a href=\"mailto:?subject=Sue%C3%B1o%20cumplido%20%28Video%20exclusivo%29&amp;body=https%3A%2F%2Flabestiadeportiva.com%2Flbd%2Fsueno-cumplido-video-exclusivo%2F\">\n<img src=\"https:\/\/labestiadeportiva.com\/lbd\/wp-content\/plugins\/jw-share-this\/email.png\" alt=\"Share this page via Email\" \/>\n<\/a>\n<a target=\"_blank\" href=\"http:\/\/www.stumbleupon.com\/submit?url=https%3A%2F%2Flabestiadeportiva.com%2Flbd%2Fsueno-cumplido-video-exclusivo%2F&amp;title=Sue%C3%B1o+cumplido+%28Video+exclusivo%29\">\n<img src=\"https:\/\/labestiadeportiva.com\/lbd\/wp-content\/plugins\/jw-share-this\/su.png\" alt=\"Share this page via Stumble Upon\" \/>\n<\/a>\n<a target=\"_blank\" href=\"http:\/\/digg.com\/submit?url=https%3A%2F%2Flabestiadeportiva.com%2Flbd%2Fsueno-cumplido-video-exclusivo%2F&amp;title=Sue%C3%B1o+cumplido+%28Video+exclusivo%29\">\n<img src=\"https:\/\/labestiadeportiva.com\/lbd\/wp-content\/plugins\/jw-share-this\/digg.png\" alt=\"Share this page via Digg this\" \/>\n<\/a>\n<a target=\"_blank\" href=\"http:\/\/www.facebook.com\/sharer.php?u=https%3A%2F%2Flabestiadeportiva.com%2Flbd%2Fsueno-cumplido-video-exclusivo%2F&amp;t=Sue%C3%B1o+cumplido+%28Video+exclusivo%29\">\n<img src=\"https:\/\/labestiadeportiva.com\/lbd\/wp-content\/plugins\/jw-share-this\/fb.png\" alt=\"Share this page via Facebook\" \/>\n<\/a>\n<a target=\"_blank\" href=\"http:\/\/twitter.com\/intent\/tweet?text=I+like+https%3A%2F%2Flabestiadeportiva.com%2Flbd%2Fsueno-cumplido-video-exclusivo%2F&amp;title=Sue%C3%B1o+cumplido+%28Video+exclusivo%29\">\n<img src=\"https:\/\/labestiadeportiva.com\/lbd\/wp-content\/plugins\/jw-share-this\/twitter.png\" alt=\"Share this page via Twitter\" \/>\n<\/a>\n<\/div>\n","protected":false},"excerpt":{"rendered":"<p>El peleador nacional Tom\u00e1s \u00abChacal\u00bb Aguirre form\u00f3 parte del K1 World Max en Tokio, Jap\u00f3n, con grandes resultados. Lo hizo en el Super 8 hasta 65 kilos accediendo a semifinales logrando algo hist\u00f3rico, ser el primer argentino en formar parte del m\u00edtico torneo. En un gran gesto hacia LBD respondi\u00f3 r\u00e1pidamente a nuestro pedido de &hellip; <a href=\"https:\/\/labestiadeportiva.com\/lbd\/sueno-cumplido-video-exclusivo\/\" class=\"more-link\">Seguir leyendo <span class=\"screen-reader-text\">Sue\u00f1o cumplido (Video exclusivo)<\/span> <span class=\"meta-nav\">&rarr;<\/span><\/a><\/p>\n","protected":false},"author":1,"featured_media":0,"comment_status":"open","ping_status":"open","sticky":false,"template":"","format":"standard","meta":[],"categories":[2237,3032,6,1],"tags":[5424,1443,83,5425,5423],"_links":{"self":[{"href":"https:\/\/labestiadeportiva.com\/lbd\/wp-json\/wp\/v2\/posts\/50588"}],"collection":[{"href":"https:\/\/labestiadeportiva.com\/lbd\/wp-json\/wp\/v2\/posts"}],"about":[{"href":"https:\/\/labestiadeportiva.com\/lbd\/wp-json\/wp\/v2\/types\/post"}],"author":[{"embeddable":true,"href":"https:\/\/labestiadeportiva.com\/lbd\/wp-json\/wp\/v2\/users\/1"}],"replies":[{"embeddable":true,"href":"https:\/\/labestiadeportiva.com\/lbd\/wp-json\/wp\/v2\/comments?post=50588"}],"version-history":[{"count":1,"href":"https:\/\/labestiadeportiva.com\/lbd\/wp-json\/wp\/v2\/posts\/50588\/revisions"}],"predecessor-version":[{"id":50599,"href":"https:\/\/labestiadeportiva.com\/lbd\/wp-json\/wp\/v2\/posts\/50588\/revisions\/50599"}],"wp:attachment":[{"href":"https:\/\/labestiadeportiva.com\/lbd\/wp-json\/wp\/v2\/media?parent=50588"}],"wp:term":[{"taxonomy":"category","embeddable":true,"href":"https:\/\/labestiadeportiva.com\/lbd\/wp-json\/wp\/v2\/categories?post=50588"},{"taxonomy":"post_tag","embeddable":true,"href":"https:\/\/labestiadeportiva.com\/lbd\/wp-json\/wp\/v2\/tags?post=50588"}],"curies":[{"name":"wp","href":"https:\/\/api.w.org\/{rel}","templated":true}]}}