{"id":5063,"date":"2013-06-17T17:04:35","date_gmt":"2013-06-17T17:04:35","guid":{"rendered":"http:\/\/labestiadeportiva.com\/lbd\/?p=5063"},"modified":"2013-06-17T17:05:55","modified_gmt":"2013-06-17T17:05:55","slug":"espana-a-la-conquista-de-brasil","status":"publish","type":"post","link":"https:\/\/labestiadeportiva.com\/lbd\/espana-a-la-conquista-de-brasil\/","title":{"rendered":"Espa\u00f1a a la conquista de Brasil"},"content":{"rendered":"<p class=\"MsoNormal\">Por Daniel Campos (Corresponsal LBD en Palma de Mallorca, Espa\u00f1a)<\/p>\n<p class=\"MsoNormal\"><span lang=\"ES\"><a href=\"http:\/\/labestiadeportiva.com\/lbd\/wp-content\/uploads\/2013\/06\/la-roja.jpg\"><img loading=\"lazy\" class=\"alignleft size-medium wp-image-5064\" title=\"la roja\" src=\"http:\/\/labestiadeportiva.com\/lbd\/wp-content\/uploads\/2013\/06\/la-roja-300x166.jpg\" alt=\"\" width=\"300\" height=\"166\" srcset=\"https:\/\/labestiadeportiva.com\/lbd\/wp-content\/uploads\/2013\/06\/la-roja-300x166.jpg 300w, https:\/\/labestiadeportiva.com\/lbd\/wp-content\/uploads\/2013\/06\/la-roja.jpg 630w\" sizes=\"(max-width: 300px) 100vw, 300px\" \/><\/a>La selecci\u00f3n espa\u00f1ola de f\u00fatbol venci\u00f3 por 2 a 1 a su similar de Uruguay en su debut en la Copa Confederaciones que se lleva a cabo en Brasil. Con un dominio total de las acciones el conjunto dirigido por Vicente del Bosque, super\u00f3 a los hombres del maestro Tab\u00e1rez. <!--morePara leer Click Aqu\u00ed--><\/span><\/p>\n<p class=\"MsoNormal\"><span lang=\"ES\">El resultado final pudo ser m\u00e1s abultado m\u00e1s all\u00e1 de lo reflejado en el acta del \u00e1rbitro Nishimura. El bal\u00f3n siempre en poder de Espa\u00f1a, pasando por las botas de Xavi y Cesc. Abri\u00f3 el marcador para \u201cLa Roja\u201d en el minuto 20, Pedro que sac\u00f3 un disparo desde fuera del \u00e1rea y que toc\u00f3 en Lugano, descolocando a Muslera. <\/span><\/p>\n<p class=\"MsoNormal\"><span lang=\"ES\">Luego lleg\u00f3 el gol de Soldado antes de la media hora de juego y Espa\u00f1a sigui\u00f3 apurando su mejor juego ante los uruguayos. Ni Cavani, Luis Su\u00e1rez y Forl\u00e1n que entr\u00f3 en el segundo tiempo, aportaron su presencia en el campo de juego. Espa\u00f1a sigui\u00f3 siendo el due\u00f1o de la pelota y del partido. A tres minutos del final Luis Su\u00e1rez marc\u00f3 de tiro libre y dej\u00f3 el marcador 2 a 1. <\/span><\/p>\n<p class=\"MsoNormal\"><span lang=\"ES\">El colegiado japon\u00e9s agreg\u00f3 un par de minutos pero el encuentro ya estaba sentenciado. El pr\u00f3ximo jueves en R\u00edo de Janeiro, Espa\u00f1a se medir\u00e1 con Tahit\u00ed. Anteriormente a este partido, por el Grupo A,<span style=\"mso-spacerun: yes;\">\u00a0 <\/span>Italia no sin trabajo le gan\u00f3 por 2 a 1 a M\u00e9xico. <\/span><\/p>\n<p class=\"MsoNormal\"><span lang=\"ES\">Los goles para la selecci\u00f3n italiana, Pirlo y Balotelli. El tanto de los mejicanos, \u201dChicharito\u201d Hern\u00e1ndez. Por ese mismo grupo, Brasil tambi\u00e9n gan\u00f3 c\u00f3modamente a Jap\u00f3n por 3 a 0.<span style=\"mso-spacerun: yes;\">\u00a0\u00a0 <\/span><span style=\"mso-spacerun: yes;\">\u00a0<\/span><\/span><\/p>\n<div class='epvc-post-count'><span class='epvc-eye'><\/span>  <span class=\"epvc-count\"> 1.187<\/span><span class='epvc-label'> veces le\u00edda<\/span><\/div>\n<div class=\"jwsharethis\">\nShare this: \n<br \/>\n<a href=\"mailto:?subject=Espa%C3%B1a%20a%20la%20conquista%20de%20Brasil&amp;body=https%3A%2F%2Flabestiadeportiva.com%2Flbd%2Fespana-a-la-conquista-de-brasil%2F\">\n<img src=\"https:\/\/labestiadeportiva.com\/lbd\/wp-content\/plugins\/jw-share-this\/email.png\" alt=\"Share this page via Email\" \/>\n<\/a>\n<a target=\"_blank\" href=\"http:\/\/www.stumbleupon.com\/submit?url=https%3A%2F%2Flabestiadeportiva.com%2Flbd%2Fespana-a-la-conquista-de-brasil%2F&amp;title=Espa%C3%B1a+a+la+conquista+de+Brasil\">\n<img src=\"https:\/\/labestiadeportiva.com\/lbd\/wp-content\/plugins\/jw-share-this\/su.png\" alt=\"Share this page via Stumble Upon\" \/>\n<\/a>\n<a target=\"_blank\" href=\"http:\/\/digg.com\/submit?url=https%3A%2F%2Flabestiadeportiva.com%2Flbd%2Fespana-a-la-conquista-de-brasil%2F&amp;title=Espa%C3%B1a+a+la+conquista+de+Brasil\">\n<img src=\"https:\/\/labestiadeportiva.com\/lbd\/wp-content\/plugins\/jw-share-this\/digg.png\" alt=\"Share this page via Digg this\" \/>\n<\/a>\n<a target=\"_blank\" href=\"http:\/\/www.facebook.com\/sharer.php?u=https%3A%2F%2Flabestiadeportiva.com%2Flbd%2Fespana-a-la-conquista-de-brasil%2F&amp;t=Espa%C3%B1a+a+la+conquista+de+Brasil\">\n<img src=\"https:\/\/labestiadeportiva.com\/lbd\/wp-content\/plugins\/jw-share-this\/fb.png\" alt=\"Share this page via Facebook\" \/>\n<\/a>\n<a target=\"_blank\" href=\"http:\/\/twitter.com\/intent\/tweet?text=I+like+https%3A%2F%2Flabestiadeportiva.com%2Flbd%2Fespana-a-la-conquista-de-brasil%2F&amp;title=Espa%C3%B1a+a+la+conquista+de+Brasil\">\n<img src=\"https:\/\/labestiadeportiva.com\/lbd\/wp-content\/plugins\/jw-share-this\/twitter.png\" alt=\"Share this page via Twitter\" \/>\n<\/a>\n<\/div>\n","protected":false},"excerpt":{"rendered":"<p>Por Daniel Campos (Corresponsal LBD en Palma de Mallorca, Espa\u00f1a) La selecci\u00f3n espa\u00f1ola de f\u00fatbol venci\u00f3 por 2 a 1 a su similar de Uruguay en su debut en la Copa Confederaciones que se lleva a cabo en Brasil. Con un dominio total de las acciones el conjunto dirigido por Vicente del Bosque, super\u00f3 a &hellip; <a href=\"https:\/\/labestiadeportiva.com\/lbd\/espana-a-la-conquista-de-brasil\/\" class=\"more-link\">Seguir leyendo <span class=\"screen-reader-text\">Espa\u00f1a a la conquista de Brasil<\/span> <span class=\"meta-nav\">&rarr;<\/span><\/a><\/p>\n","protected":false},"author":1,"featured_media":5064,"comment_status":"open","ping_status":"open","sticky":false,"template":"","format":"standard","meta":[],"categories":[4,1],"tags":[691,690,17],"_links":{"self":[{"href":"https:\/\/labestiadeportiva.com\/lbd\/wp-json\/wp\/v2\/posts\/5063"}],"collection":[{"href":"https:\/\/labestiadeportiva.com\/lbd\/wp-json\/wp\/v2\/posts"}],"about":[{"href":"https:\/\/labestiadeportiva.com\/lbd\/wp-json\/wp\/v2\/types\/post"}],"author":[{"embeddable":true,"href":"https:\/\/labestiadeportiva.com\/lbd\/wp-json\/wp\/v2\/users\/1"}],"replies":[{"embeddable":true,"href":"https:\/\/labestiadeportiva.com\/lbd\/wp-json\/wp\/v2\/comments?post=5063"}],"version-history":[{"count":3,"href":"https:\/\/labestiadeportiva.com\/lbd\/wp-json\/wp\/v2\/posts\/5063\/revisions"}],"predecessor-version":[{"id":5066,"href":"https:\/\/labestiadeportiva.com\/lbd\/wp-json\/wp\/v2\/posts\/5063\/revisions\/5066"}],"wp:featuredmedia":[{"embeddable":true,"href":"https:\/\/labestiadeportiva.com\/lbd\/wp-json\/wp\/v2\/media\/5064"}],"wp:attachment":[{"href":"https:\/\/labestiadeportiva.com\/lbd\/wp-json\/wp\/v2\/media?parent=5063"}],"wp:term":[{"taxonomy":"category","embeddable":true,"href":"https:\/\/labestiadeportiva.com\/lbd\/wp-json\/wp\/v2\/categories?post=5063"},{"taxonomy":"post_tag","embeddable":true,"href":"https:\/\/labestiadeportiva.com\/lbd\/wp-json\/wp\/v2\/tags?post=5063"}],"curies":[{"name":"wp","href":"https:\/\/api.w.org\/{rel}","templated":true}]}}