{"id":50643,"date":"2024-10-08T09:03:27","date_gmt":"2024-10-08T12:03:27","guid":{"rendered":"http:\/\/labestiadeportiva.com\/lbd\/?p=50643"},"modified":"2024-10-15T23:20:11","modified_gmt":"2024-10-16T02:20:11","slug":"presentacion-y-conferencia","status":"publish","type":"post","link":"https:\/\/labestiadeportiva.com\/lbd\/presentacion-y-conferencia\/","title":{"rendered":"Presentaci\u00f3n y Conferencia"},"content":{"rendered":"\n<figure class=\"wp-block-image size-large\"><a href=\"http:\/\/labestiadeportiva.com\/lbd\/wp-content\/uploads\/2024\/10\/1000403439.jpg\"><img loading=\"lazy\" width=\"820\" height=\"1024\" src=\"http:\/\/labestiadeportiva.com\/lbd\/wp-content\/uploads\/2024\/10\/1000403439-820x1024.jpg\" alt=\"\" class=\"wp-image-50652\" srcset=\"https:\/\/labestiadeportiva.com\/lbd\/wp-content\/uploads\/2024\/10\/1000403439-820x1024.jpg 820w, https:\/\/labestiadeportiva.com\/lbd\/wp-content\/uploads\/2024\/10\/1000403439-240x300.jpg 240w, https:\/\/labestiadeportiva.com\/lbd\/wp-content\/uploads\/2024\/10\/1000403439-768x959.jpg 768w, https:\/\/labestiadeportiva.com\/lbd\/wp-content\/uploads\/2024\/10\/1000403439-640x799.jpg 640w, https:\/\/labestiadeportiva.com\/lbd\/wp-content\/uploads\/2024\/10\/1000403439.jpg 1080w\" sizes=\"(max-width: 820px) 100vw, 820px\" \/><\/a><\/figure>\n\n\n\n<figure class=\"wp-block-image size-full is-resized\"><a href=\"http:\/\/labestiadeportiva.com\/lbd\/wp-content\/uploads\/2022\/11\/CARA_PEREZ-2.jpg\"><img loading=\"lazy\" src=\"http:\/\/labestiadeportiva.com\/lbd\/wp-content\/uploads\/2022\/11\/CARA_PEREZ-2.jpg\" alt=\"\" class=\"wp-image-43576\" width=\"372\" height=\"76\" srcset=\"https:\/\/labestiadeportiva.com\/lbd\/wp-content\/uploads\/2022\/11\/CARA_PEREZ-2.jpg 600w, https:\/\/labestiadeportiva.com\/lbd\/wp-content\/uploads\/2022\/11\/CARA_PEREZ-2-300x62.jpg 300w\" sizes=\"(max-width: 372px) 100vw, 372px\" \/><\/a><\/figure>\n\n\n\n<p>Este martes desde las 15 horas en el Hotel M\u00f3naco se realizar\u00e1 la Presentaci\u00f3n y Conferencia de Prensa de la III edici\u00f3n de la Continental Cup. El torneo de Futsal se realizar\u00e1 del 25 al 30 de octubre en el marco de los festejos del aniversario de la ciudad. Desde LBD, los detalles.<\/p>\n\n\n\n<!--more-->\n\n\n\n<p>Hasta donde pudimos averiguar estar\u00e1n presentes Pedro Bonettini, Vicepresidente de FIFUSA,  Eduardo Pelegrini, Presidente a cargo de la Confederaci\u00f3 Argentina de F\u00fatbol de Sal\u00f3n, Irma Figueroa, Presidenta de Federaci\u00f3n Ushuaiense de Futbol de Sal\u00f3n y Alejandro Vel\u00e1zquez, entrenador del Club Casa Magallanes, representante local en la competencia. <\/p>\n\n\n\n<p>Las autoridades y responsables del evento deportivo dar\u00e1n a la comunidad y la prensa los detalles sobre  participantes y cronograma de juego para la competencia salonera internacional que se pondr\u00e1 en marcha en poco m\u00e1s de dos semanas.<\/p>\n<div class='epvc-post-count'><span class='epvc-eye'><\/span>  <span class=\"epvc-count\"> 917<\/span><span class='epvc-label'> veces le\u00edda<\/span><\/div>\n<div class=\"jwsharethis\">\nShare this: \n<br \/>\n<a href=\"mailto:?subject=Presentaci%C3%B3n%20y%20Conferencia&amp;body=https%3A%2F%2Flabestiadeportiva.com%2Flbd%2Fpresentacion-y-conferencia%2F\">\n<img src=\"https:\/\/labestiadeportiva.com\/lbd\/wp-content\/plugins\/jw-share-this\/email.png\" alt=\"Share this page via Email\" \/>\n<\/a>\n<a target=\"_blank\" href=\"http:\/\/www.stumbleupon.com\/submit?url=https%3A%2F%2Flabestiadeportiva.com%2Flbd%2Fpresentacion-y-conferencia%2F&amp;title=Presentaci%C3%B3n+y+Conferencia\">\n<img src=\"https:\/\/labestiadeportiva.com\/lbd\/wp-content\/plugins\/jw-share-this\/su.png\" alt=\"Share this page via Stumble Upon\" \/>\n<\/a>\n<a target=\"_blank\" href=\"http:\/\/digg.com\/submit?url=https%3A%2F%2Flabestiadeportiva.com%2Flbd%2Fpresentacion-y-conferencia%2F&amp;title=Presentaci%C3%B3n+y+Conferencia\">\n<img src=\"https:\/\/labestiadeportiva.com\/lbd\/wp-content\/plugins\/jw-share-this\/digg.png\" alt=\"Share this page via Digg this\" \/>\n<\/a>\n<a target=\"_blank\" href=\"http:\/\/www.facebook.com\/sharer.php?u=https%3A%2F%2Flabestiadeportiva.com%2Flbd%2Fpresentacion-y-conferencia%2F&amp;t=Presentaci%C3%B3n+y+Conferencia\">\n<img src=\"https:\/\/labestiadeportiva.com\/lbd\/wp-content\/plugins\/jw-share-this\/fb.png\" alt=\"Share this page via Facebook\" \/>\n<\/a>\n<a target=\"_blank\" href=\"http:\/\/twitter.com\/intent\/tweet?text=I+like+https%3A%2F%2Flabestiadeportiva.com%2Flbd%2Fpresentacion-y-conferencia%2F&amp;title=Presentaci%C3%B3n+y+Conferencia\">\n<img src=\"https:\/\/labestiadeportiva.com\/lbd\/wp-content\/plugins\/jw-share-this\/twitter.png\" alt=\"Share this page via Twitter\" \/>\n<\/a>\n<\/div>\n","protected":false},"excerpt":{"rendered":"<p>Este martes desde las 15 horas en el Hotel M\u00f3naco se realizar\u00e1 la Presentaci\u00f3n y Conferencia de Prensa de la III edici\u00f3n de la Continental Cup. El torneo de Futsal se realizar\u00e1 del 25 al 30 de octubre en el marco de los festejos del aniversario de la ciudad. Desde LBD, los detalles. 917 veces &hellip; <a href=\"https:\/\/labestiadeportiva.com\/lbd\/presentacion-y-conferencia\/\" class=\"more-link\">Seguir leyendo <span class=\"screen-reader-text\">Presentaci\u00f3n y Conferencia<\/span> <span class=\"meta-nav\">&rarr;<\/span><\/a><\/p>\n","protected":false},"author":1,"featured_media":0,"comment_status":"open","ping_status":"open","sticky":false,"template":"","format":"standard","meta":[],"categories":[5,4,6,31,1],"tags":[5118,5427,1079,83,5428],"_links":{"self":[{"href":"https:\/\/labestiadeportiva.com\/lbd\/wp-json\/wp\/v2\/posts\/50643"}],"collection":[{"href":"https:\/\/labestiadeportiva.com\/lbd\/wp-json\/wp\/v2\/posts"}],"about":[{"href":"https:\/\/labestiadeportiva.com\/lbd\/wp-json\/wp\/v2\/types\/post"}],"author":[{"embeddable":true,"href":"https:\/\/labestiadeportiva.com\/lbd\/wp-json\/wp\/v2\/users\/1"}],"replies":[{"embeddable":true,"href":"https:\/\/labestiadeportiva.com\/lbd\/wp-json\/wp\/v2\/comments?post=50643"}],"version-history":[{"count":2,"href":"https:\/\/labestiadeportiva.com\/lbd\/wp-json\/wp\/v2\/posts\/50643\/revisions"}],"predecessor-version":[{"id":50731,"href":"https:\/\/labestiadeportiva.com\/lbd\/wp-json\/wp\/v2\/posts\/50643\/revisions\/50731"}],"wp:attachment":[{"href":"https:\/\/labestiadeportiva.com\/lbd\/wp-json\/wp\/v2\/media?parent=50643"}],"wp:term":[{"taxonomy":"category","embeddable":true,"href":"https:\/\/labestiadeportiva.com\/lbd\/wp-json\/wp\/v2\/categories?post=50643"},{"taxonomy":"post_tag","embeddable":true,"href":"https:\/\/labestiadeportiva.com\/lbd\/wp-json\/wp\/v2\/tags?post=50643"}],"curies":[{"name":"wp","href":"https:\/\/api.w.org\/{rel}","templated":true}]}}