{"id":50654,"date":"2024-10-09T09:46:09","date_gmt":"2024-10-09T12:46:09","guid":{"rendered":"http:\/\/labestiadeportiva.com\/lbd\/?p=50654"},"modified":"2024-10-15T23:19:20","modified_gmt":"2024-10-16T02:19:20","slug":"12-equipos-algunos-nombres","status":"publish","type":"post","link":"https:\/\/labestiadeportiva.com\/lbd\/12-equipos-algunos-nombres\/","title":{"rendered":"12 equipos, algunos nombres"},"content":{"rendered":"\n<figure class=\"wp-block-image size-full\"><a href=\"http:\/\/labestiadeportiva.com\/lbd\/wp-content\/uploads\/2024\/10\/1000467708.png\"><img loading=\"lazy\" width=\"911\" height=\"451\" src=\"http:\/\/labestiadeportiva.com\/lbd\/wp-content\/uploads\/2024\/10\/1000467708.png\" alt=\"\" class=\"wp-image-50655\" srcset=\"https:\/\/labestiadeportiva.com\/lbd\/wp-content\/uploads\/2024\/10\/1000467708.png 911w, https:\/\/labestiadeportiva.com\/lbd\/wp-content\/uploads\/2024\/10\/1000467708-300x149.png 300w, https:\/\/labestiadeportiva.com\/lbd\/wp-content\/uploads\/2024\/10\/1000467708-768x380.png 768w, https:\/\/labestiadeportiva.com\/lbd\/wp-content\/uploads\/2024\/10\/1000467708-640x317.png 640w\" sizes=\"(max-width: 911px) 100vw, 911px\" \/><\/a><\/figure>\n\n\n\n<figure class=\"wp-block-image size-full is-resized\"><a href=\"http:\/\/labestiadeportiva.com\/lbd\/wp-content\/uploads\/2022\/11\/CARA_PEREZ-2.jpg\"><img loading=\"lazy\" src=\"http:\/\/labestiadeportiva.com\/lbd\/wp-content\/uploads\/2022\/11\/CARA_PEREZ-2.jpg\" alt=\"\" class=\"wp-image-43576\" width=\"378\" height=\"77\" srcset=\"https:\/\/labestiadeportiva.com\/lbd\/wp-content\/uploads\/2022\/11\/CARA_PEREZ-2.jpg 600w, https:\/\/labestiadeportiva.com\/lbd\/wp-content\/uploads\/2022\/11\/CARA_PEREZ-2-300x62.jpg 300w\" sizes=\"(max-width: 378px) 100vw, 378px\" \/><\/a><\/figure>\n\n\n\n<p>Finalmente se realiz\u00f3 la presentaci\u00f3n y Conferencia de Prensa de la III Continental Cup, competencia salonera que se realizar\u00e1 en nuestra ciudad del 25 al 30 de Octubre pr\u00f3ximo.  Los principales dirigentes presentes Pedro Bonettini, Vice Presidente de FIFUSA y Eduardo Pelegrini a cargo de la Confederaci\u00f3n Argentina de F\u00fatbol de Sal\u00f3n.<\/p>\n\n\n\n<!--more-->\n\n\n\n<p>A ellos se sumaron Irma Figueroa, Presidenta de la Federaci\u00f3n Ushuaiense de Futbol de Sal\u00f3n y Alejandro Vel\u00e1zquez, hist\u00f3rico entrenador del club Casa Magallanes.<\/p>\n\n\n\n<p>Bonettini confirm\u00f3 que los clubes presentes a fin de mes ser\u00e1n 12, a saber: <\/p>\n\n\n\n<p>Tres nacionales el anfitri\u00f3n m\u00e1s Jockey Club de Mendoza y Flamengo de Comodoro Rivadavia, dos brasile\u00f1os, imaginamos que uno de ellos ser\u00e1 Colorado aunque no fue nombrado, dos de Chile, dos de Colombia, donde el dirigente adelant\u00f3 que llegar\u00e1n jugadores de la selecci\u00f3n cafetera, uno de Venezuela, un conjunto franc\u00e9s y otro australiano.<\/p>\n\n\n\n<p>Hasta el momento a la hora de los nombres propios Magallanes, Jockey Club y Flamengo aparecen confirmados seguramente con el correr de los d\u00edas los organizadores informar\u00e1n los protagonistas restantes.<\/p>\n\n\n\n<p>Finalmente sobre los lugares de competencia el Microestadio Jos\u00e9 \u00abCochocho\u00bb Vargas, donde es inminente el comienzo de los trabajos en el piso del campo de juego, aparece como es escenario principal al que se le sumar\u00eda la Casa del Deporte donde se disputar\u00edan encuentros en fase de grupos. <\/p>\n\n\n\n<p> La Continental Cup en su tercera edici\u00f3n llega al Fin del Mundo en el marco de los festejos de los 140 a\u00f1os de nuestra ciudad, en poco m\u00e1s de dos semanas comenzar\u00e1 la acci\u00f3n en la 40 x 20.<\/p>\n\n\n\n<figure class=\"wp-block-image size-full\"><a href=\"http:\/\/labestiadeportiva.com\/lbd\/wp-content\/uploads\/2024\/10\/1000467702.png\"><img loading=\"lazy\" width=\"951\" height=\"469\" src=\"http:\/\/labestiadeportiva.com\/lbd\/wp-content\/uploads\/2024\/10\/1000467702.png\" alt=\"\" class=\"wp-image-50656\" srcset=\"https:\/\/labestiadeportiva.com\/lbd\/wp-content\/uploads\/2024\/10\/1000467702.png 951w, https:\/\/labestiadeportiva.com\/lbd\/wp-content\/uploads\/2024\/10\/1000467702-300x148.png 300w, https:\/\/labestiadeportiva.com\/lbd\/wp-content\/uploads\/2024\/10\/1000467702-768x379.png 768w, https:\/\/labestiadeportiva.com\/lbd\/wp-content\/uploads\/2024\/10\/1000467702-640x316.png 640w\" sizes=\"(max-width: 951px) 100vw, 951px\" \/><\/a><\/figure>\n<div class='epvc-post-count'><span class='epvc-eye'><\/span>  <span class=\"epvc-count\"> 1.048<\/span><span class='epvc-label'> veces le\u00edda<\/span><\/div>\n<div class=\"jwsharethis\">\nShare this: \n<br \/>\n<a href=\"mailto:?subject=12%20equipos%2C%20algunos%20nombres&amp;body=https%3A%2F%2Flabestiadeportiva.com%2Flbd%2F12-equipos-algunos-nombres%2F\">\n<img src=\"https:\/\/labestiadeportiva.com\/lbd\/wp-content\/plugins\/jw-share-this\/email.png\" alt=\"Share this page via Email\" \/>\n<\/a>\n<a target=\"_blank\" href=\"http:\/\/www.stumbleupon.com\/submit?url=https%3A%2F%2Flabestiadeportiva.com%2Flbd%2F12-equipos-algunos-nombres%2F&amp;title=12+equipos%2C+algunos+nombres\">\n<img src=\"https:\/\/labestiadeportiva.com\/lbd\/wp-content\/plugins\/jw-share-this\/su.png\" alt=\"Share this page via Stumble Upon\" \/>\n<\/a>\n<a target=\"_blank\" href=\"http:\/\/digg.com\/submit?url=https%3A%2F%2Flabestiadeportiva.com%2Flbd%2F12-equipos-algunos-nombres%2F&amp;title=12+equipos%2C+algunos+nombres\">\n<img src=\"https:\/\/labestiadeportiva.com\/lbd\/wp-content\/plugins\/jw-share-this\/digg.png\" alt=\"Share this page via Digg this\" \/>\n<\/a>\n<a target=\"_blank\" href=\"http:\/\/www.facebook.com\/sharer.php?u=https%3A%2F%2Flabestiadeportiva.com%2Flbd%2F12-equipos-algunos-nombres%2F&amp;t=12+equipos%2C+algunos+nombres\">\n<img src=\"https:\/\/labestiadeportiva.com\/lbd\/wp-content\/plugins\/jw-share-this\/fb.png\" alt=\"Share this page via Facebook\" \/>\n<\/a>\n<a target=\"_blank\" href=\"http:\/\/twitter.com\/intent\/tweet?text=I+like+https%3A%2F%2Flabestiadeportiva.com%2Flbd%2F12-equipos-algunos-nombres%2F&amp;title=12+equipos%2C+algunos+nombres\">\n<img src=\"https:\/\/labestiadeportiva.com\/lbd\/wp-content\/plugins\/jw-share-this\/twitter.png\" alt=\"Share this page via Twitter\" \/>\n<\/a>\n<\/div>\n","protected":false},"excerpt":{"rendered":"<p>Finalmente se realiz\u00f3 la presentaci\u00f3n y Conferencia de Prensa de la III Continental Cup, competencia salonera que se realizar\u00e1 en nuestra ciudad del 25 al 30 de Octubre pr\u00f3ximo. Los principales dirigentes presentes Pedro Bonettini, Vice Presidente de FIFUSA y Eduardo Pelegrini a cargo de la Confederaci\u00f3n Argentina de F\u00fatbol de Sal\u00f3n. 1.048 veces le\u00edda &hellip; <a href=\"https:\/\/labestiadeportiva.com\/lbd\/12-equipos-algunos-nombres\/\" class=\"more-link\">Seguir leyendo <span class=\"screen-reader-text\">12 equipos, algunos nombres<\/span> <span class=\"meta-nav\">&rarr;<\/span><\/a><\/p>\n","protected":false},"author":1,"featured_media":0,"comment_status":"open","ping_status":"open","sticky":false,"template":"","format":"standard","meta":[],"categories":[5429,5,4,6,31,1],"tags":[5118,793,1079,83,2460],"_links":{"self":[{"href":"https:\/\/labestiadeportiva.com\/lbd\/wp-json\/wp\/v2\/posts\/50654"}],"collection":[{"href":"https:\/\/labestiadeportiva.com\/lbd\/wp-json\/wp\/v2\/posts"}],"about":[{"href":"https:\/\/labestiadeportiva.com\/lbd\/wp-json\/wp\/v2\/types\/post"}],"author":[{"embeddable":true,"href":"https:\/\/labestiadeportiva.com\/lbd\/wp-json\/wp\/v2\/users\/1"}],"replies":[{"embeddable":true,"href":"https:\/\/labestiadeportiva.com\/lbd\/wp-json\/wp\/v2\/comments?post=50654"}],"version-history":[{"count":2,"href":"https:\/\/labestiadeportiva.com\/lbd\/wp-json\/wp\/v2\/posts\/50654\/revisions"}],"predecessor-version":[{"id":50730,"href":"https:\/\/labestiadeportiva.com\/lbd\/wp-json\/wp\/v2\/posts\/50654\/revisions\/50730"}],"wp:attachment":[{"href":"https:\/\/labestiadeportiva.com\/lbd\/wp-json\/wp\/v2\/media?parent=50654"}],"wp:term":[{"taxonomy":"category","embeddable":true,"href":"https:\/\/labestiadeportiva.com\/lbd\/wp-json\/wp\/v2\/categories?post=50654"},{"taxonomy":"post_tag","embeddable":true,"href":"https:\/\/labestiadeportiva.com\/lbd\/wp-json\/wp\/v2\/tags?post=50654"}],"curies":[{"name":"wp","href":"https:\/\/api.w.org\/{rel}","templated":true}]}}