{"id":50658,"date":"2024-10-09T11:56:44","date_gmt":"2024-10-09T14:56:44","guid":{"rendered":"http:\/\/labestiadeportiva.com\/lbd\/?p=50658"},"modified":"2024-10-09T11:56:45","modified_gmt":"2024-10-09T14:56:45","slug":"hispano-se-presento-en-sociedad","status":"publish","type":"post","link":"https:\/\/labestiadeportiva.com\/lbd\/hispano-se-presento-en-sociedad\/","title":{"rendered":"Hispano se present\u00f3 en sociedad"},"content":{"rendered":"\n<figure class=\"wp-block-image size-full\"><a href=\"http:\/\/labestiadeportiva.com\/lbd\/wp-content\/uploads\/2024\/10\/1000468102.png\"><img loading=\"lazy\" width=\"1008\" height=\"843\" src=\"http:\/\/labestiadeportiva.com\/lbd\/wp-content\/uploads\/2024\/10\/1000468102.png\" alt=\"\" class=\"wp-image-50659\" srcset=\"https:\/\/labestiadeportiva.com\/lbd\/wp-content\/uploads\/2024\/10\/1000468102.png 1008w, https:\/\/labestiadeportiva.com\/lbd\/wp-content\/uploads\/2024\/10\/1000468102-300x251.png 300w, https:\/\/labestiadeportiva.com\/lbd\/wp-content\/uploads\/2024\/10\/1000468102-768x642.png 768w, https:\/\/labestiadeportiva.com\/lbd\/wp-content\/uploads\/2024\/10\/1000468102-640x535.png 640w\" sizes=\"(max-width: 1008px) 100vw, 1008px\" \/><\/a><\/figure>\n\n\n\n<figure class=\"wp-block-image size-full is-resized\"><a href=\"http:\/\/labestiadeportiva.com\/lbd\/wp-content\/uploads\/2022\/11\/CARA_BAROLI-1.jpg\"><img loading=\"lazy\" src=\"http:\/\/labestiadeportiva.com\/lbd\/wp-content\/uploads\/2022\/11\/CARA_BAROLI-1.jpg\" alt=\"\" class=\"wp-image-43574\" width=\"366\" height=\"75\" srcset=\"https:\/\/labestiadeportiva.com\/lbd\/wp-content\/uploads\/2022\/11\/CARA_BAROLI-1.jpg 600w, https:\/\/labestiadeportiva.com\/lbd\/wp-content\/uploads\/2022\/11\/CARA_BAROLI-1-300x62.jpg 300w\" sizes=\"(max-width: 366px) 100vw, 366px\" \/><\/a><\/figure>\n\n\n\n<p>En una emotiva presentaci\u00f3n, con las tribunas del \u00abTito\u00bb Wilson colmadas, el primer equipo del representante Santacruce\u00f1o en la \u00e9lite del b\u00e1squet argentino, se present\u00f3 en sociedad.<\/p>\n\n\n\n<!--more-->\n\n\n\n<figure class=\"wp-block-image size-large\"><a href=\"http:\/\/labestiadeportiva.com\/lbd\/wp-content\/uploads\/2024\/10\/1000468098.png\"><img loading=\"lazy\" width=\"1024\" height=\"573\" src=\"http:\/\/labestiadeportiva.com\/lbd\/wp-content\/uploads\/2024\/10\/1000468098-1024x573.png\" alt=\"\" class=\"wp-image-50660\" srcset=\"https:\/\/labestiadeportiva.com\/lbd\/wp-content\/uploads\/2024\/10\/1000468098-1024x573.png 1024w, https:\/\/labestiadeportiva.com\/lbd\/wp-content\/uploads\/2024\/10\/1000468098-300x168.png 300w, https:\/\/labestiadeportiva.com\/lbd\/wp-content\/uploads\/2024\/10\/1000468098-768x430.png 768w, https:\/\/labestiadeportiva.com\/lbd\/wp-content\/uploads\/2024\/10\/1000468098-640x358.png 640w, https:\/\/labestiadeportiva.com\/lbd\/wp-content\/uploads\/2024\/10\/1000468098.png 1080w\" sizes=\"(max-width: 1024px) 100vw, 1024px\" \/><\/a><\/figure>\n\n\n\n<p>En los pasillos del \u00abTito\u00bb se dice, \u00abel sue\u00f1o est\u00e1 en marcha un a\u00f1o m\u00e1s\u00bb. Por tal motivo y con el acompa\u00f1amiento de autoridades provinciales, municipales, del sector privado como as\u00ed tambi\u00e9n de la comunidad en general, el \u00abCeleste\u00bb present\u00f3 al plantel que formar\u00e1 parte de la temporada 2024-2025 de la Liga Argentina.<\/p>\n\n\n\n<p>Este a\u00f1o, la presentaci\u00f3n, adem\u00e1s, tuvo un fin solidario ya que se solicit\u00f3 un alimento no perecedero que ser\u00e1 entregado al comedor \u00abManitos verdes\u00bb de Rio Gallegos, reafirmando el rol solidario y el compromiso social de la. Instituci\u00f3n.<\/p>\n\n\n\n<p>Como ocurre todos los a\u00f1os, los jugadores fueron presentados uno por uno, ingresando acompa\u00f1ados por alumnos de categor\u00edas formativas. A la hora de las palabras, Jorge Castro, en su \u00faltimo d\u00eda como presidente de la instituci\u00f3n, dio la bienvenida a los presentes. <\/p>\n\n\n\n<p>Posteriormente lo hizo Sebasti\u00e1n Morales, referente de la subcomisi\u00f3n de b\u00e1squet, quien puso en conocimiento la situaci\u00f3n y el armado del plantel, agradeciendo el acompa\u00f1amiento del sector p\u00fablico y privado en el esponsoreo, pero fundamentalmente agradeci\u00f3 el acompa\u00f1amiento de la comunidad de R\u00edo Gallegos y de Santa Cruz, poniendo en valor de que el club va a jugar la Liga en el gimnasio municipal \u00abEva Per\u00f3n\u00bb, lo que representa el poder llevar el b\u00e1squet a los barrios de la ciudad.<\/p>\n\n\n\n<p>Posteriormente fue Pablo Castro, entrenador del primer equipo celeste, quien agradeci\u00f3 el cari\u00f1o y el acompa\u00f1amiento de la gente a lo largo de estas semanas de trabajo. <\/p>\n\n\n\n<p>Destac\u00f3 el funcionamiento y organizaci\u00f3n de la instituci\u00f3n patag\u00f3nica y se\u00f1al\u00f3 que se est\u00e1 trabajando en conformar un grupo humano y deportivo para afrontar la extenuante y larga competencia.<\/p>\n\n\n\n<p>Finalmente Lucas Machuca, capit\u00e1n del equipo Patag\u00f3nico hizo uso de la palabra, agradeci\u00f3 a la comunidad de Hispano y de R\u00edo Gallegos por el acompa\u00f1amiento y por el afecto cotidiano, al tiempo que se\u00f1al\u00f3 que se trabajar\u00e1 para poder realizar una gran Liga Argentina representando a Hispano, a R\u00edo Gallegos y a Santa Cruz.<\/p>\n\n\n\n<p>El pr\u00f3ximo lunes 14 de Octubre, Hispano debutar\u00e1 en la segunda categor\u00eda del b\u00e1squet argentino cuando reciba al Club Atl\u00e9tico Pilar, mientras tanto, recibi\u00f3 el cari\u00f1o de la entusiasta gente de Rio Gallegos de cara al gran objetivo, representar al deporte de toda una provincia.<\/p>\n\n\n\n<figure class=\"wp-block-image size-large\"><a href=\"http:\/\/labestiadeportiva.com\/lbd\/wp-content\/uploads\/2024\/10\/1000468100.png\"><img loading=\"lazy\" width=\"1024\" height=\"649\" src=\"http:\/\/labestiadeportiva.com\/lbd\/wp-content\/uploads\/2024\/10\/1000468100-1024x649.png\" alt=\"\" class=\"wp-image-50661\" srcset=\"https:\/\/labestiadeportiva.com\/lbd\/wp-content\/uploads\/2024\/10\/1000468100-1024x649.png 1024w, https:\/\/labestiadeportiva.com\/lbd\/wp-content\/uploads\/2024\/10\/1000468100-300x190.png 300w, https:\/\/labestiadeportiva.com\/lbd\/wp-content\/uploads\/2024\/10\/1000468100-768x487.png 768w, https:\/\/labestiadeportiva.com\/lbd\/wp-content\/uploads\/2024\/10\/1000468100-640x406.png 640w, https:\/\/labestiadeportiva.com\/lbd\/wp-content\/uploads\/2024\/10\/1000468100.png 1080w\" sizes=\"(max-width: 1024px) 100vw, 1024px\" \/><\/a><\/figure>\n<div class='epvc-post-count'><span class='epvc-eye'><\/span>  <span class=\"epvc-count\"> 1.415<\/span><span class='epvc-label'> veces le\u00edda<\/span><\/div>\n<div class=\"jwsharethis\">\nShare this: \n<br \/>\n<a href=\"mailto:?subject=Hispano%20se%20present%C3%B3%20en%20sociedad&amp;body=https%3A%2F%2Flabestiadeportiva.com%2Flbd%2Fhispano-se-presento-en-sociedad%2F\">\n<img src=\"https:\/\/labestiadeportiva.com\/lbd\/wp-content\/plugins\/jw-share-this\/email.png\" alt=\"Share this page via Email\" \/>\n<\/a>\n<a target=\"_blank\" href=\"http:\/\/www.stumbleupon.com\/submit?url=https%3A%2F%2Flabestiadeportiva.com%2Flbd%2Fhispano-se-presento-en-sociedad%2F&amp;title=Hispano+se+present%C3%B3+en+sociedad\">\n<img src=\"https:\/\/labestiadeportiva.com\/lbd\/wp-content\/plugins\/jw-share-this\/su.png\" alt=\"Share this page via Stumble Upon\" \/>\n<\/a>\n<a target=\"_blank\" href=\"http:\/\/digg.com\/submit?url=https%3A%2F%2Flabestiadeportiva.com%2Flbd%2Fhispano-se-presento-en-sociedad%2F&amp;title=Hispano+se+present%C3%B3+en+sociedad\">\n<img src=\"https:\/\/labestiadeportiva.com\/lbd\/wp-content\/plugins\/jw-share-this\/digg.png\" alt=\"Share this page via Digg this\" \/>\n<\/a>\n<a target=\"_blank\" href=\"http:\/\/www.facebook.com\/sharer.php?u=https%3A%2F%2Flabestiadeportiva.com%2Flbd%2Fhispano-se-presento-en-sociedad%2F&amp;t=Hispano+se+present%C3%B3+en+sociedad\">\n<img src=\"https:\/\/labestiadeportiva.com\/lbd\/wp-content\/plugins\/jw-share-this\/fb.png\" alt=\"Share this page via Facebook\" \/>\n<\/a>\n<a target=\"_blank\" href=\"http:\/\/twitter.com\/intent\/tweet?text=I+like+https%3A%2F%2Flabestiadeportiva.com%2Flbd%2Fhispano-se-presento-en-sociedad%2F&amp;title=Hispano+se+present%C3%B3+en+sociedad\">\n<img src=\"https:\/\/labestiadeportiva.com\/lbd\/wp-content\/plugins\/jw-share-this\/twitter.png\" alt=\"Share this page via Twitter\" \/>\n<\/a>\n<\/div>\n","protected":false},"excerpt":{"rendered":"<p>En una emotiva presentaci\u00f3n, con las tribunas del \u00abTito\u00bb Wilson colmadas, el primer equipo del representante Santacruce\u00f1o en la \u00e9lite del b\u00e1squet argentino, se present\u00f3 en sociedad. 1.415 veces le\u00edda Share this:<\/p>\n","protected":false},"author":1,"featured_media":0,"comment_status":"open","ping_status":"open","sticky":false,"template":"","format":"standard","meta":[],"categories":[2432,6,5020,1],"tags":[171,3120,83,714],"_links":{"self":[{"href":"https:\/\/labestiadeportiva.com\/lbd\/wp-json\/wp\/v2\/posts\/50658"}],"collection":[{"href":"https:\/\/labestiadeportiva.com\/lbd\/wp-json\/wp\/v2\/posts"}],"about":[{"href":"https:\/\/labestiadeportiva.com\/lbd\/wp-json\/wp\/v2\/types\/post"}],"author":[{"embeddable":true,"href":"https:\/\/labestiadeportiva.com\/lbd\/wp-json\/wp\/v2\/users\/1"}],"replies":[{"embeddable":true,"href":"https:\/\/labestiadeportiva.com\/lbd\/wp-json\/wp\/v2\/comments?post=50658"}],"version-history":[{"count":1,"href":"https:\/\/labestiadeportiva.com\/lbd\/wp-json\/wp\/v2\/posts\/50658\/revisions"}],"predecessor-version":[{"id":50662,"href":"https:\/\/labestiadeportiva.com\/lbd\/wp-json\/wp\/v2\/posts\/50658\/revisions\/50662"}],"wp:attachment":[{"href":"https:\/\/labestiadeportiva.com\/lbd\/wp-json\/wp\/v2\/media?parent=50658"}],"wp:term":[{"taxonomy":"category","embeddable":true,"href":"https:\/\/labestiadeportiva.com\/lbd\/wp-json\/wp\/v2\/categories?post=50658"},{"taxonomy":"post_tag","embeddable":true,"href":"https:\/\/labestiadeportiva.com\/lbd\/wp-json\/wp\/v2\/tags?post=50658"}],"curies":[{"name":"wp","href":"https:\/\/api.w.org\/{rel}","templated":true}]}}