{"id":5069,"date":"2013-06-17T20:13:40","date_gmt":"2013-06-17T20:13:40","guid":{"rendered":"http:\/\/labestiadeportiva.com\/lbd\/?p=5069"},"modified":"2013-06-17T20:13:40","modified_gmt":"2013-06-17T20:13:40","slug":"no-pudo-en-el-debut","status":"publish","type":"post","link":"https:\/\/labestiadeportiva.com\/lbd\/no-pudo-en-el-debut\/","title":{"rendered":"No pudo en el debut"},"content":{"rendered":"<p class=\"MsoNormal\"><a href=\"http:\/\/labestiadeportiva.com\/lbd\/wp-content\/uploads\/2013\/06\/logo-argentinode-mayoresconcordia2013.jpeg\"><img loading=\"lazy\" class=\"alignleft size-full wp-image-5070\" title=\"logo-argentinode-mayoresconcordia2013\" src=\"http:\/\/labestiadeportiva.com\/lbd\/wp-content\/uploads\/2013\/06\/logo-argentinode-mayoresconcordia2013.jpeg\" alt=\"\" width=\"256\" height=\"256\" srcset=\"https:\/\/labestiadeportiva.com\/lbd\/wp-content\/uploads\/2013\/06\/logo-argentinode-mayoresconcordia2013.jpeg 256w, https:\/\/labestiadeportiva.com\/lbd\/wp-content\/uploads\/2013\/06\/logo-argentinode-mayoresconcordia2013-150x150.jpg 150w\" sizes=\"(max-width: 256px) 100vw, 256px\" \/><\/a>El seleccionado de TDF cay\u00f3 este domingo en su primera presentaci\u00f3n en la 79\u00b0 edici\u00f3n del Torneo Argentino de Selecciones que se juega en Concordia, Entre R\u00edos. Fue por 73 a 69 ante C\u00f3rdoba. Este lunes por la noche, desde las 21, chocar\u00e1 ante la provincia organizadora. La competencia se realiza en los estadios de los clubes Estudiantes y Ferrocarril.<!--morePara leer Click Aqu\u00ed--><\/p>\n<p class=\"MsoNormal\">El conjunto conducido por Gabriel Albornoz perdi\u00f3 en el inicio de la competencia nacional ante C\u00f3rdoba por 73 a 69. Los primeros dos cuartos del juego fueron lo mejor de los patag\u00f3nicos, principalmente el segundo. A partir de la segunda mitad del partido los cordobeses tomaron el control, equipararon las acciones en el tercero y en los diez minutos finales sellaron el marcador a su favor.<\/p>\n<p class=\"MsoNormal\">En el conjunto vencedor se destac\u00f3 Fernando Titarelli con 14 puntos, mientras que el resto del gole\u00f3 se lo repartieron entre sus compa\u00f1eros lo que habla de un buen trabajo en equipo.<\/p>\n<p class=\"MsoNormal\">Por el lado de los fueguinos lo mejor en cancha fue la capacidad goleadora de uno de sus refuerzos, Diego Garc\u00eda Merlo, quien fue el goleador del juego con 23 puntos. Asimismo fue m\u00e1s que aceptable la producci\u00f3n de Nicol\u00e1s Lorenzo y Gustavo Souto quienes le aportaron 26 puntos al goleo de TDF.<\/p>\n<p class=\"MsoNormal\">Este lunes por la noche el rival ser\u00e1 Entre R\u00edos, uno de los candidatos al t\u00edtulo por historia y condici\u00f3n de local.<\/p>\n<p class=\"MsoNormal\">Habr\u00e1 que ver como plantea el encuentro el Cuerpo T\u00e9cnico fueguino sabiendo que estar\u00e1 en inferioridad de condiciones dado que la competici\u00f3n, muy intensa por cierto, reci\u00e9n comienza y quiz\u00e1s Albornoz preserve jugadores para lo que vendr\u00e1.<span style=\"mso-spacerun: yes;\">\u00a0 <\/span><span style=\"mso-spacerun: yes;\">\u00a0<\/span><\/p>\n<p class=\"MsoNormal\">TDF (69) Nicol\u00e1s Lorenzo (14), Jonathan Ledesma (4), Daniel Miranda (9), Sebasti\u00e1n Morales (0) y Bruno Romano (6) Formaci\u00f3n Inicial. Luego Ingresaron Lautaro Miranda (0), Diego Garc\u00eda Merlo (23) y Gustavo Souto (12). No participaron Mat\u00edas Gigena, Francisco D\u00edaz, Juan Pablo Zamora y Lucas Palacio. DT: Gabriel Albornoz, AT Pablo M\u00e1rquez.<span style=\"mso-spacerun: yes;\">\u00a0\u00a0 <\/span><span style=\"mso-spacerun: yes;\">\u00a0\u00a0\u00a0<\/span><span style=\"mso-spacerun: yes;\">\u00a0\u00a0\u00a0<\/span><\/p>\n<p class=\"MsoNormal\" style=\"margin-bottom: .0001pt;\"><span style=\"color: #993300;\">Los equipos<\/span><\/p>\n<p class=\"MsoNormal\" style=\"margin-bottom: .0001pt;\">Zona A<\/p>\n<p class=\"MsoNormal\" style=\"margin-bottom: .0001pt;\">C\u00f3rdoba, Corrientes, Chaco, TDF, Entre R\u00edos y Misiones.<\/p>\n<p class=\"MsoNormal\" style=\"margin-bottom: .0001pt;\">Zona B<\/p>\n<p class=\"MsoNormal\" style=\"margin-bottom: .0001pt;\">Buenos Aires, Neuqu\u00e9n, Tucum\u00e1n, Santa Fe, La Pampa y Santiago del Estero.<\/p>\n<p class=\"MsoNormal\" style=\"margin-bottom: .0001pt;\"><span style=\"color: #ff0000;\">Resultados 1\u00b0 Fecha (Domingo)<\/span><\/p>\n<p class=\"MsoNormal\" style=\"margin-bottom: .0001pt;\">Tierra del Fuego 68 C\u00f3rdoba 73<\/p>\n<p class=\"MsoNormal\" style=\"margin-bottom: .0001pt;\">Corrientes 82 Chaco 79<\/p>\n<p class=\"MsoNormal\" style=\"margin-bottom: .0001pt;\">Entre R\u00edos 84 Misiones 62<\/p>\n<p class=\"MsoNormal\" style=\"margin-bottom: .0001pt;\">Santiago del Estero 79 La Pampa 57<\/p>\n<p class=\"MsoNormal\" style=\"margin-bottom: .0001pt;\">Buenos Aires 80 Neuqu\u00e9n 72<\/p>\n<p class=\"MsoNormal\" style=\"margin-bottom: .0001pt;\">Tucum\u00e1n 70 Santa Fe 79<\/p>\n<p class=\"MsoNormal\" style=\"margin-bottom: .0001pt;\"><span style=\"color: #0000ff;\">Los Partidos de hoy (Lunes)<\/span><\/p>\n<p class=\"MsoNormal\" style=\"margin-bottom: .0001pt;\">17.00 Chaco\/Misiones<\/p>\n<p class=\"MsoNormal\" style=\"margin-bottom: .0001pt;\">17.00 Neuqu\u00e9n\/La Pampa<\/p>\n<p class=\"MsoNormal\" style=\"margin-bottom: .0001pt;\">19.00 C\u00f3rdoba\/Corrientes<\/p>\n<p class=\"MsoNormal\" style=\"margin-bottom: .0001pt;\">19.00 Tucum\u00e1n\/Santiago del Estero<\/p>\n<p class=\"MsoNormal\" style=\"margin-bottom: .0001pt;\">21.00 TDF\/Entre R\u00edos<\/p>\n<p class=\"MsoNormal\" style=\"margin-bottom: .0001pt;\">21.00 Santa Fe\/Buenos Aires<\/p>\n<p class=\"MsoNormal\"><span style=\"mso-spacerun: yes;\">\u00a0<\/span><\/p>\n<div class='epvc-post-count'><span class='epvc-eye'><\/span>  <span class=\"epvc-count\"> 1.003<\/span><span class='epvc-label'> veces le\u00edda<\/span><\/div>\n<div class=\"jwsharethis\">\nShare this: \n<br \/>\n<a href=\"mailto:?subject=No%20pudo%20en%20el%20debut&amp;body=https%3A%2F%2Flabestiadeportiva.com%2Flbd%2Fno-pudo-en-el-debut%2F\">\n<img src=\"https:\/\/labestiadeportiva.com\/lbd\/wp-content\/plugins\/jw-share-this\/email.png\" alt=\"Share this page via Email\" \/>\n<\/a>\n<a target=\"_blank\" href=\"http:\/\/www.stumbleupon.com\/submit?url=https%3A%2F%2Flabestiadeportiva.com%2Flbd%2Fno-pudo-en-el-debut%2F&amp;title=No+pudo+en+el+debut\">\n<img src=\"https:\/\/labestiadeportiva.com\/lbd\/wp-content\/plugins\/jw-share-this\/su.png\" alt=\"Share this page via Stumble Upon\" \/>\n<\/a>\n<a target=\"_blank\" href=\"http:\/\/digg.com\/submit?url=https%3A%2F%2Flabestiadeportiva.com%2Flbd%2Fno-pudo-en-el-debut%2F&amp;title=No+pudo+en+el+debut\">\n<img src=\"https:\/\/labestiadeportiva.com\/lbd\/wp-content\/plugins\/jw-share-this\/digg.png\" alt=\"Share this page via Digg this\" \/>\n<\/a>\n<a target=\"_blank\" href=\"http:\/\/www.facebook.com\/sharer.php?u=https%3A%2F%2Flabestiadeportiva.com%2Flbd%2Fno-pudo-en-el-debut%2F&amp;t=No+pudo+en+el+debut\">\n<img src=\"https:\/\/labestiadeportiva.com\/lbd\/wp-content\/plugins\/jw-share-this\/fb.png\" alt=\"Share this page via Facebook\" \/>\n<\/a>\n<a target=\"_blank\" href=\"http:\/\/twitter.com\/intent\/tweet?text=I+like+https%3A%2F%2Flabestiadeportiva.com%2Flbd%2Fno-pudo-en-el-debut%2F&amp;title=No+pudo+en+el+debut\">\n<img src=\"https:\/\/labestiadeportiva.com\/lbd\/wp-content\/plugins\/jw-share-this\/twitter.png\" alt=\"Share this page via Twitter\" \/>\n<\/a>\n<\/div>\n","protected":false},"excerpt":{"rendered":"<p>El seleccionado de TDF cay\u00f3 este domingo en su primera presentaci\u00f3n en la 79\u00b0 edici\u00f3n del Torneo Argentino de Selecciones que se juega en Concordia, Entre R\u00edos. Fue por 73 a 69 ante C\u00f3rdoba. Este lunes por la noche, desde las 21, chocar\u00e1 ante la provincia organizadora. La competencia se realiza en los estadios de &hellip; <a href=\"https:\/\/labestiadeportiva.com\/lbd\/no-pudo-en-el-debut\/\" class=\"more-link\">Seguir leyendo <span class=\"screen-reader-text\">No pudo en el debut<\/span> <span class=\"meta-nav\">&rarr;<\/span><\/a><\/p>\n","protected":false},"author":1,"featured_media":5070,"comment_status":"open","ping_status":"open","sticky":false,"template":"","format":"standard","meta":[],"categories":[5,6,1],"tags":[694,171,692,693],"_links":{"self":[{"href":"https:\/\/labestiadeportiva.com\/lbd\/wp-json\/wp\/v2\/posts\/5069"}],"collection":[{"href":"https:\/\/labestiadeportiva.com\/lbd\/wp-json\/wp\/v2\/posts"}],"about":[{"href":"https:\/\/labestiadeportiva.com\/lbd\/wp-json\/wp\/v2\/types\/post"}],"author":[{"embeddable":true,"href":"https:\/\/labestiadeportiva.com\/lbd\/wp-json\/wp\/v2\/users\/1"}],"replies":[{"embeddable":true,"href":"https:\/\/labestiadeportiva.com\/lbd\/wp-json\/wp\/v2\/comments?post=5069"}],"version-history":[{"count":1,"href":"https:\/\/labestiadeportiva.com\/lbd\/wp-json\/wp\/v2\/posts\/5069\/revisions"}],"predecessor-version":[{"id":5071,"href":"https:\/\/labestiadeportiva.com\/lbd\/wp-json\/wp\/v2\/posts\/5069\/revisions\/5071"}],"wp:featuredmedia":[{"embeddable":true,"href":"https:\/\/labestiadeportiva.com\/lbd\/wp-json\/wp\/v2\/media\/5070"}],"wp:attachment":[{"href":"https:\/\/labestiadeportiva.com\/lbd\/wp-json\/wp\/v2\/media?parent=5069"}],"wp:term":[{"taxonomy":"category","embeddable":true,"href":"https:\/\/labestiadeportiva.com\/lbd\/wp-json\/wp\/v2\/categories?post=5069"},{"taxonomy":"post_tag","embeddable":true,"href":"https:\/\/labestiadeportiva.com\/lbd\/wp-json\/wp\/v2\/tags?post=5069"}],"curies":[{"name":"wp","href":"https:\/\/api.w.org\/{rel}","templated":true}]}}