{"id":5077,"date":"2013-06-18T22:07:24","date_gmt":"2013-06-18T22:07:24","guid":{"rendered":"http:\/\/labestiadeportiva.com\/lbd\/?p=5077"},"modified":"2013-06-18T22:07:24","modified_gmt":"2013-06-18T22:07:24","slug":"multitudinaria-integracion","status":"publish","type":"post","link":"https:\/\/labestiadeportiva.com\/lbd\/multitudinaria-integracion\/","title":{"rendered":"Multitudinaria Integraci\u00f3n"},"content":{"rendered":"<p class=\"MsoNormal\"><a href=\"http:\/\/labestiadeportiva.com\/lbd\/wp-content\/uploads\/2013\/06\/MG_2978.jpg\"><img loading=\"lazy\" class=\"alignleft size-medium wp-image-5078\" title=\"_MG_2978\" src=\"http:\/\/labestiadeportiva.com\/lbd\/wp-content\/uploads\/2013\/06\/MG_2978-300x175.jpg\" alt=\"\" width=\"300\" height=\"175\" srcset=\"https:\/\/labestiadeportiva.com\/lbd\/wp-content\/uploads\/2013\/06\/MG_2978-300x175.jpg 300w, https:\/\/labestiadeportiva.com\/lbd\/wp-content\/uploads\/2013\/06\/MG_2978.jpg 640w\" sizes=\"(max-width: 300px) 100vw, 300px\" \/><\/a>El pasado s\u00e1bado por la tarde en la cancha 4 del \u201cHugo Italo Favale\u201d se realiz\u00f3 el Torneo Integraci\u00f3n de karate a cargo de la Escuela Shotokan representada por el sensei Jorge Ledesma. La actividad fue orientada al segmento menos de la disciplina. M\u00e1s de 100 practicantes de 4 escuelas locales formaron parte del evento deportivo el cual fue acompa\u00f1ado por un gran marco de p\u00fablico.<!--morePara leer Click Aqu\u00ed--><\/p>\n<p class=\"MsoNormal\">La actividad del Karate Do federado se puso en marcha a partir de las 4 de la tarde sobre el parquet del \u201cHugo Italo Favale\u201d a trav\u00e9s del acto inaugural.<\/p>\n<p class=\"MsoNormal\">A partir de all\u00ed los ni\u00f1os y j\u00f3venes de ambos sexos comenzaron con las actividades, que se centraron en la realizaci\u00f3n de su Katas (combates imaginarios ante uno o m\u00e1s contrincantes)<\/p>\n<p class=\"MsoNormal\"><a href=\"http:\/\/labestiadeportiva.com\/lbd\/wp-content\/uploads\/2013\/06\/MG_2976.jpg\"><img loading=\"lazy\" class=\"aligncenter size-medium wp-image-5079\" title=\"_MG_2976\" src=\"http:\/\/labestiadeportiva.com\/lbd\/wp-content\/uploads\/2013\/06\/MG_2976-300x133.jpg\" alt=\"\" width=\"300\" height=\"133\" srcset=\"https:\/\/labestiadeportiva.com\/lbd\/wp-content\/uploads\/2013\/06\/MG_2976-300x133.jpg 300w, https:\/\/labestiadeportiva.com\/lbd\/wp-content\/uploads\/2013\/06\/MG_2976.jpg 640w\" sizes=\"(max-width: 300px) 100vw, 300px\" \/><\/a>El torneo fue fiscalizado por la Federaci\u00f3n de Karate Do TDF y cont\u00f3 con la presencia de 4 escuelas locales, Shorin Ryu Kodokan que tiene como m\u00e1ximo referente a Marcelo Ch\u00e1vez, Goju Ryu a cargo del Sensei Villafa\u00f1e, Shito Ryu encabezada por el presidente de la Federaci\u00f3n Juan Carlos Parodi y los anfitriones de la Shotokan JKA que realiza sus actividades en el Centro Comunitario El Palomar a cargo del sensei Franco Gergo.<\/p>\n<p class=\"MsoNormal\">La principal idea de los organizadores, largamente lograda, es que los peque\u00f1os practicantes se integran al ambiente de competencia del arte marcial incentiv\u00e1ndolos para continuar en la pr\u00e1ctica del karate do.<\/p>\n<p class=\"MsoNormal\"><a href=\"http:\/\/labestiadeportiva.com\/lbd\/wp-content\/uploads\/2013\/06\/MG_2980.jpg\"><img loading=\"lazy\" class=\"aligncenter size-medium wp-image-5080\" title=\"_MG_2980\" src=\"http:\/\/labestiadeportiva.com\/lbd\/wp-content\/uploads\/2013\/06\/MG_2980-300x165.jpg\" alt=\"\" width=\"300\" height=\"165\" srcset=\"https:\/\/labestiadeportiva.com\/lbd\/wp-content\/uploads\/2013\/06\/MG_2980-300x165.jpg 300w, https:\/\/labestiadeportiva.com\/lbd\/wp-content\/uploads\/2013\/06\/MG_2980.jpg 640w\" sizes=\"(max-width: 300px) 100vw, 300px\" \/><\/a>La jornada se extendi\u00f3 por el t\u00e9rmino de tres horas, finalizando minutos despu\u00e9s de las siete de la tarde. Durante todo el evento pudo observarse las gradas colmadas del Augusto Lasserre principalmente por familiares y amigos de los j\u00f3venes karatecas quienes filmadoras y c\u00e1maras en manos retrataron el progreso del segmento menor de esta arte marcial.<\/p>\n<p class=\"MsoNormal\"><a href=\"http:\/\/labestiadeportiva.com\/lbd\/wp-content\/uploads\/2013\/06\/MG_2981.jpg\"><img loading=\"lazy\" class=\"aligncenter size-medium wp-image-5081\" title=\"_MG_2981\" src=\"http:\/\/labestiadeportiva.com\/lbd\/wp-content\/uploads\/2013\/06\/MG_2981-300x186.jpg\" alt=\"\" width=\"300\" height=\"186\" srcset=\"https:\/\/labestiadeportiva.com\/lbd\/wp-content\/uploads\/2013\/06\/MG_2981-300x186.jpg 300w, https:\/\/labestiadeportiva.com\/lbd\/wp-content\/uploads\/2013\/06\/MG_2981.jpg 640w\" sizes=\"(max-width: 300px) 100vw, 300px\" \/><\/a><\/p>\n<p class=\"MsoNormal\">\n<div class='epvc-post-count'><span class='epvc-eye'><\/span>  <span class=\"epvc-count\"> 899<\/span><span class='epvc-label'> veces le\u00edda<\/span><\/div>\n<div class=\"jwsharethis\">\nShare this: \n<br \/>\n<a href=\"mailto:?subject=Multitudinaria%20Integraci%C3%B3n&amp;body=https%3A%2F%2Flabestiadeportiva.com%2Flbd%2Fmultitudinaria-integracion%2F\">\n<img src=\"https:\/\/labestiadeportiva.com\/lbd\/wp-content\/plugins\/jw-share-this\/email.png\" alt=\"Share this page via Email\" \/>\n<\/a>\n<a target=\"_blank\" href=\"http:\/\/www.stumbleupon.com\/submit?url=https%3A%2F%2Flabestiadeportiva.com%2Flbd%2Fmultitudinaria-integracion%2F&amp;title=Multitudinaria+Integraci%C3%B3n\">\n<img src=\"https:\/\/labestiadeportiva.com\/lbd\/wp-content\/plugins\/jw-share-this\/su.png\" alt=\"Share this page via Stumble Upon\" \/>\n<\/a>\n<a target=\"_blank\" href=\"http:\/\/digg.com\/submit?url=https%3A%2F%2Flabestiadeportiva.com%2Flbd%2Fmultitudinaria-integracion%2F&amp;title=Multitudinaria+Integraci%C3%B3n\">\n<img src=\"https:\/\/labestiadeportiva.com\/lbd\/wp-content\/plugins\/jw-share-this\/digg.png\" alt=\"Share this page via Digg this\" \/>\n<\/a>\n<a target=\"_blank\" href=\"http:\/\/www.facebook.com\/sharer.php?u=https%3A%2F%2Flabestiadeportiva.com%2Flbd%2Fmultitudinaria-integracion%2F&amp;t=Multitudinaria+Integraci%C3%B3n\">\n<img src=\"https:\/\/labestiadeportiva.com\/lbd\/wp-content\/plugins\/jw-share-this\/fb.png\" alt=\"Share this page via Facebook\" \/>\n<\/a>\n<a target=\"_blank\" href=\"http:\/\/twitter.com\/intent\/tweet?text=I+like+https%3A%2F%2Flabestiadeportiva.com%2Flbd%2Fmultitudinaria-integracion%2F&amp;title=Multitudinaria+Integraci%C3%B3n\">\n<img src=\"https:\/\/labestiadeportiva.com\/lbd\/wp-content\/plugins\/jw-share-this\/twitter.png\" alt=\"Share this page via Twitter\" \/>\n<\/a>\n<\/div>\n","protected":false},"excerpt":{"rendered":"<p>El pasado s\u00e1bado por la tarde en la cancha 4 del \u201cHugo Italo Favale\u201d se realiz\u00f3 el Torneo Integraci\u00f3n de karate a cargo de la Escuela Shotokan representada por el sensei Jorge Ledesma. La actividad fue orientada al segmento menos de la disciplina. M\u00e1s de 100 practicantes de 4 escuelas locales formaron parte del evento &hellip; <a href=\"https:\/\/labestiadeportiva.com\/lbd\/multitudinaria-integracion\/\" class=\"more-link\">Seguir leyendo <span class=\"screen-reader-text\">Multitudinaria Integraci\u00f3n<\/span> <span class=\"meta-nav\">&rarr;<\/span><\/a><\/p>\n","protected":false},"author":1,"featured_media":5078,"comment_status":"open","ping_status":"open","sticky":false,"template":"","format":"standard","meta":[],"categories":[5,1],"tags":[696,167,695],"_links":{"self":[{"href":"https:\/\/labestiadeportiva.com\/lbd\/wp-json\/wp\/v2\/posts\/5077"}],"collection":[{"href":"https:\/\/labestiadeportiva.com\/lbd\/wp-json\/wp\/v2\/posts"}],"about":[{"href":"https:\/\/labestiadeportiva.com\/lbd\/wp-json\/wp\/v2\/types\/post"}],"author":[{"embeddable":true,"href":"https:\/\/labestiadeportiva.com\/lbd\/wp-json\/wp\/v2\/users\/1"}],"replies":[{"embeddable":true,"href":"https:\/\/labestiadeportiva.com\/lbd\/wp-json\/wp\/v2\/comments?post=5077"}],"version-history":[{"count":2,"href":"https:\/\/labestiadeportiva.com\/lbd\/wp-json\/wp\/v2\/posts\/5077\/revisions"}],"predecessor-version":[{"id":5083,"href":"https:\/\/labestiadeportiva.com\/lbd\/wp-json\/wp\/v2\/posts\/5077\/revisions\/5083"}],"wp:featuredmedia":[{"embeddable":true,"href":"https:\/\/labestiadeportiva.com\/lbd\/wp-json\/wp\/v2\/media\/5078"}],"wp:attachment":[{"href":"https:\/\/labestiadeportiva.com\/lbd\/wp-json\/wp\/v2\/media?parent=5077"}],"wp:term":[{"taxonomy":"category","embeddable":true,"href":"https:\/\/labestiadeportiva.com\/lbd\/wp-json\/wp\/v2\/categories?post=5077"},{"taxonomy":"post_tag","embeddable":true,"href":"https:\/\/labestiadeportiva.com\/lbd\/wp-json\/wp\/v2\/tags?post=5077"}],"curies":[{"name":"wp","href":"https:\/\/api.w.org\/{rel}","templated":true}]}}