{"id":50992,"date":"2024-11-04T13:23:04","date_gmt":"2024-11-04T16:23:04","guid":{"rendered":"http:\/\/labestiadeportiva.com\/lbd\/?p=50992"},"modified":"2024-11-04T13:23:13","modified_gmt":"2024-11-04T16:23:13","slug":"aep-campeon-en-cordoba-audio","status":"publish","type":"post","link":"https:\/\/labestiadeportiva.com\/lbd\/aep-campeon-en-cordoba-audio\/","title":{"rendered":"AEP Campe\u00f3n en C\u00f3rdoba (Audio)"},"content":{"rendered":"\n<figure class=\"wp-block-image size-large\"><a href=\"http:\/\/labestiadeportiva.com\/lbd\/wp-content\/uploads\/2024\/11\/1000514369.jpg\"><img loading=\"lazy\" width=\"1024\" height=\"473\" src=\"http:\/\/labestiadeportiva.com\/lbd\/wp-content\/uploads\/2024\/11\/1000514369-1024x473.jpg\" alt=\"\" class=\"wp-image-50993\" srcset=\"https:\/\/labestiadeportiva.com\/lbd\/wp-content\/uploads\/2024\/11\/1000514369-1024x473.jpg 1024w, https:\/\/labestiadeportiva.com\/lbd\/wp-content\/uploads\/2024\/11\/1000514369-300x139.jpg 300w, https:\/\/labestiadeportiva.com\/lbd\/wp-content\/uploads\/2024\/11\/1000514369-768x355.jpg 768w, https:\/\/labestiadeportiva.com\/lbd\/wp-content\/uploads\/2024\/11\/1000514369-640x296.jpg 640w, https:\/\/labestiadeportiva.com\/lbd\/wp-content\/uploads\/2024\/11\/1000514369.jpg 1280w\" sizes=\"(max-width: 1024px) 100vw, 1024px\" \/><\/a><\/figure>\n\n\n\n<figure class=\"wp-block-image size-full\"><a href=\"http:\/\/labestiadeportiva.com\/lbd\/wp-content\/uploads\/2022\/11\/CARA_PEREZ-2.jpg\"><img loading=\"lazy\" width=\"600\" height=\"124\" src=\"http:\/\/labestiadeportiva.com\/lbd\/wp-content\/uploads\/2022\/11\/CARA_PEREZ-2.jpg\" alt=\"\" class=\"wp-image-43576\" srcset=\"https:\/\/labestiadeportiva.com\/lbd\/wp-content\/uploads\/2022\/11\/CARA_PEREZ-2.jpg 600w, https:\/\/labestiadeportiva.com\/lbd\/wp-content\/uploads\/2022\/11\/CARA_PEREZ-2-300x62.jpg 300w\" sizes=\"(max-width: 600px) 100vw, 600px\" \/><\/a><\/figure>\n\n\n\n<p>El plantel de voley femenino U18 se qued\u00f3 con el \u00abMundialito\u00bb, Torneo Abierto  organizado por la firma  Esquerra.<\/p>\n\n\n\n<p>En la final las fueguinas vencieron  en la final a Racing de C\u00f3rdoba por dos sets a cero.<\/p>\n\n\n\n<p>Desde LBD nos comunicamos con el entrenador Rodrigo G\u00f3mez Varela quien desde la provincia mediterr\u00e1nea nos di\u00f3 detalles de la experiencia que culmin\u00f3 con el t\u00edtulo para las ushuaienses.<\/p>\n\n\n\n<figure class=\"wp-block-image size-large\"><a href=\"http:\/\/labestiadeportiva.com\/lbd\/wp-content\/uploads\/2024\/11\/1000514378.jpg\"><img loading=\"lazy\" width=\"1018\" height=\"1024\" src=\"http:\/\/labestiadeportiva.com\/lbd\/wp-content\/uploads\/2024\/11\/1000514378-1018x1024.jpg\" alt=\"\" class=\"wp-image-50994\" srcset=\"https:\/\/labestiadeportiva.com\/lbd\/wp-content\/uploads\/2024\/11\/1000514378-1018x1024.jpg 1018w, https:\/\/labestiadeportiva.com\/lbd\/wp-content\/uploads\/2024\/11\/1000514378-298x300.jpg 298w, https:\/\/labestiadeportiva.com\/lbd\/wp-content\/uploads\/2024\/11\/1000514378-150x150.jpg 150w, https:\/\/labestiadeportiva.com\/lbd\/wp-content\/uploads\/2024\/11\/1000514378-768x772.jpg 768w, https:\/\/labestiadeportiva.com\/lbd\/wp-content\/uploads\/2024\/11\/1000514378-640x644.jpg 640w, https:\/\/labestiadeportiva.com\/lbd\/wp-content\/uploads\/2024\/11\/1000514378.jpg 1080w\" sizes=\"(max-width: 1018px) 100vw, 1018px\" \/><\/a><\/figure>\n\n\n\n<!--more-->\n\n\n\n<figure class=\"wp-block-embed is-type-video is-provider-youtube wp-block-embed-youtube wp-embed-aspect-4-3 wp-has-aspect-ratio\"><div class=\"wp-block-embed__wrapper\">\n<iframe loading=\"lazy\" title=\"Audio Rodrigo G\u00f3mez Varela\" width=\"474\" height=\"356\" src=\"https:\/\/www.youtube.com\/embed\/mP0SV3EWcBI?feature=oembed\" frameborder=\"0\" allow=\"accelerometer; autoplay; clipboard-write; encrypted-media; gyroscope; picture-in-picture; web-share\" referrerpolicy=\"strict-origin-when-cross-origin\" allowfullscreen><\/iframe>\n<\/div><\/figure>\n<div class='epvc-post-count'><span class='epvc-eye'><\/span>  <span class=\"epvc-count\"> 768<\/span><span class='epvc-label'> veces le\u00edda<\/span><\/div>\n<div class=\"jwsharethis\">\nShare this: \n<br \/>\n<a href=\"mailto:?subject=AEP%20Campe%C3%B3n%20en%20C%C3%B3rdoba%20%28Audio%29&amp;body=https%3A%2F%2Flabestiadeportiva.com%2Flbd%2Faep-campeon-en-cordoba-audio%2F\">\n<img src=\"https:\/\/labestiadeportiva.com\/lbd\/wp-content\/plugins\/jw-share-this\/email.png\" alt=\"Share this page via Email\" \/>\n<\/a>\n<a target=\"_blank\" href=\"http:\/\/www.stumbleupon.com\/submit?url=https%3A%2F%2Flabestiadeportiva.com%2Flbd%2Faep-campeon-en-cordoba-audio%2F&amp;title=AEP+Campe%C3%B3n+en+C%C3%B3rdoba+%28Audio%29\">\n<img src=\"https:\/\/labestiadeportiva.com\/lbd\/wp-content\/plugins\/jw-share-this\/su.png\" alt=\"Share this page via Stumble Upon\" \/>\n<\/a>\n<a target=\"_blank\" href=\"http:\/\/digg.com\/submit?url=https%3A%2F%2Flabestiadeportiva.com%2Flbd%2Faep-campeon-en-cordoba-audio%2F&amp;title=AEP+Campe%C3%B3n+en+C%C3%B3rdoba+%28Audio%29\">\n<img src=\"https:\/\/labestiadeportiva.com\/lbd\/wp-content\/plugins\/jw-share-this\/digg.png\" alt=\"Share this page via Digg this\" \/>\n<\/a>\n<a target=\"_blank\" href=\"http:\/\/www.facebook.com\/sharer.php?u=https%3A%2F%2Flabestiadeportiva.com%2Flbd%2Faep-campeon-en-cordoba-audio%2F&amp;t=AEP+Campe%C3%B3n+en+C%C3%B3rdoba+%28Audio%29\">\n<img src=\"https:\/\/labestiadeportiva.com\/lbd\/wp-content\/plugins\/jw-share-this\/fb.png\" alt=\"Share this page via Facebook\" \/>\n<\/a>\n<a target=\"_blank\" href=\"http:\/\/twitter.com\/intent\/tweet?text=I+like+https%3A%2F%2Flabestiadeportiva.com%2Flbd%2Faep-campeon-en-cordoba-audio%2F&amp;title=AEP+Campe%C3%B3n+en+C%C3%B3rdoba+%28Audio%29\">\n<img src=\"https:\/\/labestiadeportiva.com\/lbd\/wp-content\/plugins\/jw-share-this\/twitter.png\" alt=\"Share this page via Twitter\" \/>\n<\/a>\n<\/div>\n","protected":false},"excerpt":{"rendered":"<p>El plantel de voley femenino U18 se qued\u00f3 con el \u00abMundialito\u00bb, Torneo Abierto organizado por la firma Esquerra. En la final las fueguinas vencieron en la final a Racing de C\u00f3rdoba por dos sets a cero. Desde LBD nos comunicamos con el entrenador Rodrigo G\u00f3mez Varela quien desde la provincia mediterr\u00e1nea nos di\u00f3 detalles de &hellip; <a href=\"https:\/\/labestiadeportiva.com\/lbd\/aep-campeon-en-cordoba-audio\/\" class=\"more-link\">Seguir leyendo <span class=\"screen-reader-text\">AEP Campe\u00f3n en C\u00f3rdoba (Audio)<\/span> <span class=\"meta-nav\">&rarr;<\/span><\/a><\/p>\n","protected":false},"author":1,"featured_media":0,"comment_status":"open","ping_status":"open","sticky":false,"template":"","format":"standard","meta":[],"categories":[5,6,60,1,1087],"tags":[1460,5456,4847,5455,83],"_links":{"self":[{"href":"https:\/\/labestiadeportiva.com\/lbd\/wp-json\/wp\/v2\/posts\/50992"}],"collection":[{"href":"https:\/\/labestiadeportiva.com\/lbd\/wp-json\/wp\/v2\/posts"}],"about":[{"href":"https:\/\/labestiadeportiva.com\/lbd\/wp-json\/wp\/v2\/types\/post"}],"author":[{"embeddable":true,"href":"https:\/\/labestiadeportiva.com\/lbd\/wp-json\/wp\/v2\/users\/1"}],"replies":[{"embeddable":true,"href":"https:\/\/labestiadeportiva.com\/lbd\/wp-json\/wp\/v2\/comments?post=50992"}],"version-history":[{"count":1,"href":"https:\/\/labestiadeportiva.com\/lbd\/wp-json\/wp\/v2\/posts\/50992\/revisions"}],"predecessor-version":[{"id":50995,"href":"https:\/\/labestiadeportiva.com\/lbd\/wp-json\/wp\/v2\/posts\/50992\/revisions\/50995"}],"wp:attachment":[{"href":"https:\/\/labestiadeportiva.com\/lbd\/wp-json\/wp\/v2\/media?parent=50992"}],"wp:term":[{"taxonomy":"category","embeddable":true,"href":"https:\/\/labestiadeportiva.com\/lbd\/wp-json\/wp\/v2\/categories?post=50992"},{"taxonomy":"post_tag","embeddable":true,"href":"https:\/\/labestiadeportiva.com\/lbd\/wp-json\/wp\/v2\/tags?post=50992"}],"curies":[{"name":"wp","href":"https:\/\/api.w.org\/{rel}","templated":true}]}}