{"id":51058,"date":"2024-11-10T18:41:30","date_gmt":"2024-11-10T21:41:30","guid":{"rendered":"http:\/\/labestiadeportiva.com\/lbd\/?p=51058"},"modified":"2024-11-13T00:07:11","modified_gmt":"2024-11-13T03:07:11","slug":"la-xxxi-edicion-desde-este-lunes","status":"publish","type":"post","link":"https:\/\/labestiadeportiva.com\/lbd\/la-xxxi-edicion-desde-este-lunes\/","title":{"rendered":"La XXXI edici\u00f3n desde este lunes"},"content":{"rendered":"\n<figure class=\"wp-block-image size-large\"><a href=\"http:\/\/labestiadeportiva.com\/lbd\/wp-content\/uploads\/2024\/11\/1000525737.jpg\"><img loading=\"lazy\" width=\"1024\" height=\"682\" src=\"http:\/\/labestiadeportiva.com\/lbd\/wp-content\/uploads\/2024\/11\/1000525737-1024x682.jpg\" alt=\"\" class=\"wp-image-51059\" srcset=\"https:\/\/labestiadeportiva.com\/lbd\/wp-content\/uploads\/2024\/11\/1000525737-1024x682.jpg 1024w, https:\/\/labestiadeportiva.com\/lbd\/wp-content\/uploads\/2024\/11\/1000525737-300x200.jpg 300w, https:\/\/labestiadeportiva.com\/lbd\/wp-content\/uploads\/2024\/11\/1000525737-768x512.jpg 768w, https:\/\/labestiadeportiva.com\/lbd\/wp-content\/uploads\/2024\/11\/1000525737-640x427.jpg 640w, https:\/\/labestiadeportiva.com\/lbd\/wp-content\/uploads\/2024\/11\/1000525737.jpg 1280w\" sizes=\"(max-width: 1024px) 100vw, 1024px\" \/><\/a><\/figure>\n\n\n\n<figure class=\"wp-block-image size-full is-resized\"><a href=\"http:\/\/labestiadeportiva.com\/lbd\/wp-content\/uploads\/2022\/11\/CARA_PEREZ-2.jpg\"><img loading=\"lazy\" src=\"http:\/\/labestiadeportiva.com\/lbd\/wp-content\/uploads\/2022\/11\/CARA_PEREZ-2.jpg\" alt=\"\" class=\"wp-image-43576\" width=\"388\" height=\"79\" srcset=\"https:\/\/labestiadeportiva.com\/lbd\/wp-content\/uploads\/2022\/11\/CARA_PEREZ-2.jpg 600w, https:\/\/labestiadeportiva.com\/lbd\/wp-content\/uploads\/2022\/11\/CARA_PEREZ-2-300x62.jpg 300w\" sizes=\"(max-width: 388px) 100vw, 388px\" \/><\/a><\/figure>\n\n\n\n<p>El fin de semana comenz\u00f3 el viaje v\u00eda terrestre de la delegaci\u00f3n de TDF rumbo a los Binacionales que se desarrollar\u00e1n del 10 al 16 de noviembre en la Regi\u00f3n de Ays\u00e9n.<\/p>\n\n\n\n<p>La competencia tendr\u00e1 tres sedes, Coyhaique, Puerto Ays\u00e9n y Punta Arenas. Desde LBD, te damos todos los detalles. Las fotos son gentileza de Prensa Secretaria de Deportes Provincial.<\/p>\n\n\n\n<!--more-->\n\n\n\n<figure class=\"wp-block-image size-large\"><a href=\"http:\/\/labestiadeportiva.com\/lbd\/wp-content\/uploads\/2024\/11\/1000525740.jpg\"><img loading=\"lazy\" width=\"1024\" height=\"682\" src=\"http:\/\/labestiadeportiva.com\/lbd\/wp-content\/uploads\/2024\/11\/1000525740-1024x682.jpg\" alt=\"\" class=\"wp-image-51060\" srcset=\"https:\/\/labestiadeportiva.com\/lbd\/wp-content\/uploads\/2024\/11\/1000525740-1024x682.jpg 1024w, https:\/\/labestiadeportiva.com\/lbd\/wp-content\/uploads\/2024\/11\/1000525740-300x200.jpg 300w, https:\/\/labestiadeportiva.com\/lbd\/wp-content\/uploads\/2024\/11\/1000525740-768x512.jpg 768w, https:\/\/labestiadeportiva.com\/lbd\/wp-content\/uploads\/2024\/11\/1000525740-640x427.jpg 640w, https:\/\/labestiadeportiva.com\/lbd\/wp-content\/uploads\/2024\/11\/1000525740.jpg 1280w\" sizes=\"(max-width: 1024px) 100vw, 1024px\" \/><\/a><\/figure>\n\n\n\n<p>Cabe recordar que la cita Araucana ya tiene m\u00e1s de 30 a\u00f1os de vida y en la actualidad participan las Regiones chilenas de Araucan\u00eda, Bio Bio, Los Lagos, Los R\u00edos, Ays\u00e9n, \u00d1uble y Magallanes m\u00e1s las provincias argentinas de La Pampa, Neuqu\u00e9n, R\u00edo Negro, Chubut, Santa Cruz y Tierra del Fuego.<\/p>\n\n\n\n<p>Las mismas compiten en la actualidad en las siguientes disciplinas: F\u00fatbol, b\u00e1squet, v\u00f3ley, atletismo, nataci\u00f3n, ciclismo y judo, en ambas ramas.<\/p>\n\n\n\n<p>Finalmentecen cuanto a las sedes Cayhaique albergara Judo, atletismo y v\u00f3ley en ambas ramas. Puerto Ays\u00e9n recibir\u00e1 la nataci\u00f3n y b\u00e1squet por partida doble mientras que Punta Arenas ser\u00e1 la sede del f\u00fatbol y ciclismo de damas y caballeros.<\/p>\n\n\n\n<p>El doming\u00f3 ser\u00e1 el momento de acreditaciones dejando previsto el Acto Inaugural para el lunes a las 20, recordando que los Binacionales se extender\u00e1n hasta el s\u00e1bado 16 del corriente.<\/p>\n\n\n\n<p>Comienza el desaf\u00edo para varias regiones chilenas, dado que el a\u00f1o pasado el podio fui \u00edntegramente argentino con R\u00edo Negro, Chubut y La Pampa en ese orden, el desarrollarse en su territorio potenciar\u00e1 la intenci\u00f3n de intentar cambiar la historia. <\/p>\n\n\n\n<p>Todo dispuesto entonces para vivir una intensa semana de acci\u00f3n deportiva en nuestra querida Patagonia Argentino Chilena.<\/p>\n\n\n\n<figure class=\"wp-block-image size-large\"><a href=\"http:\/\/labestiadeportiva.com\/lbd\/wp-content\/uploads\/2024\/11\/1000525743.jpg\"><img loading=\"lazy\" width=\"1024\" height=\"682\" src=\"http:\/\/labestiadeportiva.com\/lbd\/wp-content\/uploads\/2024\/11\/1000525743-1024x682.jpg\" alt=\"\" class=\"wp-image-51061\" srcset=\"https:\/\/labestiadeportiva.com\/lbd\/wp-content\/uploads\/2024\/11\/1000525743-1024x682.jpg 1024w, https:\/\/labestiadeportiva.com\/lbd\/wp-content\/uploads\/2024\/11\/1000525743-300x200.jpg 300w, https:\/\/labestiadeportiva.com\/lbd\/wp-content\/uploads\/2024\/11\/1000525743-768x512.jpg 768w, https:\/\/labestiadeportiva.com\/lbd\/wp-content\/uploads\/2024\/11\/1000525743-640x427.jpg 640w, https:\/\/labestiadeportiva.com\/lbd\/wp-content\/uploads\/2024\/11\/1000525743.jpg 1280w\" sizes=\"(max-width: 1024px) 100vw, 1024px\" \/><\/a><\/figure>\n<div class='epvc-post-count'><span class='epvc-eye'><\/span>  <span class=\"epvc-count\"> 711<\/span><span class='epvc-label'> veces le\u00edda<\/span><\/div>\n<div class=\"jwsharethis\">\nShare this: \n<br \/>\n<a href=\"mailto:?subject=La%20XXXI%20edici%C3%B3n%20desde%20este%20lunes&amp;body=https%3A%2F%2Flabestiadeportiva.com%2Flbd%2Fla-xxxi-edicion-desde-este-lunes%2F\">\n<img src=\"https:\/\/labestiadeportiva.com\/lbd\/wp-content\/plugins\/jw-share-this\/email.png\" alt=\"Share this page via Email\" \/>\n<\/a>\n<a target=\"_blank\" href=\"http:\/\/www.stumbleupon.com\/submit?url=https%3A%2F%2Flabestiadeportiva.com%2Flbd%2Fla-xxxi-edicion-desde-este-lunes%2F&amp;title=La+XXXI+edici%C3%B3n+desde+este+lunes\">\n<img src=\"https:\/\/labestiadeportiva.com\/lbd\/wp-content\/plugins\/jw-share-this\/su.png\" alt=\"Share this page via Stumble Upon\" \/>\n<\/a>\n<a target=\"_blank\" href=\"http:\/\/digg.com\/submit?url=https%3A%2F%2Flabestiadeportiva.com%2Flbd%2Fla-xxxi-edicion-desde-este-lunes%2F&amp;title=La+XXXI+edici%C3%B3n+desde+este+lunes\">\n<img src=\"https:\/\/labestiadeportiva.com\/lbd\/wp-content\/plugins\/jw-share-this\/digg.png\" alt=\"Share this page via Digg this\" \/>\n<\/a>\n<a target=\"_blank\" href=\"http:\/\/www.facebook.com\/sharer.php?u=https%3A%2F%2Flabestiadeportiva.com%2Flbd%2Fla-xxxi-edicion-desde-este-lunes%2F&amp;t=La+XXXI+edici%C3%B3n+desde+este+lunes\">\n<img src=\"https:\/\/labestiadeportiva.com\/lbd\/wp-content\/plugins\/jw-share-this\/fb.png\" alt=\"Share this page via Facebook\" \/>\n<\/a>\n<a target=\"_blank\" href=\"http:\/\/twitter.com\/intent\/tweet?text=I+like+https%3A%2F%2Flabestiadeportiva.com%2Flbd%2Fla-xxxi-edicion-desde-este-lunes%2F&amp;title=La+XXXI+edici%C3%B3n+desde+este+lunes\">\n<img src=\"https:\/\/labestiadeportiva.com\/lbd\/wp-content\/plugins\/jw-share-this\/twitter.png\" alt=\"Share this page via Twitter\" \/>\n<\/a>\n<\/div>\n","protected":false},"excerpt":{"rendered":"<p>El fin de semana comenz\u00f3 el viaje v\u00eda terrestre de la delegaci\u00f3n de TDF rumbo a los Binacionales que se desarrollar\u00e1n del 10 al 16 de noviembre en la Regi\u00f3n de Ays\u00e9n. La competencia tendr\u00e1 tres sedes, Coyhaique, Puerto Ays\u00e9n y Punta Arenas. Desde LBD, te damos todos los detalles. Las fotos son gentileza de &hellip; <a href=\"https:\/\/labestiadeportiva.com\/lbd\/la-xxxi-edicion-desde-este-lunes\/\" class=\"more-link\">Seguir leyendo <span class=\"screen-reader-text\">La XXXI edici\u00f3n desde este lunes<\/span> <span class=\"meta-nav\">&rarr;<\/span><\/a><\/p>\n","protected":false},"author":1,"featured_media":0,"comment_status":"open","ping_status":"open","sticky":false,"template":"","format":"standard","meta":[],"categories":[5,4,6,2277,1],"tags":[5459,4926,83],"_links":{"self":[{"href":"https:\/\/labestiadeportiva.com\/lbd\/wp-json\/wp\/v2\/posts\/51058"}],"collection":[{"href":"https:\/\/labestiadeportiva.com\/lbd\/wp-json\/wp\/v2\/posts"}],"about":[{"href":"https:\/\/labestiadeportiva.com\/lbd\/wp-json\/wp\/v2\/types\/post"}],"author":[{"embeddable":true,"href":"https:\/\/labestiadeportiva.com\/lbd\/wp-json\/wp\/v2\/users\/1"}],"replies":[{"embeddable":true,"href":"https:\/\/labestiadeportiva.com\/lbd\/wp-json\/wp\/v2\/comments?post=51058"}],"version-history":[{"count":4,"href":"https:\/\/labestiadeportiva.com\/lbd\/wp-json\/wp\/v2\/posts\/51058\/revisions"}],"predecessor-version":[{"id":51089,"href":"https:\/\/labestiadeportiva.com\/lbd\/wp-json\/wp\/v2\/posts\/51058\/revisions\/51089"}],"wp:attachment":[{"href":"https:\/\/labestiadeportiva.com\/lbd\/wp-json\/wp\/v2\/media?parent=51058"}],"wp:term":[{"taxonomy":"category","embeddable":true,"href":"https:\/\/labestiadeportiva.com\/lbd\/wp-json\/wp\/v2\/categories?post=51058"},{"taxonomy":"post_tag","embeddable":true,"href":"https:\/\/labestiadeportiva.com\/lbd\/wp-json\/wp\/v2\/tags?post=51058"}],"curies":[{"name":"wp","href":"https:\/\/api.w.org\/{rel}","templated":true}]}}