{"id":51362,"date":"2024-12-27T17:41:41","date_gmt":"2024-12-27T20:41:41","guid":{"rendered":"http:\/\/labestiadeportiva.com\/lbd\/?p=51362"},"modified":"2024-12-27T17:43:57","modified_gmt":"2024-12-27T20:43:57","slug":"se-define-la-primera-edicion","status":"publish","type":"post","link":"https:\/\/labestiadeportiva.com\/lbd\/se-define-la-primera-edicion\/","title":{"rendered":"Se define la primera edici\u00f3n"},"content":{"rendered":"\n<figure class=\"wp-block-image size-large\"><a href=\"http:\/\/labestiadeportiva.com\/lbd\/wp-content\/uploads\/2024\/12\/1000612116.png\"><img loading=\"lazy\" width=\"1024\" height=\"996\" src=\"http:\/\/labestiadeportiva.com\/lbd\/wp-content\/uploads\/2024\/12\/1000612116-1024x996.png\" alt=\"\" class=\"wp-image-51371\" srcset=\"https:\/\/labestiadeportiva.com\/lbd\/wp-content\/uploads\/2024\/12\/1000612116-1024x996.png 1024w, https:\/\/labestiadeportiva.com\/lbd\/wp-content\/uploads\/2024\/12\/1000612116-300x292.png 300w, https:\/\/labestiadeportiva.com\/lbd\/wp-content\/uploads\/2024\/12\/1000612116-768x747.png 768w, https:\/\/labestiadeportiva.com\/lbd\/wp-content\/uploads\/2024\/12\/1000612116-640x622.png 640w, https:\/\/labestiadeportiva.com\/lbd\/wp-content\/uploads\/2024\/12\/1000612116.png 1080w\" sizes=\"(max-width: 1024px) 100vw, 1024px\" \/><\/a><\/figure>\n\n\n\n<figure class=\"wp-block-image size-full is-resized\"><a href=\"http:\/\/labestiadeportiva.com\/lbd\/wp-content\/uploads\/2022\/11\/CARA_PEREZ-2.jpg\"><img loading=\"lazy\" src=\"http:\/\/labestiadeportiva.com\/lbd\/wp-content\/uploads\/2022\/11\/CARA_PEREZ-2.jpg\" alt=\"\" class=\"wp-image-43576\" width=\"360\" height=\"73\" srcset=\"https:\/\/labestiadeportiva.com\/lbd\/wp-content\/uploads\/2022\/11\/CARA_PEREZ-2.jpg 600w, https:\/\/labestiadeportiva.com\/lbd\/wp-content\/uploads\/2022\/11\/CARA_PEREZ-2-300x62.jpg 300w\" sizes=\"(max-width: 360px) 100vw, 360px\" \/><\/a><\/figure>\n\n\n\n<p>Este fin de semana concluir\u00e1 la \u00abCopa Pelusa\u00bb de f\u00fatbol 7 organizada por el Club Atl\u00e9tico de la Educaci\u00f3n Fueguina en su cancha, el \u00abGigante del Fin del Mundo\u00bb. <\/p>\n\n\n\n<p>El s\u00e1bado desde las 16.40 se disputar\u00e1n las semifinales mientras que la definici\u00f3n de ambas categor\u00edas llegar\u00e1 el domingo a partir de las 18.30 horas. Desde LBD, los detalles.<\/p>\n\n\n\n<!--more-->\n\n\n\n<p>Luego de varias e intensas jornadas disputadas sobre el sint\u00e9tico \u00ab\u00c1ngel Puljiz\u00bb la competencia reducida llegar\u00e1 a su fin.<\/p>\n\n\n\n<p>La iniciativa propuesta por la gente de CAEF, con el profesor Diego S\u00e1nchez a la cabeza, fue muy bien recibida por jugadores saloneros y de cancha abierta.<\/p>\n\n\n\n<p>Se espera dos jornadas apasionantes y de resultados inciertos. Desde la organizaci\u00f3n informaron que la idea es que a partir de aqu\u00ed la \u00abCopa Pelusa\u00bb quede firme en el calendario.<\/p>\n\n\n\n<p><strong>El Fixture<\/strong><\/p>\n\n\n\n<p>S\u00e1bado 28<br><strong>Semifinales<\/strong><\/p>\n\n\n\n<p>16.40 Sacachispas \/ Newelsitos (Veteranos)<\/p>\n\n\n\n<p>18.00 Desp. Kiara \/  Racing FDM (veteranos)<\/p>\n\n\n\n<p>19.15  La Sub 21 \/ PSG Pibes Sin Gloria (Libre)<\/p>\n\n\n\n<p>20.30 Los de Siempre \/ Un Poco de Ruido (Libre)<br><\/p>\n\n\n\n<p>Domingo 29<\/p>\n\n\n\n<p>3\u00b0 puesto<br><\/p>\n\n\n\n<p>16.00 Veteranos<br><\/p>\n\n\n\n<p>17.00 Libre<\/p>\n\n\n\n<p><strong>Finales<\/strong><\/p>\n\n\n\n<p>18.30  Veteranos<br><\/p>\n\n\n\n<p>20.00 Libre<\/p>\n\n\n\n<p>Al finalizar se realizar\u00e1 la entrega de premios de ambas categor\u00edas.<\/p>\n<div class='epvc-post-count'><span class='epvc-eye'><\/span>  <span class=\"epvc-count\"> 770<\/span><span class='epvc-label'> veces le\u00edda<\/span><\/div>\n<div class=\"jwsharethis\">\nShare this: \n<br \/>\n<a href=\"mailto:?subject=Se%20define%20la%20primera%20edici%C3%B3n&amp;body=https%3A%2F%2Flabestiadeportiva.com%2Flbd%2Fse-define-la-primera-edicion%2F\">\n<img src=\"https:\/\/labestiadeportiva.com\/lbd\/wp-content\/plugins\/jw-share-this\/email.png\" alt=\"Share this page via Email\" \/>\n<\/a>\n<a target=\"_blank\" href=\"http:\/\/www.stumbleupon.com\/submit?url=https%3A%2F%2Flabestiadeportiva.com%2Flbd%2Fse-define-la-primera-edicion%2F&amp;title=Se+define+la+primera+edici%C3%B3n\">\n<img src=\"https:\/\/labestiadeportiva.com\/lbd\/wp-content\/plugins\/jw-share-this\/su.png\" alt=\"Share this page via Stumble Upon\" \/>\n<\/a>\n<a target=\"_blank\" href=\"http:\/\/digg.com\/submit?url=https%3A%2F%2Flabestiadeportiva.com%2Flbd%2Fse-define-la-primera-edicion%2F&amp;title=Se+define+la+primera+edici%C3%B3n\">\n<img src=\"https:\/\/labestiadeportiva.com\/lbd\/wp-content\/plugins\/jw-share-this\/digg.png\" alt=\"Share this page via Digg this\" \/>\n<\/a>\n<a target=\"_blank\" href=\"http:\/\/www.facebook.com\/sharer.php?u=https%3A%2F%2Flabestiadeportiva.com%2Flbd%2Fse-define-la-primera-edicion%2F&amp;t=Se+define+la+primera+edici%C3%B3n\">\n<img src=\"https:\/\/labestiadeportiva.com\/lbd\/wp-content\/plugins\/jw-share-this\/fb.png\" alt=\"Share this page via Facebook\" \/>\n<\/a>\n<a target=\"_blank\" href=\"http:\/\/twitter.com\/intent\/tweet?text=I+like+https%3A%2F%2Flabestiadeportiva.com%2Flbd%2Fse-define-la-primera-edicion%2F&amp;title=Se+define+la+primera+edici%C3%B3n\">\n<img src=\"https:\/\/labestiadeportiva.com\/lbd\/wp-content\/plugins\/jw-share-this\/twitter.png\" alt=\"Share this page via Twitter\" \/>\n<\/a>\n<\/div>\n","protected":false},"excerpt":{"rendered":"<p>Este fin de semana concluir\u00e1 la \u00abCopa Pelusa\u00bb de f\u00fatbol 7 organizada por el Club Atl\u00e9tico de la Educaci\u00f3n Fueguina en su cancha, el \u00abGigante del Fin del Mundo\u00bb. El s\u00e1bado desde las 16.40 se disputar\u00e1n las semifinales mientras que la definici\u00f3n de ambas categor\u00edas llegar\u00e1 el domingo a partir de las 18.30 horas. Desde &hellip; <a href=\"https:\/\/labestiadeportiva.com\/lbd\/se-define-la-primera-edicion\/\" class=\"more-link\">Seguir leyendo <span class=\"screen-reader-text\">Se define la primera edici\u00f3n<\/span> <span class=\"meta-nav\">&rarr;<\/span><\/a><\/p>\n","protected":false},"author":1,"featured_media":0,"comment_status":"open","ping_status":"open","sticky":false,"template":"","format":"standard","meta":[],"categories":[5,5485,1],"tags":[2550,5473,2335,83],"_links":{"self":[{"href":"https:\/\/labestiadeportiva.com\/lbd\/wp-json\/wp\/v2\/posts\/51362"}],"collection":[{"href":"https:\/\/labestiadeportiva.com\/lbd\/wp-json\/wp\/v2\/posts"}],"about":[{"href":"https:\/\/labestiadeportiva.com\/lbd\/wp-json\/wp\/v2\/types\/post"}],"author":[{"embeddable":true,"href":"https:\/\/labestiadeportiva.com\/lbd\/wp-json\/wp\/v2\/users\/1"}],"replies":[{"embeddable":true,"href":"https:\/\/labestiadeportiva.com\/lbd\/wp-json\/wp\/v2\/comments?post=51362"}],"version-history":[{"count":1,"href":"https:\/\/labestiadeportiva.com\/lbd\/wp-json\/wp\/v2\/posts\/51362\/revisions"}],"predecessor-version":[{"id":51372,"href":"https:\/\/labestiadeportiva.com\/lbd\/wp-json\/wp\/v2\/posts\/51362\/revisions\/51372"}],"wp:attachment":[{"href":"https:\/\/labestiadeportiva.com\/lbd\/wp-json\/wp\/v2\/media?parent=51362"}],"wp:term":[{"taxonomy":"category","embeddable":true,"href":"https:\/\/labestiadeportiva.com\/lbd\/wp-json\/wp\/v2\/categories?post=51362"},{"taxonomy":"post_tag","embeddable":true,"href":"https:\/\/labestiadeportiva.com\/lbd\/wp-json\/wp\/v2\/tags?post=51362"}],"curies":[{"name":"wp","href":"https:\/\/api.w.org\/{rel}","templated":true}]}}