{"id":51383,"date":"2024-12-30T21:54:09","date_gmt":"2024-12-31T00:54:09","guid":{"rendered":"http:\/\/labestiadeportiva.com\/lbd\/?p=51383"},"modified":"2024-12-30T22:25:46","modified_gmt":"2024-12-31T01:25:46","slug":"ahora-falta-la-parte-mas-importante-meterme-cada-vez-mas-en-los-torneos-internacionales-y-conseguir-puntos-audio","status":"publish","type":"post","link":"https:\/\/labestiadeportiva.com\/lbd\/ahora-falta-la-parte-mas-importante-meterme-cada-vez-mas-en-los-torneos-internacionales-y-conseguir-puntos-audio\/","title":{"rendered":"\u00abAhora falta la parte m\u00e1s importante, meterme cada vez m\u00e1s en los torneos internacionales y conseguir puntos\u00bb (Audio)"},"content":{"rendered":"\n<figure class=\"wp-block-image size-large\"><a href=\"http:\/\/labestiadeportiva.com\/lbd\/wp-content\/uploads\/2024\/12\/1000618581.png\"><img loading=\"lazy\" width=\"1024\" height=\"872\" src=\"http:\/\/labestiadeportiva.com\/lbd\/wp-content\/uploads\/2024\/12\/1000618581-1024x872.png\" alt=\"\" class=\"wp-image-51384\" srcset=\"https:\/\/labestiadeportiva.com\/lbd\/wp-content\/uploads\/2024\/12\/1000618581-1024x872.png 1024w, https:\/\/labestiadeportiva.com\/lbd\/wp-content\/uploads\/2024\/12\/1000618581-300x256.png 300w, https:\/\/labestiadeportiva.com\/lbd\/wp-content\/uploads\/2024\/12\/1000618581-768x654.png 768w, https:\/\/labestiadeportiva.com\/lbd\/wp-content\/uploads\/2024\/12\/1000618581-640x545.png 640w, https:\/\/labestiadeportiva.com\/lbd\/wp-content\/uploads\/2024\/12\/1000618581.png 1080w\" sizes=\"(max-width: 1024px) 100vw, 1024px\" \/><\/a><\/figure>\n\n\n\n<figure class=\"wp-block-image size-full is-resized\"><a href=\"http:\/\/labestiadeportiva.com\/lbd\/wp-content\/uploads\/2022\/11\/CARA_PEREZ-2.jpg\"><img loading=\"lazy\" src=\"http:\/\/labestiadeportiva.com\/lbd\/wp-content\/uploads\/2022\/11\/CARA_PEREZ-2.jpg\" alt=\"\" class=\"wp-image-43576\" width=\"362\" height=\"74\" srcset=\"https:\/\/labestiadeportiva.com\/lbd\/wp-content\/uploads\/2022\/11\/CARA_PEREZ-2.jpg 600w, https:\/\/labestiadeportiva.com\/lbd\/wp-content\/uploads\/2022\/11\/CARA_PEREZ-2-300x62.jpg 300w\" sizes=\"(max-width: 362px) 100vw, 362px\" \/><\/a><\/figure>\n\n\n\n<p>El joven tenista ushuaiense, Valent\u00edn Garay, cerr\u00f3 su mejor temporada desde que se encuentra en el continente.<\/p>\n\n\n\n<p>El fueguino, que cumplir\u00e1 18 a\u00f1os el pr\u00f3ximo mes de marzo, se encuentra n\u00famero 26 en el ranking mundial de su categor\u00eda.<\/p>\n\n\n\n<p>En su breve paso por la capital provincial visit\u00f3 los estudios de la 99.9 Radio Provincia haciendo un balance de lo vivido en los \u00faltimos 12 meses de su promisoria carrera.<\/p>\n\n\n\n<!--more-->\n\n\n\n<figure class=\"wp-block-embed is-type-video is-provider-youtube wp-block-embed-youtube wp-embed-aspect-4-3 wp-has-aspect-ratio\"><div class=\"wp-block-embed__wrapper\">\n<iframe loading=\"lazy\" title=\"Audio Valent\u00edn Garay\" width=\"474\" height=\"356\" src=\"https:\/\/www.youtube.com\/embed\/Gsr5UDX9W7A?feature=oembed\" frameborder=\"0\" allow=\"accelerometer; autoplay; clipboard-write; encrypted-media; gyroscope; picture-in-picture; web-share\" referrerpolicy=\"strict-origin-when-cross-origin\" allowfullscreen><\/iframe>\n<\/div><\/figure>\n<div class='epvc-post-count'><span class='epvc-eye'><\/span>  <span class=\"epvc-count\"> 794<\/span><span class='epvc-label'> veces le\u00edda<\/span><\/div>\n<div class=\"jwsharethis\">\nShare this: \n<br \/>\n<a href=\"mailto:?subject=%C2%ABAhora%20falta%20la%20parte%20m%C3%A1s%20importante%2C%20meterme%20cada%20vez%20m%C3%A1s%20en%20los%20torneos%20internacionales%20y%20conseguir%20puntos%C2%BB%20%28Audio%29&amp;body=https%3A%2F%2Flabestiadeportiva.com%2Flbd%2Fahora-falta-la-parte-mas-importante-meterme-cada-vez-mas-en-los-torneos-internacionales-y-conseguir-puntos-audio%2F\">\n<img src=\"https:\/\/labestiadeportiva.com\/lbd\/wp-content\/plugins\/jw-share-this\/email.png\" alt=\"Share this page via Email\" \/>\n<\/a>\n<a target=\"_blank\" href=\"http:\/\/www.stumbleupon.com\/submit?url=https%3A%2F%2Flabestiadeportiva.com%2Flbd%2Fahora-falta-la-parte-mas-importante-meterme-cada-vez-mas-en-los-torneos-internacionales-y-conseguir-puntos-audio%2F&amp;title=%C2%ABAhora+falta+la+parte+m%C3%A1s+importante%2C+meterme+cada+vez+m%C3%A1s+en+los+torneos+internacionales+y+conseguir+puntos%C2%BB+%28Audio%29\">\n<img src=\"https:\/\/labestiadeportiva.com\/lbd\/wp-content\/plugins\/jw-share-this\/su.png\" alt=\"Share this page via Stumble Upon\" \/>\n<\/a>\n<a target=\"_blank\" href=\"http:\/\/digg.com\/submit?url=https%3A%2F%2Flabestiadeportiva.com%2Flbd%2Fahora-falta-la-parte-mas-importante-meterme-cada-vez-mas-en-los-torneos-internacionales-y-conseguir-puntos-audio%2F&amp;title=%C2%ABAhora+falta+la+parte+m%C3%A1s+importante%2C+meterme+cada+vez+m%C3%A1s+en+los+torneos+internacionales+y+conseguir+puntos%C2%BB+%28Audio%29\">\n<img src=\"https:\/\/labestiadeportiva.com\/lbd\/wp-content\/plugins\/jw-share-this\/digg.png\" alt=\"Share this page via Digg this\" \/>\n<\/a>\n<a target=\"_blank\" href=\"http:\/\/www.facebook.com\/sharer.php?u=https%3A%2F%2Flabestiadeportiva.com%2Flbd%2Fahora-falta-la-parte-mas-importante-meterme-cada-vez-mas-en-los-torneos-internacionales-y-conseguir-puntos-audio%2F&amp;t=%C2%ABAhora+falta+la+parte+m%C3%A1s+importante%2C+meterme+cada+vez+m%C3%A1s+en+los+torneos+internacionales+y+conseguir+puntos%C2%BB+%28Audio%29\">\n<img src=\"https:\/\/labestiadeportiva.com\/lbd\/wp-content\/plugins\/jw-share-this\/fb.png\" alt=\"Share this page via Facebook\" \/>\n<\/a>\n<a target=\"_blank\" href=\"http:\/\/twitter.com\/intent\/tweet?text=I+like+https%3A%2F%2Flabestiadeportiva.com%2Flbd%2Fahora-falta-la-parte-mas-importante-meterme-cada-vez-mas-en-los-torneos-internacionales-y-conseguir-puntos-audio%2F&amp;title=%C2%ABAhora+falta+la+parte+m%C3%A1s+importante%2C+meterme+cada+vez+m%C3%A1s+en+los+torneos+internacionales+y+conseguir+puntos%C2%BB+%28Audio%29\">\n<img src=\"https:\/\/labestiadeportiva.com\/lbd\/wp-content\/plugins\/jw-share-this\/twitter.png\" alt=\"Share this page via Twitter\" \/>\n<\/a>\n<\/div>\n","protected":false},"excerpt":{"rendered":"<p>El joven tenista ushuaiense, Valent\u00edn Garay, cerr\u00f3 su mejor temporada desde que se encuentra en el continente. El fueguino, que cumplir\u00e1 18 a\u00f1os el pr\u00f3ximo mes de marzo, se encuentra n\u00famero 26 en el ranking mundial de su categor\u00eda. En su breve paso por la capital provincial visit\u00f3 los estudios de la 99.9 Radio Provincia &hellip; <a href=\"https:\/\/labestiadeportiva.com\/lbd\/ahora-falta-la-parte-mas-importante-meterme-cada-vez-mas-en-los-torneos-internacionales-y-conseguir-puntos-audio\/\" class=\"more-link\">Seguir leyendo <span class=\"screen-reader-text\">\u00abAhora falta la parte m\u00e1s importante, meterme cada vez m\u00e1s en los torneos internacionales y conseguir puntos\u00bb (Audio)<\/span> <span class=\"meta-nav\">&rarr;<\/span><\/a><\/p>\n","protected":false},"author":1,"featured_media":0,"comment_status":"open","ping_status":"open","sticky":false,"template":"","format":"standard","meta":[],"categories":[5,4,6,60,1,3298],"tags":[5486,4838,34,4443],"_links":{"self":[{"href":"https:\/\/labestiadeportiva.com\/lbd\/wp-json\/wp\/v2\/posts\/51383"}],"collection":[{"href":"https:\/\/labestiadeportiva.com\/lbd\/wp-json\/wp\/v2\/posts"}],"about":[{"href":"https:\/\/labestiadeportiva.com\/lbd\/wp-json\/wp\/v2\/types\/post"}],"author":[{"embeddable":true,"href":"https:\/\/labestiadeportiva.com\/lbd\/wp-json\/wp\/v2\/users\/1"}],"replies":[{"embeddable":true,"href":"https:\/\/labestiadeportiva.com\/lbd\/wp-json\/wp\/v2\/comments?post=51383"}],"version-history":[{"count":2,"href":"https:\/\/labestiadeportiva.com\/lbd\/wp-json\/wp\/v2\/posts\/51383\/revisions"}],"predecessor-version":[{"id":51386,"href":"https:\/\/labestiadeportiva.com\/lbd\/wp-json\/wp\/v2\/posts\/51383\/revisions\/51386"}],"wp:attachment":[{"href":"https:\/\/labestiadeportiva.com\/lbd\/wp-json\/wp\/v2\/media?parent=51383"}],"wp:term":[{"taxonomy":"category","embeddable":true,"href":"https:\/\/labestiadeportiva.com\/lbd\/wp-json\/wp\/v2\/categories?post=51383"},{"taxonomy":"post_tag","embeddable":true,"href":"https:\/\/labestiadeportiva.com\/lbd\/wp-json\/wp\/v2\/tags?post=51383"}],"curies":[{"name":"wp","href":"https:\/\/api.w.org\/{rel}","templated":true}]}}