{"id":51391,"date":"2025-01-02T15:11:50","date_gmt":"2025-01-02T18:11:50","guid":{"rendered":"http:\/\/labestiadeportiva.com\/lbd\/?p=51391"},"modified":"2025-01-02T15:11:53","modified_gmt":"2025-01-02T18:11:53","slug":"despensa-kiara-y-la-sub-21-duenos-de-la-primera-edicion","status":"publish","type":"post","link":"https:\/\/labestiadeportiva.com\/lbd\/despensa-kiara-y-la-sub-21-duenos-de-la-primera-edicion\/","title":{"rendered":"Despensa Kiara y La Sub 21, due\u00f1os de la primera edici\u00f3n"},"content":{"rendered":"\n<figure class=\"wp-block-image size-large\"><a href=\"http:\/\/labestiadeportiva.com\/lbd\/wp-content\/uploads\/2025\/01\/1000623328-scaled.jpg\"><img loading=\"lazy\" width=\"769\" height=\"1024\" src=\"http:\/\/labestiadeportiva.com\/lbd\/wp-content\/uploads\/2025\/01\/1000623328-769x1024.jpg\" alt=\"\" class=\"wp-image-51392\" srcset=\"https:\/\/labestiadeportiva.com\/lbd\/wp-content\/uploads\/2025\/01\/1000623328-769x1024.jpg 769w, https:\/\/labestiadeportiva.com\/lbd\/wp-content\/uploads\/2025\/01\/1000623328-225x300.jpg 225w, https:\/\/labestiadeportiva.com\/lbd\/wp-content\/uploads\/2025\/01\/1000623328-768x1023.jpg 768w, https:\/\/labestiadeportiva.com\/lbd\/wp-content\/uploads\/2025\/01\/1000623328-1153x1536.jpg 1153w, https:\/\/labestiadeportiva.com\/lbd\/wp-content\/uploads\/2025\/01\/1000623328-1538x2048.jpg 1538w, https:\/\/labestiadeportiva.com\/lbd\/wp-content\/uploads\/2025\/01\/1000623328-640x852.jpg 640w, https:\/\/labestiadeportiva.com\/lbd\/wp-content\/uploads\/2025\/01\/1000623328-scaled.jpg 1922w\" sizes=\"(max-width: 769px) 100vw, 769px\" \/><\/a><\/figure>\n\n\n\n<figure class=\"wp-block-image size-full is-resized\"><a href=\"http:\/\/labestiadeportiva.com\/lbd\/wp-content\/uploads\/2022\/11\/CARA_PEREZ-2.jpg\"><img loading=\"lazy\" src=\"http:\/\/labestiadeportiva.com\/lbd\/wp-content\/uploads\/2022\/11\/CARA_PEREZ-2.jpg\" alt=\"\" class=\"wp-image-43576\" width=\"366\" height=\"75\" srcset=\"https:\/\/labestiadeportiva.com\/lbd\/wp-content\/uploads\/2022\/11\/CARA_PEREZ-2.jpg 600w, https:\/\/labestiadeportiva.com\/lbd\/wp-content\/uploads\/2022\/11\/CARA_PEREZ-2-300x62.jpg 300w\" sizes=\"(max-width: 366px) 100vw, 366px\" \/><\/a><\/figure>\n\n\n\n<p>En el \u00faltimo fin de semana del 2024 lleg\u00f3 la definici\u00f3n de la \u00abCopa Pelusa\u00bb.  La competencia de f\u00fatbol 7, organizada por el Club Atl\u00e9tico de la Educaci\u00f3n Fueguina entreg\u00f3 dos emotivas finales.<\/p>\n\n\n\n<p>Despensa Kiara se impuso a Newelsitos por 3 a 2 en Veteranos mientras que en el segmento Libre La Sub 21 hizo lo propio ante Un Poco de Ruido haci\u00e9ndolo por penales (4 a 2) luego de empatar en 1 durante el tiempo reglamentario.<\/p>\n\n\n\n<!--more-->\n\n\n\n<figure class=\"wp-block-image size-large\"><a href=\"http:\/\/labestiadeportiva.com\/lbd\/wp-content\/uploads\/2025\/01\/1000616184-scaled.jpg\"><img loading=\"lazy\" width=\"1024\" height=\"576\" src=\"http:\/\/labestiadeportiva.com\/lbd\/wp-content\/uploads\/2025\/01\/1000616184-1024x576.jpg\" alt=\"\" class=\"wp-image-51393\" srcset=\"https:\/\/labestiadeportiva.com\/lbd\/wp-content\/uploads\/2025\/01\/1000616184-1024x576.jpg 1024w, https:\/\/labestiadeportiva.com\/lbd\/wp-content\/uploads\/2025\/01\/1000616184-300x169.jpg 300w, https:\/\/labestiadeportiva.com\/lbd\/wp-content\/uploads\/2025\/01\/1000616184-768x432.jpg 768w, https:\/\/labestiadeportiva.com\/lbd\/wp-content\/uploads\/2025\/01\/1000616184-1536x864.jpg 1536w, https:\/\/labestiadeportiva.com\/lbd\/wp-content\/uploads\/2025\/01\/1000616184-2048x1153.jpg 2048w, https:\/\/labestiadeportiva.com\/lbd\/wp-content\/uploads\/2025\/01\/1000616184-640x360.jpg 640w\" sizes=\"(max-width: 1024px) 100vw, 1024px\" \/><\/a><\/figure>\n\n\n\n<p>Concluy\u00f3 el novedoso torneo de futbol reducido que el CAEF realiz\u00f3 en el \u00abGigante del FDM\u00bb adaptando las dimensiones del sint\u00e9tico \u00ab\u00c1ngel Puljiz\u00bb.<\/p>\n\n\n\n<p>Luego de las semifinales de la jornada sabatina qued\u00f3 todo dispuesto para la definici\u00f3n del domingo que lleg\u00f3 pasados algunos minutos de las 18.30 horas.<\/p>\n\n\n\n<p>El primer duelo fue para los veteranos con un interesante choque entre Kiara y Newelsitos que reci\u00e9n iba a definirse en el complemento. La primera mitad finaliz\u00f3 igualada en un tanto. <\/p>\n\n\n\n<p>Promediando el segundo tiempo aparecieron dos tantos de Kiara para poner las cosas 3 a 1, con el aporte goleador de siempre de Dante Vis\u00f1uk.<\/p>\n\n\n\n<p>Cuando parec\u00eda cosa sentenciada apareci\u00f3 el descuento de Newelsitos que le puso algo de incertidumbre al final. Luego de varios intentos de los dos lados llegar\u00eda el final, 3 a 2 para Despensa Kiara quien vuelve a gritar campe\u00f3n.<\/p>\n\n\n\n<p>A la hora de la categor\u00eda libre fue un lujo volver a ver a jugadores del \u00e1mbito local y otros que nos representan en el continente dentro de los finalistas de La Sub 21 y Un Poco de Ruido.<\/p>\n\n\n\n<p>Exponentes de f\u00fatbol 11 y Futsal AFA como Bogado, Girotti, Godoy, Grandis, S\u00e1nchez y Garay entre otros. <\/p>\n\n\n\n<p>El inoxidable Mauricio \u00abOkocha\u00bb Martinez abrir\u00eda el marcador para los experimentados de \u00abUn Poco de Ruido\u00bb, resultado parcial con el que finalizar\u00eda la primera mitad.<\/p>\n\n\n\n<p>Ya en el complemento los \u00abjuveniles\u00bb de La Sub 21 lograr\u00edan la igualdad a trav\u00e9s de Garay. La intensidad, din\u00e1mica y situaciones de gol se mantuvieron hasta el cierre aunque el marcador qued\u00f3 inalterable mandando la definici\u00f3n a los penales.<\/p>\n\n\n\n<p>All\u00ed apareci\u00f3 la figura de Jorge \u00abCoco\u00bb Vidal, el arquero de los \u00abpibes\u00bb quien tap\u00f3 los disparos de \u00abFran\u00bb Martinez y el \u00abMartillo\u00bb Girotti. 4 a 2 para la Sub 21 que se qued\u00f3 con el premio mayor.<\/p>\n\n\n\n<p>Cierre perfecto para esta gran idea que tuvo como cara visible al \u00abProfe\u00bb Diego S\u00e1nchez quien nos adelant\u00f3 la intenci\u00f3n de que la Copa quede en el calendario y quiz\u00e1s hasta agregarle alguna otra categor\u00eda.<\/p>\n\n\n\n<p>En un fin de semana \u00abde verano\u00bb en el Fin del Mundo la Copa Pelusa entreg\u00f3 sus primeros campeones.<\/p>\n\n\n\n<figure class=\"wp-block-image size-large\"><a href=\"http:\/\/labestiadeportiva.com\/lbd\/wp-content\/uploads\/2025\/01\/1000616158-scaled.jpg\"><img loading=\"lazy\" width=\"1024\" height=\"576\" src=\"http:\/\/labestiadeportiva.com\/lbd\/wp-content\/uploads\/2025\/01\/1000616158-1024x576.jpg\" alt=\"\" class=\"wp-image-51395\" srcset=\"https:\/\/labestiadeportiva.com\/lbd\/wp-content\/uploads\/2025\/01\/1000616158-1024x576.jpg 1024w, https:\/\/labestiadeportiva.com\/lbd\/wp-content\/uploads\/2025\/01\/1000616158-300x169.jpg 300w, https:\/\/labestiadeportiva.com\/lbd\/wp-content\/uploads\/2025\/01\/1000616158-768x432.jpg 768w, https:\/\/labestiadeportiva.com\/lbd\/wp-content\/uploads\/2025\/01\/1000616158-1536x864.jpg 1536w, https:\/\/labestiadeportiva.com\/lbd\/wp-content\/uploads\/2025\/01\/1000616158-2048x1153.jpg 2048w, https:\/\/labestiadeportiva.com\/lbd\/wp-content\/uploads\/2025\/01\/1000616158-640x360.jpg 640w\" sizes=\"(max-width: 1024px) 100vw, 1024px\" \/><\/a><\/figure>\n\n\n\n<p><strong>Posiciones Finales<\/strong><\/p>\n\n\n\n<p><strong>Categor\u00eda Libre<\/strong><\/p>\n\n\n\n<p><strong>Campe\u00f3n: La Sub 21<\/strong><\/p>\n\n\n\n<p>Subcampeon:  Un Poco de Ruido<\/p>\n\n\n\n<p>3\u00b0 puesto: PSG (Pibes Sin Gloria)<\/p>\n\n\n\n<p>Valla Menos Vencida:  Javier Ortega (Un Poco de Ruido)<\/p>\n\n\n\n<p>Goleador: Lucas Brun (Richard FC)<\/p>\n\n\n\n<p>Mejor Jugador:  Thomas Garay (La Sub21) <\/p>\n\n\n\n<p><strong>Veteranos<\/strong><\/p>\n\n\n\n<p><strong>Campe\u00f3n:  Despensa Kiara<\/strong><\/p>\n\n\n\n<p>Subcampe\u00f3n: Newelsitos<\/p>\n\n\n\n<p>3\u00b0 Puesto:  Racing FDM<\/p>\n\n\n\n<p>Valla Menos Vencida:  Newelsitos<\/p>\n\n\n\n<p>Goleadores: Dante Vis\u00f1uk,  Manolo Torres, Jos\u00e9 Carreras (Despensa Kiara)<\/p>\n\n\n\n<p>Mejor Jugador: Ivan Vargas (Despensa Kiara)<\/p>\n\n\n\n<figure class=\"wp-block-image size-large\"><a href=\"http:\/\/labestiadeportiva.com\/lbd\/wp-content\/uploads\/2025\/01\/1000623470.jpg\"><img loading=\"lazy\" width=\"1024\" height=\"855\" src=\"http:\/\/labestiadeportiva.com\/lbd\/wp-content\/uploads\/2025\/01\/1000623470-1024x855.jpg\" alt=\"\" class=\"wp-image-51394\" srcset=\"https:\/\/labestiadeportiva.com\/lbd\/wp-content\/uploads\/2025\/01\/1000623470-1024x855.jpg 1024w, https:\/\/labestiadeportiva.com\/lbd\/wp-content\/uploads\/2025\/01\/1000623470-300x251.jpg 300w, https:\/\/labestiadeportiva.com\/lbd\/wp-content\/uploads\/2025\/01\/1000623470-768x641.jpg 768w, https:\/\/labestiadeportiva.com\/lbd\/wp-content\/uploads\/2025\/01\/1000623470-640x535.jpg 640w, https:\/\/labestiadeportiva.com\/lbd\/wp-content\/uploads\/2025\/01\/1000623470.jpg 1080w\" sizes=\"(max-width: 1024px) 100vw, 1024px\" \/><\/a><\/figure>\n<div class='epvc-post-count'><span class='epvc-eye'><\/span>  <span class=\"epvc-count\"> 1.000<\/span><span class='epvc-label'> veces le\u00edda<\/span><\/div>\n<div class=\"jwsharethis\">\nShare this: \n<br \/>\n<a href=\"mailto:?subject=Despensa%20Kiara%20y%20La%20Sub%2021%2C%20due%C3%B1os%20de%20la%20primera%20edici%C3%B3n&amp;body=https%3A%2F%2Flabestiadeportiva.com%2Flbd%2Fdespensa-kiara-y-la-sub-21-duenos-de-la-primera-edicion%2F\">\n<img src=\"https:\/\/labestiadeportiva.com\/lbd\/wp-content\/plugins\/jw-share-this\/email.png\" alt=\"Share this page via Email\" \/>\n<\/a>\n<a target=\"_blank\" href=\"http:\/\/www.stumbleupon.com\/submit?url=https%3A%2F%2Flabestiadeportiva.com%2Flbd%2Fdespensa-kiara-y-la-sub-21-duenos-de-la-primera-edicion%2F&amp;title=Despensa+Kiara+y+La+Sub+21%2C+due%C3%B1os+de+la+primera+edici%C3%B3n\">\n<img src=\"https:\/\/labestiadeportiva.com\/lbd\/wp-content\/plugins\/jw-share-this\/su.png\" alt=\"Share this page via Stumble Upon\" \/>\n<\/a>\n<a target=\"_blank\" href=\"http:\/\/digg.com\/submit?url=https%3A%2F%2Flabestiadeportiva.com%2Flbd%2Fdespensa-kiara-y-la-sub-21-duenos-de-la-primera-edicion%2F&amp;title=Despensa+Kiara+y+La+Sub+21%2C+due%C3%B1os+de+la+primera+edici%C3%B3n\">\n<img src=\"https:\/\/labestiadeportiva.com\/lbd\/wp-content\/plugins\/jw-share-this\/digg.png\" alt=\"Share this page via Digg this\" \/>\n<\/a>\n<a target=\"_blank\" href=\"http:\/\/www.facebook.com\/sharer.php?u=https%3A%2F%2Flabestiadeportiva.com%2Flbd%2Fdespensa-kiara-y-la-sub-21-duenos-de-la-primera-edicion%2F&amp;t=Despensa+Kiara+y+La+Sub+21%2C+due%C3%B1os+de+la+primera+edici%C3%B3n\">\n<img src=\"https:\/\/labestiadeportiva.com\/lbd\/wp-content\/plugins\/jw-share-this\/fb.png\" alt=\"Share this page via Facebook\" \/>\n<\/a>\n<a target=\"_blank\" href=\"http:\/\/twitter.com\/intent\/tweet?text=I+like+https%3A%2F%2Flabestiadeportiva.com%2Flbd%2Fdespensa-kiara-y-la-sub-21-duenos-de-la-primera-edicion%2F&amp;title=Despensa+Kiara+y+La+Sub+21%2C+due%C3%B1os+de+la+primera+edici%C3%B3n\">\n<img src=\"https:\/\/labestiadeportiva.com\/lbd\/wp-content\/plugins\/jw-share-this\/twitter.png\" alt=\"Share this page via Twitter\" \/>\n<\/a>\n<\/div>\n","protected":false},"excerpt":{"rendered":"<p>En el \u00faltimo fin de semana del 2024 lleg\u00f3 la definici\u00f3n de la \u00abCopa Pelusa\u00bb. La competencia de f\u00fatbol 7, organizada por el Club Atl\u00e9tico de la Educaci\u00f3n Fueguina entreg\u00f3 dos emotivas finales. Despensa Kiara se impuso a Newelsitos por 3 a 2 en Veteranos mientras que en el segmento Libre La Sub 21 hizo &hellip; <a href=\"https:\/\/labestiadeportiva.com\/lbd\/despensa-kiara-y-la-sub-21-duenos-de-la-primera-edicion\/\" class=\"more-link\">Seguir leyendo <span class=\"screen-reader-text\">Despensa Kiara y La Sub 21, due\u00f1os de la primera edici\u00f3n<\/span> <span class=\"meta-nav\">&rarr;<\/span><\/a><\/p>\n","protected":false},"author":1,"featured_media":0,"comment_status":"open","ping_status":"open","sticky":false,"template":"","format":"standard","meta":[],"categories":[5,5485,1],"tags":[473,5473,2335,83],"_links":{"self":[{"href":"https:\/\/labestiadeportiva.com\/lbd\/wp-json\/wp\/v2\/posts\/51391"}],"collection":[{"href":"https:\/\/labestiadeportiva.com\/lbd\/wp-json\/wp\/v2\/posts"}],"about":[{"href":"https:\/\/labestiadeportiva.com\/lbd\/wp-json\/wp\/v2\/types\/post"}],"author":[{"embeddable":true,"href":"https:\/\/labestiadeportiva.com\/lbd\/wp-json\/wp\/v2\/users\/1"}],"replies":[{"embeddable":true,"href":"https:\/\/labestiadeportiva.com\/lbd\/wp-json\/wp\/v2\/comments?post=51391"}],"version-history":[{"count":1,"href":"https:\/\/labestiadeportiva.com\/lbd\/wp-json\/wp\/v2\/posts\/51391\/revisions"}],"predecessor-version":[{"id":51396,"href":"https:\/\/labestiadeportiva.com\/lbd\/wp-json\/wp\/v2\/posts\/51391\/revisions\/51396"}],"wp:attachment":[{"href":"https:\/\/labestiadeportiva.com\/lbd\/wp-json\/wp\/v2\/media?parent=51391"}],"wp:term":[{"taxonomy":"category","embeddable":true,"href":"https:\/\/labestiadeportiva.com\/lbd\/wp-json\/wp\/v2\/categories?post=51391"},{"taxonomy":"post_tag","embeddable":true,"href":"https:\/\/labestiadeportiva.com\/lbd\/wp-json\/wp\/v2\/tags?post=51391"}],"curies":[{"name":"wp","href":"https:\/\/api.w.org\/{rel}","templated":true}]}}