{"id":51412,"date":"2025-01-07T16:54:43","date_gmt":"2025-01-07T19:54:43","guid":{"rendered":"http:\/\/labestiadeportiva.com\/lbd\/?p=51412"},"modified":"2025-01-07T16:54:45","modified_gmt":"2025-01-07T19:54:45","slug":"esta-es-mi-cuarta-temporada-en-el-club-audio","status":"publish","type":"post","link":"https:\/\/labestiadeportiva.com\/lbd\/esta-es-mi-cuarta-temporada-en-el-club-audio\/","title":{"rendered":"\u00abEsta es mi cuarta temporada en el club\u00bb (Audio)"},"content":{"rendered":"\n<figure class=\"wp-block-image size-full\"><a href=\"http:\/\/labestiadeportiva.com\/lbd\/wp-content\/uploads\/2025\/01\/1000631661.jpg\"><img loading=\"lazy\" width=\"720\" height=\"609\" src=\"http:\/\/labestiadeportiva.com\/lbd\/wp-content\/uploads\/2025\/01\/1000631661.jpg\" alt=\"\" class=\"wp-image-51413\" srcset=\"https:\/\/labestiadeportiva.com\/lbd\/wp-content\/uploads\/2025\/01\/1000631661.jpg 720w, https:\/\/labestiadeportiva.com\/lbd\/wp-content\/uploads\/2025\/01\/1000631661-300x254.jpg 300w, https:\/\/labestiadeportiva.com\/lbd\/wp-content\/uploads\/2025\/01\/1000631661-640x541.jpg 640w\" sizes=\"(max-width: 720px) 100vw, 720px\" \/><\/a><\/figure>\n\n\n\n<figure class=\"wp-block-image size-full is-resized\"><a href=\"http:\/\/labestiadeportiva.com\/lbd\/wp-content\/uploads\/2022\/11\/CARA_PEREZ-2.jpg\"><img loading=\"lazy\" src=\"http:\/\/labestiadeportiva.com\/lbd\/wp-content\/uploads\/2022\/11\/CARA_PEREZ-2.jpg\" alt=\"\" class=\"wp-image-43576\" width=\"354\" height=\"72\" srcset=\"https:\/\/labestiadeportiva.com\/lbd\/wp-content\/uploads\/2022\/11\/CARA_PEREZ-2.jpg 600w, https:\/\/labestiadeportiva.com\/lbd\/wp-content\/uploads\/2022\/11\/CARA_PEREZ-2-300x62.jpg 300w\" sizes=\"(max-width: 354px) 100vw, 354px\" \/><\/a><\/figure>\n\n\n\n<p>Visita en los estudios de la 99.9 para el experimentado pivot de GELP, Mat\u00edas \u00abLagarto\u00bb Avenda\u00f1o.<\/p>\n\n\n\n<p>Repaso de su carrera nacional, an\u00e1lisis de la temporada que pas\u00f3, el futsal en TDF, su futuro como DT y proyecci\u00f3n 2025, los principales temas de la amena charla.<\/p>\n\n\n\n<p>Compartimos la entrevista lograda este lunes en Radio Provincia.<\/p>\n\n\n\n<!--more-->\n\n\n\n<figure class=\"wp-block-embed is-type-video is-provider-youtube wp-block-embed-youtube wp-embed-aspect-4-3 wp-has-aspect-ratio\"><div class=\"wp-block-embed__wrapper\">\n<iframe loading=\"lazy\" title=\"Audio Mat\u00edas &quot;Lagarto&quot; Avenda\u00f1o\" width=\"474\" height=\"356\" src=\"https:\/\/www.youtube.com\/embed\/kG5pcpOd6Pk?feature=oembed\" frameborder=\"0\" allow=\"accelerometer; autoplay; clipboard-write; encrypted-media; gyroscope; picture-in-picture; web-share\" referrerpolicy=\"strict-origin-when-cross-origin\" allowfullscreen><\/iframe>\n<\/div><\/figure>\n<div class='epvc-post-count'><span class='epvc-eye'><\/span>  <span class=\"epvc-count\"> 1.302<\/span><span class='epvc-label'> veces le\u00edda<\/span><\/div>\n<div class=\"jwsharethis\">\nShare this: \n<br \/>\n<a href=\"mailto:?subject=%C2%ABEsta%20es%20mi%20cuarta%20temporada%20en%20el%20club%C2%BB%20%28Audio%29&amp;body=https%3A%2F%2Flabestiadeportiva.com%2Flbd%2Festa-es-mi-cuarta-temporada-en-el-club-audio%2F\">\n<img src=\"https:\/\/labestiadeportiva.com\/lbd\/wp-content\/plugins\/jw-share-this\/email.png\" alt=\"Share this page via Email\" \/>\n<\/a>\n<a target=\"_blank\" href=\"http:\/\/www.stumbleupon.com\/submit?url=https%3A%2F%2Flabestiadeportiva.com%2Flbd%2Festa-es-mi-cuarta-temporada-en-el-club-audio%2F&amp;title=%C2%ABEsta+es+mi+cuarta+temporada+en+el+club%C2%BB+%28Audio%29\">\n<img src=\"https:\/\/labestiadeportiva.com\/lbd\/wp-content\/plugins\/jw-share-this\/su.png\" alt=\"Share this page via Stumble Upon\" \/>\n<\/a>\n<a target=\"_blank\" href=\"http:\/\/digg.com\/submit?url=https%3A%2F%2Flabestiadeportiva.com%2Flbd%2Festa-es-mi-cuarta-temporada-en-el-club-audio%2F&amp;title=%C2%ABEsta+es+mi+cuarta+temporada+en+el+club%C2%BB+%28Audio%29\">\n<img src=\"https:\/\/labestiadeportiva.com\/lbd\/wp-content\/plugins\/jw-share-this\/digg.png\" alt=\"Share this page via Digg this\" \/>\n<\/a>\n<a target=\"_blank\" href=\"http:\/\/www.facebook.com\/sharer.php?u=https%3A%2F%2Flabestiadeportiva.com%2Flbd%2Festa-es-mi-cuarta-temporada-en-el-club-audio%2F&amp;t=%C2%ABEsta+es+mi+cuarta+temporada+en+el+club%C2%BB+%28Audio%29\">\n<img src=\"https:\/\/labestiadeportiva.com\/lbd\/wp-content\/plugins\/jw-share-this\/fb.png\" alt=\"Share this page via Facebook\" \/>\n<\/a>\n<a target=\"_blank\" href=\"http:\/\/twitter.com\/intent\/tweet?text=I+like+https%3A%2F%2Flabestiadeportiva.com%2Flbd%2Festa-es-mi-cuarta-temporada-en-el-club-audio%2F&amp;title=%C2%ABEsta+es+mi+cuarta+temporada+en+el+club%C2%BB+%28Audio%29\">\n<img src=\"https:\/\/labestiadeportiva.com\/lbd\/wp-content\/plugins\/jw-share-this\/twitter.png\" alt=\"Share this page via Twitter\" \/>\n<\/a>\n<\/div>\n","protected":false},"excerpt":{"rendered":"<p>Visita en los estudios de la 99.9 para el experimentado pivot de GELP, Mat\u00edas \u00abLagarto\u00bb Avenda\u00f1o. Repaso de su carrera nacional, an\u00e1lisis de la temporada que pas\u00f3, el futsal en TDF, su futuro como DT y proyecci\u00f3n 2025, los principales temas de la amena charla. Compartimos la entrevista lograda este lunes en Radio Provincia. 1.302 &hellip; <a href=\"https:\/\/labestiadeportiva.com\/lbd\/esta-es-mi-cuarta-temporada-en-el-club-audio\/\" class=\"more-link\">Seguir leyendo <span class=\"screen-reader-text\">\u00abEsta es mi cuarta temporada en el club\u00bb (Audio)<\/span> <span class=\"meta-nav\">&rarr;<\/span><\/a><\/p>\n","protected":false},"author":1,"featured_media":0,"comment_status":"open","ping_status":"open","sticky":false,"template":"","format":"standard","meta":[],"categories":[5,6,60,2343,1],"tags":[4838,30,457,1408,83],"_links":{"self":[{"href":"https:\/\/labestiadeportiva.com\/lbd\/wp-json\/wp\/v2\/posts\/51412"}],"collection":[{"href":"https:\/\/labestiadeportiva.com\/lbd\/wp-json\/wp\/v2\/posts"}],"about":[{"href":"https:\/\/labestiadeportiva.com\/lbd\/wp-json\/wp\/v2\/types\/post"}],"author":[{"embeddable":true,"href":"https:\/\/labestiadeportiva.com\/lbd\/wp-json\/wp\/v2\/users\/1"}],"replies":[{"embeddable":true,"href":"https:\/\/labestiadeportiva.com\/lbd\/wp-json\/wp\/v2\/comments?post=51412"}],"version-history":[{"count":1,"href":"https:\/\/labestiadeportiva.com\/lbd\/wp-json\/wp\/v2\/posts\/51412\/revisions"}],"predecessor-version":[{"id":51414,"href":"https:\/\/labestiadeportiva.com\/lbd\/wp-json\/wp\/v2\/posts\/51412\/revisions\/51414"}],"wp:attachment":[{"href":"https:\/\/labestiadeportiva.com\/lbd\/wp-json\/wp\/v2\/media?parent=51412"}],"wp:term":[{"taxonomy":"category","embeddable":true,"href":"https:\/\/labestiadeportiva.com\/lbd\/wp-json\/wp\/v2\/categories?post=51412"},{"taxonomy":"post_tag","embeddable":true,"href":"https:\/\/labestiadeportiva.com\/lbd\/wp-json\/wp\/v2\/tags?post=51412"}],"curies":[{"name":"wp","href":"https:\/\/api.w.org\/{rel}","templated":true}]}}