{"id":51492,"date":"2025-01-19T16:52:51","date_gmt":"2025-01-19T19:52:51","guid":{"rendered":"http:\/\/labestiadeportiva.com\/lbd\/?p=51492"},"modified":"2025-01-19T16:58:06","modified_gmt":"2025-01-19T19:58:06","slug":"primera-victoria-para-al-rajhi","status":"publish","type":"post","link":"https:\/\/labestiadeportiva.com\/lbd\/primera-victoria-para-al-rajhi\/","title":{"rendered":"Primera victoria para Al Rajhi"},"content":{"rendered":"\n<figure class=\"wp-block-image size-full\"><a href=\"http:\/\/labestiadeportiva.com\/lbd\/wp-content\/uploads\/2025\/01\/1000651334.webp\"><img loading=\"lazy\" width=\"800\" height=\"450\" src=\"http:\/\/labestiadeportiva.com\/lbd\/wp-content\/uploads\/2025\/01\/1000651334.webp\" alt=\"\" class=\"wp-image-51501\" srcset=\"https:\/\/labestiadeportiva.com\/lbd\/wp-content\/uploads\/2025\/01\/1000651334.webp 800w, https:\/\/labestiadeportiva.com\/lbd\/wp-content\/uploads\/2025\/01\/1000651334-300x169.webp 300w, https:\/\/labestiadeportiva.com\/lbd\/wp-content\/uploads\/2025\/01\/1000651334-768x432.webp 768w, https:\/\/labestiadeportiva.com\/lbd\/wp-content\/uploads\/2025\/01\/1000651334-640x360.webp 640w\" sizes=\"(max-width: 800px) 100vw, 800px\" \/><\/a><\/figure>\n\n\n\n<p>(Colaboraci\u00f3n Especial para LBD Franco C\u00e1ceres)<\/p>\n\n\n\n<p>Tras dos intensas semanas de competencia la carrera m\u00e1s exigente del mundo, el Dakar, lleg\u00f3 a su fin. <\/p>\n\n\n\n<p>Yazeed Al Rajhi en autos, Daniel Sanders entre las motos, Canet en Rally 2, Gyenes dentro del segmento Original by Motul, la pareja argentina Cavigliaso\/Pertegarini en Challenger, Heger entre los SSV, el trinomio Macik\/Tomasek\/Svanda de punta a punta entre los \u00abGigantes del Desierto\u00bb, Juvanteny se qued\u00f3 con el triunfo en la categor\u00eda M1000 y finalmente Santaolalla en Classic fueron los ganadores 2025.<\/p>\n\n\n\n<figure class=\"wp-block-image size-large\"><a href=\"http:\/\/labestiadeportiva.com\/lbd\/wp-content\/uploads\/2025\/01\/1000651346.jpg\"><img loading=\"lazy\" width=\"1024\" height=\"683\" src=\"http:\/\/labestiadeportiva.com\/lbd\/wp-content\/uploads\/2025\/01\/1000651346-1024x683.jpg\" alt=\"\" class=\"wp-image-51502\" srcset=\"https:\/\/labestiadeportiva.com\/lbd\/wp-content\/uploads\/2025\/01\/1000651346-1024x683.jpg 1024w, https:\/\/labestiadeportiva.com\/lbd\/wp-content\/uploads\/2025\/01\/1000651346-300x200.jpg 300w, https:\/\/labestiadeportiva.com\/lbd\/wp-content\/uploads\/2025\/01\/1000651346-768x512.jpg 768w, https:\/\/labestiadeportiva.com\/lbd\/wp-content\/uploads\/2025\/01\/1000651346-1536x1024.jpg 1536w, https:\/\/labestiadeportiva.com\/lbd\/wp-content\/uploads\/2025\/01\/1000651346-640x427.jpg 640w, https:\/\/labestiadeportiva.com\/lbd\/wp-content\/uploads\/2025\/01\/1000651346.jpg 1980w\" sizes=\"(max-width: 1024px) 100vw, 1024px\" \/><\/a><\/figure>\n\n\n\n<!--more-->\n\n\n\n<p>El Rally Dakar 2025, celebrado en Arabia Saudita del 3 al 17 de enero, ofreci\u00f3 momentos destacados y una notable participaci\u00f3n argentina, c\u00f3mo la consagraci\u00f3n de Nicol\u00e1s Cavigliasso con su pareja Valentina Pertegarini.<\/p>\n\n\n\n<p>La edici\u00f3n estuvo marcada por avances hacia la sostenibilidad, tendr\u00e1 como legado la primera victoria de Yazeed Al-Rajhi en coches y Daniel Sanders entre las  motos.<\/p>\n\n\n\n<p>Argentina cont\u00f3 con 27 representantes que se desempe\u00f1aron en diversas categor\u00edas. En motos, Kevin y Luciano Benavides se destacaron en RallyGP, aunque no lograron luchar por el podio. <\/p>\n\n\n\n<p>En coches, Juan Cruz Yacopini, con una Toyota Hilux, fue el \u00fanico argentino y tuvo una actuaci\u00f3n correcta entre los mejores equipos. <\/p>\n\n\n\n<figure class=\"wp-block-image size-full\"><a href=\"http:\/\/labestiadeportiva.com\/lbd\/wp-content\/uploads\/2025\/01\/1000651338-1.png\"><img loading=\"lazy\" width=\"934\" height=\"586\" src=\"http:\/\/labestiadeportiva.com\/lbd\/wp-content\/uploads\/2025\/01\/1000651338-1.png\" alt=\"\" class=\"wp-image-51506\" srcset=\"https:\/\/labestiadeportiva.com\/lbd\/wp-content\/uploads\/2025\/01\/1000651338-1.png 934w, https:\/\/labestiadeportiva.com\/lbd\/wp-content\/uploads\/2025\/01\/1000651338-1-300x188.png 300w, https:\/\/labestiadeportiva.com\/lbd\/wp-content\/uploads\/2025\/01\/1000651338-1-768x482.png 768w, https:\/\/labestiadeportiva.com\/lbd\/wp-content\/uploads\/2025\/01\/1000651338-1-640x402.png 640w\" sizes=\"(max-width: 934px) 100vw, 934px\" \/><\/a><\/figure>\n\n\n\n<p>En SSV, Manuel And\u00fajar brill\u00f3 en su regreso a la competencia junto a Bernardo Graue, mientras que Nicol\u00e1s Cavigliasso y Valentina Pertegarini sumaron emoci\u00f3n en la Challenger.  Para Nicol\u00e1s, se trat\u00f3 de su segundo t\u00edtulo tras coronarse campe\u00f3n en 2019 en la categor\u00eda de cuatriciclos. <\/p>\n\n\n\n<p>El protagonismo argentino no qued\u00f3 solo en los resultados. Muchos de los pilotos nacionales se enfrentaron a problemas mec\u00e1nicos, incidentes y ajustes estrat\u00e9gicos en un Dakar que exigi\u00f3 al m\u00e1ximo las capacidades t\u00e9cnicas y humanas. <\/p>\n\n\n\n<p>El desgaste se not\u00f3 particularmente en las primeras etapas, donde varios sufrieron complicaciones clim\u00e1ticas.En esta edici\u00f3n, la organizaci\u00f3n avanz\u00f3 hacia un modelo m\u00e1s sostenible. <\/p>\n\n\n\n<p>Equipos como Repsol y Toyota demostraron que los combustibles renovables son viables para la competencia de \u00e9lite. Este enfoque es parte de un proyecto que promete emisiones cero para los pr\u00f3ximos a\u00f1os.<\/p>\n\n\n\n<figure class=\"wp-block-image size-full\"><a href=\"http:\/\/labestiadeportiva.com\/lbd\/wp-content\/uploads\/2025\/01\/1000651350.jpg\"><img loading=\"lazy\" width=\"781\" height=\"976\" src=\"http:\/\/labestiadeportiva.com\/lbd\/wp-content\/uploads\/2025\/01\/1000651350.jpg\" alt=\"\" class=\"wp-image-51503\" srcset=\"https:\/\/labestiadeportiva.com\/lbd\/wp-content\/uploads\/2025\/01\/1000651350.jpg 781w, https:\/\/labestiadeportiva.com\/lbd\/wp-content\/uploads\/2025\/01\/1000651350-240x300.jpg 240w, https:\/\/labestiadeportiva.com\/lbd\/wp-content\/uploads\/2025\/01\/1000651350-768x960.jpg 768w, https:\/\/labestiadeportiva.com\/lbd\/wp-content\/uploads\/2025\/01\/1000651350-640x800.jpg 640w\" sizes=\"(max-width: 781px) 100vw, 781px\" \/><\/a><\/figure>\n\n\n\n<p><strong>Los podios por categor\u00edas <\/strong><\/p>\n\n\n\n<p><strong>Coches<\/strong>:<\/p>\n\n\n\n<p>1\u00b0 Yazeed Al-Rajhi (Arabia Saudita) y Timo Gottschalk (Alemania) \u2013 Toyota Hilux Overdrive<\/p>\n\n\n\n<p>2\u00b0 Henk Lategan (Sud\u00e1frica) y Brett Cummings (Sud\u00e1frica) \u2013 Toyota GR DKR Hilux<\/p>\n\n\n\n<p>3\u00b0 Mattias Ekstr\u00f6m (Suecia) y Emil Bergkvist (Suecia) \u2013 Ford Raptor T1+<\/p>\n\n\n\n<p><strong>Motos<\/strong>:<\/p>\n\n\n\n<p>1\u00b0 Daniel Sanders (Australia) \u2013 KTM 450 Rally<\/p>\n\n\n\n<p>2\u00b0 Tosha Schareina (Espa\u00f1a) \u2013 Honda CRF 450 Rally<\/p>\n\n\n\n<p>3\u00b0 Adrien Van Beveren (Francia) \u2013 Honda CRF 450 Rally<\/p>\n\n\n\n<p><strong>SSV<\/strong>:<\/p>\n\n\n\n<p>1\u00b0 Brock Heger (EE.&nbsp;UU.) y Max Eddy (EE.&nbsp;UU.) \u2013 Sebastien Loeb Racing \u2013 RZR Factory Racing<\/p>\n\n\n\n<p>2\u00b0 Francisco L\u00f3pez Contardo (Chile) y Juan Pablo Latrach (Chile) \u2013 Can-Am Factory Team<\/p>\n\n\n\n<p>3\u00b0 An\u00edbal Pinto (Portugal) y Bruno Oliveira (Portugal) \u2013 Old Friends Rally Team<\/p>\n\n\n\n<p><strong>Challenger:<\/strong><\/p>\n\n\n\n<p>1\u00b0 Nicol\u00e1s Cavigliasso (Argentina) y Valentina Pertegarini (Argentina) \u2013 Taurus<\/p>\n\n\n\n<p>2\u00b0 Gon\u00e7alo Guerreiro (Portugal) \u2013 Taurus<\/p>\n\n\n\n<p>3\u00b0 Pau Navarro (Espa\u00f1a) \u2013 Taurus<\/p>\n\n\n\n<p><strong>Camiones:<\/strong><\/p>\n\n\n\n<p>1\u00b0 Martin Mac\u00edk (Rep\u00fablica Checa), Franti\u0161ek Tom\u00e1\u0161ek (Rep\u00fablica Checa) y David \u0160vanda (Rep\u00fablica Checa) \u2013 MM Technology<\/p>\n\n\n\n<p>2\u00b0 Ales Loprais (Rep\u00fablica Checa), Jaroslav Valtr (Rep\u00fablica Checa) y Petr Pokora (Rep\u00fablica Checa) \u2013 Instaforex Loprais Praga<\/p>\n\n\n\n<p>3\u00b0 Dmitry Sotnikov (Rusia), Ruslan Akhmadeev (Rusia) y Ilgiz Akhmetzianov (Rusia) \u2013 Kamaz-Master<\/p>\n\n\n\n<p><strong>Cl\u00e1sicos:<\/strong><\/p>\n\n\n\n<p>1\u00b0 Carlos Santaolalla (Espa\u00f1a) y Jan Rosa i Vi\u00f1as (Espa\u00f1a) \u2013 Factorytub<\/p>\n\n\n\n<p>2\u00b0 Jean-Pierre Strugo (Francia) y Laurent Lichnowski (Francia) \u2013 Team Strugo<\/p>\n\n\n\n<p>3\u00b0 Marc Douton (Francia) y Emmanuel Brelaud (Francia) \u2013 Team Douton<\/p>\n\n\n\n<figure class=\"wp-block-image size-full\"><a href=\"http:\/\/labestiadeportiva.com\/lbd\/wp-content\/uploads\/2025\/01\/1000651268.jpg\"><img loading=\"lazy\" width=\"800\" height=\"450\" src=\"http:\/\/labestiadeportiva.com\/lbd\/wp-content\/uploads\/2025\/01\/1000651268.jpg\" alt=\"\" class=\"wp-image-51505\" srcset=\"https:\/\/labestiadeportiva.com\/lbd\/wp-content\/uploads\/2025\/01\/1000651268.jpg 800w, https:\/\/labestiadeportiva.com\/lbd\/wp-content\/uploads\/2025\/01\/1000651268-300x169.jpg 300w, https:\/\/labestiadeportiva.com\/lbd\/wp-content\/uploads\/2025\/01\/1000651268-768x432.jpg 768w, https:\/\/labestiadeportiva.com\/lbd\/wp-content\/uploads\/2025\/01\/1000651268-640x360.jpg 640w\" sizes=\"(max-width: 800px) 100vw, 800px\" \/><\/a><\/figure>\n<div class='epvc-post-count'><span class='epvc-eye'><\/span>  <span class=\"epvc-count\"> 1.160<\/span><span class='epvc-label'> veces le\u00edda<\/span><\/div>\n<div class=\"jwsharethis\">\nShare this: \n<br \/>\n<a href=\"mailto:?subject=Primera%20victoria%20para%20Al%20Rajhi&amp;body=https%3A%2F%2Flabestiadeportiva.com%2Flbd%2Fprimera-victoria-para-al-rajhi%2F\">\n<img src=\"https:\/\/labestiadeportiva.com\/lbd\/wp-content\/plugins\/jw-share-this\/email.png\" alt=\"Share this page via Email\" \/>\n<\/a>\n<a target=\"_blank\" href=\"http:\/\/www.stumbleupon.com\/submit?url=https%3A%2F%2Flabestiadeportiva.com%2Flbd%2Fprimera-victoria-para-al-rajhi%2F&amp;title=Primera+victoria+para+Al+Rajhi\">\n<img src=\"https:\/\/labestiadeportiva.com\/lbd\/wp-content\/plugins\/jw-share-this\/su.png\" alt=\"Share this page via Stumble Upon\" \/>\n<\/a>\n<a target=\"_blank\" href=\"http:\/\/digg.com\/submit?url=https%3A%2F%2Flabestiadeportiva.com%2Flbd%2Fprimera-victoria-para-al-rajhi%2F&amp;title=Primera+victoria+para+Al+Rajhi\">\n<img src=\"https:\/\/labestiadeportiva.com\/lbd\/wp-content\/plugins\/jw-share-this\/digg.png\" alt=\"Share this page via Digg this\" \/>\n<\/a>\n<a target=\"_blank\" href=\"http:\/\/www.facebook.com\/sharer.php?u=https%3A%2F%2Flabestiadeportiva.com%2Flbd%2Fprimera-victoria-para-al-rajhi%2F&amp;t=Primera+victoria+para+Al+Rajhi\">\n<img src=\"https:\/\/labestiadeportiva.com\/lbd\/wp-content\/plugins\/jw-share-this\/fb.png\" alt=\"Share this page via Facebook\" \/>\n<\/a>\n<a target=\"_blank\" href=\"http:\/\/twitter.com\/intent\/tweet?text=I+like+https%3A%2F%2Flabestiadeportiva.com%2Flbd%2Fprimera-victoria-para-al-rajhi%2F&amp;title=Primera+victoria+para+Al+Rajhi\">\n<img src=\"https:\/\/labestiadeportiva.com\/lbd\/wp-content\/plugins\/jw-share-this\/twitter.png\" alt=\"Share this page via Twitter\" \/>\n<\/a>\n<\/div>\n","protected":false},"excerpt":{"rendered":"<p>(Colaboraci\u00f3n Especial para LBD Franco C\u00e1ceres) Tras dos intensas semanas de competencia la carrera m\u00e1s exigente del mundo, el Dakar, lleg\u00f3 a su fin. Yazeed Al Rajhi en autos, Daniel Sanders entre las motos, Canet en Rally 2, Gyenes dentro del segmento Original by Motul, la pareja argentina Cavigliaso\/Pertegarini en Challenger, Heger entre los SSV, &hellip; <a href=\"https:\/\/labestiadeportiva.com\/lbd\/primera-victoria-para-al-rajhi\/\" class=\"more-link\">Seguir leyendo <span class=\"screen-reader-text\">Primera victoria para Al Rajhi<\/span> <span class=\"meta-nav\">&rarr;<\/span><\/a><\/p>\n","protected":false},"author":1,"featured_media":0,"comment_status":"open","ping_status":"open","sticky":false,"template":"","format":"standard","meta":[],"categories":[2176,5497,4,1],"tags":[154,5498,83],"_links":{"self":[{"href":"https:\/\/labestiadeportiva.com\/lbd\/wp-json\/wp\/v2\/posts\/51492"}],"collection":[{"href":"https:\/\/labestiadeportiva.com\/lbd\/wp-json\/wp\/v2\/posts"}],"about":[{"href":"https:\/\/labestiadeportiva.com\/lbd\/wp-json\/wp\/v2\/types\/post"}],"author":[{"embeddable":true,"href":"https:\/\/labestiadeportiva.com\/lbd\/wp-json\/wp\/v2\/users\/1"}],"replies":[{"embeddable":true,"href":"https:\/\/labestiadeportiva.com\/lbd\/wp-json\/wp\/v2\/comments?post=51492"}],"version-history":[{"count":2,"href":"https:\/\/labestiadeportiva.com\/lbd\/wp-json\/wp\/v2\/posts\/51492\/revisions"}],"predecessor-version":[{"id":51508,"href":"https:\/\/labestiadeportiva.com\/lbd\/wp-json\/wp\/v2\/posts\/51492\/revisions\/51508"}],"wp:attachment":[{"href":"https:\/\/labestiadeportiva.com\/lbd\/wp-json\/wp\/v2\/media?parent=51492"}],"wp:term":[{"taxonomy":"category","embeddable":true,"href":"https:\/\/labestiadeportiva.com\/lbd\/wp-json\/wp\/v2\/categories?post=51492"},{"taxonomy":"post_tag","embeddable":true,"href":"https:\/\/labestiadeportiva.com\/lbd\/wp-json\/wp\/v2\/tags?post=51492"}],"curies":[{"name":"wp","href":"https:\/\/api.w.org\/{rel}","templated":true}]}}