{"id":52188,"date":"2025-04-29T21:55:17","date_gmt":"2025-04-30T00:55:17","guid":{"rendered":"http:\/\/labestiadeportiva.com\/lbd\/?p=52188"},"modified":"2025-04-29T21:55:21","modified_gmt":"2025-04-30T00:55:21","slug":"se-termino-el-ciclo-gago","status":"publish","type":"post","link":"https:\/\/labestiadeportiva.com\/lbd\/se-termino-el-ciclo-gago\/","title":{"rendered":"Se termin\u00f3 el ciclo Gago"},"content":{"rendered":"\n<figure class=\"wp-block-image size-full\"><a href=\"http:\/\/labestiadeportiva.com\/lbd\/wp-content\/uploads\/2025\/04\/1000822572.png\"><img loading=\"lazy\" width=\"928\" height=\"694\" src=\"http:\/\/labestiadeportiva.com\/lbd\/wp-content\/uploads\/2025\/04\/1000822572.png\" alt=\"\" class=\"wp-image-52197\" srcset=\"https:\/\/labestiadeportiva.com\/lbd\/wp-content\/uploads\/2025\/04\/1000822572.png 928w, https:\/\/labestiadeportiva.com\/lbd\/wp-content\/uploads\/2025\/04\/1000822572-300x224.png 300w, https:\/\/labestiadeportiva.com\/lbd\/wp-content\/uploads\/2025\/04\/1000822572-768x574.png 768w, https:\/\/labestiadeportiva.com\/lbd\/wp-content\/uploads\/2025\/04\/1000822572-640x479.png 640w\" sizes=\"(max-width: 928px) 100vw, 928px\" \/><\/a><\/figure>\n\n\n\n<p>(Colaboraci\u00f3n Especial para LBD Franco C\u00e1ceres)<\/p>\n\n\n\n<p>Rom\u00e1n y el Consejo de F\u00fatbol decidieron no seguir m\u00e1s con la era Fernando Gago y despu\u00e9s de la dura derrota ante River, le informaron que de el paso al costado. <\/p>\n\n\n\n<!--more-->\n\n\n\n<p>En el barrio de la Boca se viven horas agitadas. Luego de la derrota del domingo, se le inform\u00f3 este martes por la ma\u00f1ana al ex t\u00e9cnico de V\u00e9lez y Racing,  Fernando Gago, que no seguir\u00e1 al mando del grupo a partir de hoy. <\/p>\n\n\n\n<p>El detonante? Claramente fue la p\u00e9sima derrota del \u201cXeneize\u201d en el Monumental, donde el equipo sali\u00f3 a jugar de una forma muy defensiva. <\/p>\n\n\n\n<p>En los \u00faltimos partidos, Boca llegaba hilando una racha de victorias consecutivas, gan\u00e1ndole a Estudiantes, Belgrano y Barracas Central. <\/p>\n\n\n\n<p>De esta forma se ve\u00eda un cambio en el equipo, tanto an\u00edmico como en lo futbol\u00edstico. Por eso, despu\u00e9s de muchos cl\u00e1sicos, llegaba como el favorito a este cotejo. <\/p>\n\n\n\n<p>Pero Fernando Gago, y esto es lo que la gente y la directiva y hay hasta qui\u00e9n dice que los propios jugadores critican; es que sali\u00f3 a jugar de una forma totalmente errada. <\/p>\n\n\n\n<p>Una l\u00ednea de 5 que se transformaba en 3 cuando Boca atacaba, un medio campo que brill\u00f3 por su ausencia, solo Milton Delgado pudo tener sus apariciones espont\u00e1neas. <\/p>\n\n\n\n<p>Lo de \u201cPintita\u201d fue una cr\u00f3nica de una muerte anunciada, m\u00e1s all\u00e1 de la derrota ante River, Gago ven\u00eda aguantando m\u00e1s en el cargo de lo que se esperaba. <\/p>\n\n\n\n<p>Luego de la ca\u00edda ante Alianza Lima se sab\u00eda que depend\u00eda de un milagro para seguir en el banco de suplentes de la bombonera. <\/p>\n\n\n\n<p>Y a todo eso, se le suma la falta de identidad de juego y la mala relaci\u00f3n con algunos jugadores. A esta hora, ya empez\u00f3 la novela de nombres que suenan para dirigir al equipo en lo que queda de torneo. <\/p>\n\n\n\n<p>El principal apuntado es Gustavo Quinteros, qui\u00e9n est\u00e1 sin trabajo luego de su paso frustrado post t\u00edtulo con V\u00e9lez, por el gremio de Brasil. <\/p>\n\n\n\n<p>Tambi\u00e9n suena el nombre del \u201cKily\u201d Gonz\u00e1lez, un viejo conocido de la casa que ser\u00eda del agrado de Rom\u00e1n. El \u201cKily\u201d est\u00e1 sin trabajo luego de que fuese despedido de Uni\u00f3n de Santa F\u00e9. <\/p>\n\n\n\n<p>El \u201cVasco\u201d Arruabarrena y el \u201cTata\u201d Martino son otros de los nombres que aparecen para el club de la ribera. <\/p>\n\n\n\n<p>Como dato curioso, el \u00faltimo t\u00e9cnico que fue despedido o renunci\u00f3 mientras iba l\u00edder del torneo argentino y se qued\u00f3 sin cargo post cl\u00e1sico, fue el mism\u00edsimo Gago, qui\u00e9n despu\u00e9s de la derrota ante Independiente en 2023, decidi\u00f3 renunciar como entrenador de la \u00abAcademia\u00bb.<\/p>\n\n\n\n<p>Ahora, se fue de Boca estando puntero de la zona \u00abA\u00bb despu\u00e9s de caer en el Supercl\u00e1sico del f\u00fatbol argentino.<\/p>\n\n\n\n<p><\/p>\n<div class='epvc-post-count'><span class='epvc-eye'><\/span>  <span class=\"epvc-count\"> 1.000<\/span><span class='epvc-label'> veces le\u00edda<\/span><\/div>\n<div class=\"jwsharethis\">\nShare this: \n<br \/>\n<a href=\"mailto:?subject=Se%20termin%C3%B3%20el%20ciclo%20Gago&amp;body=https%3A%2F%2Flabestiadeportiva.com%2Flbd%2Fse-termino-el-ciclo-gago%2F\">\n<img src=\"https:\/\/labestiadeportiva.com\/lbd\/wp-content\/plugins\/jw-share-this\/email.png\" alt=\"Share this page via Email\" \/>\n<\/a>\n<a target=\"_blank\" href=\"http:\/\/www.stumbleupon.com\/submit?url=https%3A%2F%2Flabestiadeportiva.com%2Flbd%2Fse-termino-el-ciclo-gago%2F&amp;title=Se+termin%C3%B3+el+ciclo+Gago\">\n<img src=\"https:\/\/labestiadeportiva.com\/lbd\/wp-content\/plugins\/jw-share-this\/su.png\" alt=\"Share this page via Stumble Upon\" \/>\n<\/a>\n<a target=\"_blank\" href=\"http:\/\/digg.com\/submit?url=https%3A%2F%2Flabestiadeportiva.com%2Flbd%2Fse-termino-el-ciclo-gago%2F&amp;title=Se+termin%C3%B3+el+ciclo+Gago\">\n<img src=\"https:\/\/labestiadeportiva.com\/lbd\/wp-content\/plugins\/jw-share-this\/digg.png\" alt=\"Share this page via Digg this\" \/>\n<\/a>\n<a target=\"_blank\" href=\"http:\/\/www.facebook.com\/sharer.php?u=https%3A%2F%2Flabestiadeportiva.com%2Flbd%2Fse-termino-el-ciclo-gago%2F&amp;t=Se+termin%C3%B3+el+ciclo+Gago\">\n<img src=\"https:\/\/labestiadeportiva.com\/lbd\/wp-content\/plugins\/jw-share-this\/fb.png\" alt=\"Share this page via Facebook\" \/>\n<\/a>\n<a target=\"_blank\" href=\"http:\/\/twitter.com\/intent\/tweet?text=I+like+https%3A%2F%2Flabestiadeportiva.com%2Flbd%2Fse-termino-el-ciclo-gago%2F&amp;title=Se+termin%C3%B3+el+ciclo+Gago\">\n<img src=\"https:\/\/labestiadeportiva.com\/lbd\/wp-content\/plugins\/jw-share-this\/twitter.png\" alt=\"Share this page via Twitter\" \/>\n<\/a>\n<\/div>\n","protected":false},"excerpt":{"rendered":"<p>(Colaboraci\u00f3n Especial para LBD Franco C\u00e1ceres) Rom\u00e1n y el Consejo de F\u00fatbol decidieron no seguir m\u00e1s con la era Fernando Gago y despu\u00e9s de la dura derrota ante River, le informaron que de el paso al costado. 1.000 veces le\u00edda Share this:<\/p>\n","protected":false},"author":1,"featured_media":0,"comment_status":"open","ping_status":"open","sticky":false,"template":"","format":"standard","meta":[],"categories":[6,1987,1],"tags":[831,17,5555,83,798],"_links":{"self":[{"href":"https:\/\/labestiadeportiva.com\/lbd\/wp-json\/wp\/v2\/posts\/52188"}],"collection":[{"href":"https:\/\/labestiadeportiva.com\/lbd\/wp-json\/wp\/v2\/posts"}],"about":[{"href":"https:\/\/labestiadeportiva.com\/lbd\/wp-json\/wp\/v2\/types\/post"}],"author":[{"embeddable":true,"href":"https:\/\/labestiadeportiva.com\/lbd\/wp-json\/wp\/v2\/users\/1"}],"replies":[{"embeddable":true,"href":"https:\/\/labestiadeportiva.com\/lbd\/wp-json\/wp\/v2\/comments?post=52188"}],"version-history":[{"count":1,"href":"https:\/\/labestiadeportiva.com\/lbd\/wp-json\/wp\/v2\/posts\/52188\/revisions"}],"predecessor-version":[{"id":52198,"href":"https:\/\/labestiadeportiva.com\/lbd\/wp-json\/wp\/v2\/posts\/52188\/revisions\/52198"}],"wp:attachment":[{"href":"https:\/\/labestiadeportiva.com\/lbd\/wp-json\/wp\/v2\/media?parent=52188"}],"wp:term":[{"taxonomy":"category","embeddable":true,"href":"https:\/\/labestiadeportiva.com\/lbd\/wp-json\/wp\/v2\/categories?post=52188"},{"taxonomy":"post_tag","embeddable":true,"href":"https:\/\/labestiadeportiva.com\/lbd\/wp-json\/wp\/v2\/tags?post=52188"}],"curies":[{"name":"wp","href":"https:\/\/api.w.org\/{rel}","templated":true}]}}