{"id":53089,"date":"2025-09-09T00:47:17","date_gmt":"2025-09-09T03:47:17","guid":{"rendered":"http:\/\/labestiadeportiva.com\/lbd\/?p=53089"},"modified":"2025-09-09T00:47:29","modified_gmt":"2025-09-09T03:47:29","slug":"fue-uno-de-los-fines-de-semana-mas-intenso-que-me-toco-vivir-en-lo-futbolistico-y-emocional","status":"publish","type":"post","link":"https:\/\/labestiadeportiva.com\/lbd\/fue-uno-de-los-fines-de-semana-mas-intenso-que-me-toco-vivir-en-lo-futbolistico-y-emocional\/","title":{"rendered":"\u00abFue uno de los fines de semana m\u00e1s intenso que me toc\u00f3 vivir en lo futbol\u00edstico y emocional\u00bb"},"content":{"rendered":"\n<figure class=\"wp-block-image size-large\"><a href=\"http:\/\/labestiadeportiva.com\/lbd\/wp-content\/uploads\/2025\/09\/1001070181.jpg\"><img loading=\"lazy\" width=\"1024\" height=\"985\" src=\"http:\/\/labestiadeportiva.com\/lbd\/wp-content\/uploads\/2025\/09\/1001070181-1024x985.jpg\" alt=\"\" class=\"wp-image-53098\" srcset=\"https:\/\/labestiadeportiva.com\/lbd\/wp-content\/uploads\/2025\/09\/1001070181-1024x985.jpg 1024w, https:\/\/labestiadeportiva.com\/lbd\/wp-content\/uploads\/2025\/09\/1001070181-300x289.jpg 300w, https:\/\/labestiadeportiva.com\/lbd\/wp-content\/uploads\/2025\/09\/1001070181-768x739.jpg 768w, https:\/\/labestiadeportiva.com\/lbd\/wp-content\/uploads\/2025\/09\/1001070181-640x615.jpg 640w, https:\/\/labestiadeportiva.com\/lbd\/wp-content\/uploads\/2025\/09\/1001070181.jpg 1122w\" sizes=\"(max-width: 1024px) 100vw, 1024px\" \/><\/a><\/figure>\n\n\n\n<figure class=\"wp-block-image size-full\"><a href=\"http:\/\/labestiadeportiva.com\/lbd\/wp-content\/uploads\/2022\/11\/CARA_PEREZ-2.jpg\"><img loading=\"lazy\" width=\"600\" height=\"124\" src=\"http:\/\/labestiadeportiva.com\/lbd\/wp-content\/uploads\/2022\/11\/CARA_PEREZ-2.jpg\" alt=\"\" class=\"wp-image-43576\" srcset=\"https:\/\/labestiadeportiva.com\/lbd\/wp-content\/uploads\/2022\/11\/CARA_PEREZ-2.jpg 600w, https:\/\/labestiadeportiva.com\/lbd\/wp-content\/uploads\/2022\/11\/CARA_PEREZ-2-300x62.jpg 300w\" sizes=\"(max-width: 600px) 100vw, 600px\" \/><\/a><\/figure>\n\n\n\n<p>Contacto con el jugador del Club Mercantil, Axel \u00abPollo\u00bb Baumgartner. El d\u00eda despu\u00e9s de la final de la Copa Argentina ante Boca Juniors.<\/p>\n\n\n\n<p>El conjunto de Ushuaia es subcampe\u00f3n nacional haciendo historia no solo en el futsal sino en todo el deporte Fueguino.<\/p>\n\n\n\n<p>Detalles y sensaciones vividas en Rosario por el jugador y plantel mercantilista. Compartimos la entrevista lograda este lunes en la 94.1&#8217;FM del Sur.<\/p>\n\n\n\n<figure class=\"wp-block-image size-large\"><a href=\"http:\/\/labestiadeportiva.com\/lbd\/wp-content\/uploads\/2025\/09\/1001070176.jpg\"><img loading=\"lazy\" width=\"1024\" height=\"852\" src=\"http:\/\/labestiadeportiva.com\/lbd\/wp-content\/uploads\/2025\/09\/1001070176-1024x852.jpg\" alt=\"\" class=\"wp-image-53099\" srcset=\"https:\/\/labestiadeportiva.com\/lbd\/wp-content\/uploads\/2025\/09\/1001070176-1024x852.jpg 1024w, https:\/\/labestiadeportiva.com\/lbd\/wp-content\/uploads\/2025\/09\/1001070176-300x249.jpg 300w, https:\/\/labestiadeportiva.com\/lbd\/wp-content\/uploads\/2025\/09\/1001070176-768x639.jpg 768w, https:\/\/labestiadeportiva.com\/lbd\/wp-content\/uploads\/2025\/09\/1001070176-640x532.jpg 640w, https:\/\/labestiadeportiva.com\/lbd\/wp-content\/uploads\/2025\/09\/1001070176.jpg 1057w\" sizes=\"(max-width: 1024px) 100vw, 1024px\" \/><\/a><\/figure>\n\n\n\n<!--more-->\n\n\n\n<figure class=\"wp-block-embed is-type-video is-provider-youtube wp-block-embed-youtube wp-embed-aspect-4-3 wp-has-aspect-ratio\"><div class=\"wp-block-embed__wrapper\">\n<iframe loading=\"lazy\" title=\"Audio Axel &quot;Pollo&quot; Baumgartner \" width=\"474\" height=\"356\" src=\"https:\/\/www.youtube.com\/embed\/hEXSP9eJNQ0?feature=oembed\" frameborder=\"0\" allow=\"accelerometer; autoplay; clipboard-write; encrypted-media; gyroscope; picture-in-picture; web-share\" referrerpolicy=\"strict-origin-when-cross-origin\" allowfullscreen><\/iframe>\n<\/div><\/figure>\n<div class='epvc-post-count'><span class='epvc-eye'><\/span>  <span class=\"epvc-count\"> 632<\/span><span class='epvc-label'> veces le\u00edda<\/span><\/div>\n<div class=\"jwsharethis\">\nShare this: \n<br \/>\n<a href=\"mailto:?subject=%C2%ABFue%20uno%20de%20los%20fines%20de%20semana%20m%C3%A1s%20intenso%20que%20me%20toc%C3%B3%20vivir%20en%20lo%20futbol%C3%ADstico%20y%20emocional%C2%BB&amp;body=https%3A%2F%2Flabestiadeportiva.com%2Flbd%2Ffue-uno-de-los-fines-de-semana-mas-intenso-que-me-toco-vivir-en-lo-futbolistico-y-emocional%2F\">\n<img src=\"https:\/\/labestiadeportiva.com\/lbd\/wp-content\/plugins\/jw-share-this\/email.png\" alt=\"Share this page via Email\" \/>\n<\/a>\n<a target=\"_blank\" href=\"http:\/\/www.stumbleupon.com\/submit?url=https%3A%2F%2Flabestiadeportiva.com%2Flbd%2Ffue-uno-de-los-fines-de-semana-mas-intenso-que-me-toco-vivir-en-lo-futbolistico-y-emocional%2F&amp;title=%C2%ABFue+uno+de+los+fines+de+semana+m%C3%A1s+intenso+que+me+toc%C3%B3+vivir+en+lo+futbol%C3%ADstico+y+emocional%C2%BB\">\n<img src=\"https:\/\/labestiadeportiva.com\/lbd\/wp-content\/plugins\/jw-share-this\/su.png\" alt=\"Share this page via Stumble Upon\" \/>\n<\/a>\n<a target=\"_blank\" href=\"http:\/\/digg.com\/submit?url=https%3A%2F%2Flabestiadeportiva.com%2Flbd%2Ffue-uno-de-los-fines-de-semana-mas-intenso-que-me-toco-vivir-en-lo-futbolistico-y-emocional%2F&amp;title=%C2%ABFue+uno+de+los+fines+de+semana+m%C3%A1s+intenso+que+me+toc%C3%B3+vivir+en+lo+futbol%C3%ADstico+y+emocional%C2%BB\">\n<img src=\"https:\/\/labestiadeportiva.com\/lbd\/wp-content\/plugins\/jw-share-this\/digg.png\" alt=\"Share this page via Digg this\" \/>\n<\/a>\n<a target=\"_blank\" href=\"http:\/\/www.facebook.com\/sharer.php?u=https%3A%2F%2Flabestiadeportiva.com%2Flbd%2Ffue-uno-de-los-fines-de-semana-mas-intenso-que-me-toco-vivir-en-lo-futbolistico-y-emocional%2F&amp;t=%C2%ABFue+uno+de+los+fines+de+semana+m%C3%A1s+intenso+que+me+toc%C3%B3+vivir+en+lo+futbol%C3%ADstico+y+emocional%C2%BB\">\n<img src=\"https:\/\/labestiadeportiva.com\/lbd\/wp-content\/plugins\/jw-share-this\/fb.png\" alt=\"Share this page via Facebook\" \/>\n<\/a>\n<a target=\"_blank\" href=\"http:\/\/twitter.com\/intent\/tweet?text=I+like+https%3A%2F%2Flabestiadeportiva.com%2Flbd%2Ffue-uno-de-los-fines-de-semana-mas-intenso-que-me-toco-vivir-en-lo-futbolistico-y-emocional%2F&amp;title=%C2%ABFue+uno+de+los+fines+de+semana+m%C3%A1s+intenso+que+me+toc%C3%B3+vivir+en+lo+futbol%C3%ADstico+y+emocional%C2%BB\">\n<img src=\"https:\/\/labestiadeportiva.com\/lbd\/wp-content\/plugins\/jw-share-this\/twitter.png\" alt=\"Share this page via Twitter\" \/>\n<\/a>\n<\/div>\n","protected":false},"excerpt":{"rendered":"<p>Contacto con el jugador del Club Mercantil, Axel \u00abPollo\u00bb Baumgartner. El d\u00eda despu\u00e9s de la final de la Copa Argentina ante Boca Juniors. El conjunto de Ushuaia es subcampe\u00f3n nacional haciendo historia no solo en el futsal sino en todo el deporte Fueguino. Detalles y sensaciones vividas en Rosario por el jugador y plantel mercantilista. &hellip; <a href=\"https:\/\/labestiadeportiva.com\/lbd\/fue-uno-de-los-fines-de-semana-mas-intenso-que-me-toco-vivir-en-lo-futbolistico-y-emocional\/\" class=\"more-link\">Seguir leyendo <span class=\"screen-reader-text\">\u00abFue uno de los fines de semana m\u00e1s intenso que me toc\u00f3 vivir en lo futbol\u00edstico y emocional\u00bb<\/span> <span class=\"meta-nav\">&rarr;<\/span><\/a><\/p>\n","protected":false},"author":1,"featured_media":0,"comment_status":"open","ping_status":"open","sticky":false,"template":"","format":"standard","meta":[],"categories":[5,6,60,5691,1],"tags":[4874,387,5685,30,1969,83,5638],"_links":{"self":[{"href":"https:\/\/labestiadeportiva.com\/lbd\/wp-json\/wp\/v2\/posts\/53089"}],"collection":[{"href":"https:\/\/labestiadeportiva.com\/lbd\/wp-json\/wp\/v2\/posts"}],"about":[{"href":"https:\/\/labestiadeportiva.com\/lbd\/wp-json\/wp\/v2\/types\/post"}],"author":[{"embeddable":true,"href":"https:\/\/labestiadeportiva.com\/lbd\/wp-json\/wp\/v2\/users\/1"}],"replies":[{"embeddable":true,"href":"https:\/\/labestiadeportiva.com\/lbd\/wp-json\/wp\/v2\/comments?post=53089"}],"version-history":[{"count":1,"href":"https:\/\/labestiadeportiva.com\/lbd\/wp-json\/wp\/v2\/posts\/53089\/revisions"}],"predecessor-version":[{"id":53100,"href":"https:\/\/labestiadeportiva.com\/lbd\/wp-json\/wp\/v2\/posts\/53089\/revisions\/53100"}],"wp:attachment":[{"href":"https:\/\/labestiadeportiva.com\/lbd\/wp-json\/wp\/v2\/media?parent=53089"}],"wp:term":[{"taxonomy":"category","embeddable":true,"href":"https:\/\/labestiadeportiva.com\/lbd\/wp-json\/wp\/v2\/categories?post=53089"},{"taxonomy":"post_tag","embeddable":true,"href":"https:\/\/labestiadeportiva.com\/lbd\/wp-json\/wp\/v2\/tags?post=53089"}],"curies":[{"name":"wp","href":"https:\/\/api.w.org\/{rel}","templated":true}]}}