{"id":53105,"date":"2025-09-09T22:14:03","date_gmt":"2025-09-10T01:14:03","guid":{"rendered":"http:\/\/labestiadeportiva.com\/lbd\/?p=53105"},"modified":"2025-09-09T22:14:09","modified_gmt":"2025-09-10T01:14:09","slug":"polemica-y-definitiva-cancelacion-audio","status":"publish","type":"post","link":"https:\/\/labestiadeportiva.com\/lbd\/polemica-y-definitiva-cancelacion-audio\/","title":{"rendered":"Pol\u00e9mica y definitiva cancelaci\u00f3n (Audio)"},"content":{"rendered":"\n<figure class=\"wp-block-image size-large\"><a href=\"http:\/\/labestiadeportiva.com\/lbd\/wp-content\/uploads\/2025\/09\/1001070743.jpg\"><img loading=\"lazy\" width=\"1024\" height=\"576\" src=\"http:\/\/labestiadeportiva.com\/lbd\/wp-content\/uploads\/2025\/09\/1001070743-1024x576.jpg\" alt=\"\" class=\"wp-image-53106\" srcset=\"https:\/\/labestiadeportiva.com\/lbd\/wp-content\/uploads\/2025\/09\/1001070743-1024x576.jpg 1024w, https:\/\/labestiadeportiva.com\/lbd\/wp-content\/uploads\/2025\/09\/1001070743-300x169.jpg 300w, https:\/\/labestiadeportiva.com\/lbd\/wp-content\/uploads\/2025\/09\/1001070743-768x432.jpg 768w, https:\/\/labestiadeportiva.com\/lbd\/wp-content\/uploads\/2025\/09\/1001070743-640x360.jpg 640w, https:\/\/labestiadeportiva.com\/lbd\/wp-content\/uploads\/2025\/09\/1001070743.jpg 1080w\" sizes=\"(max-width: 1024px) 100vw, 1024px\" \/><\/a><\/figure>\n\n\n\n<figure class=\"wp-block-image size-full\"><a href=\"http:\/\/labestiadeportiva.com\/lbd\/wp-content\/uploads\/2022\/11\/CARA_PEREZ-2.jpg\"><img loading=\"lazy\" width=\"600\" height=\"124\" src=\"http:\/\/labestiadeportiva.com\/lbd\/wp-content\/uploads\/2022\/11\/CARA_PEREZ-2.jpg\" alt=\"\" class=\"wp-image-43576\" srcset=\"https:\/\/labestiadeportiva.com\/lbd\/wp-content\/uploads\/2022\/11\/CARA_PEREZ-2.jpg 600w, https:\/\/labestiadeportiva.com\/lbd\/wp-content\/uploads\/2022\/11\/CARA_PEREZ-2-300x62.jpg 300w\" sizes=\"(max-width: 600px) 100vw, 600px\" \/><\/a><\/figure>\n\n\n\n<p>Contacto con el Presidente del Autom\u00f3vil Club RG, Victor Garc\u00e9s. Luego de la reuni\u00f3n del viernes con la dirigencia de ADELFA ambas Comisiones Directivas tomaron la decisi\u00f3n final sobre la 50 edici\u00f3n del GPH.<\/p>\n\n\n\n<p>En la definici\u00f3n aparece como dato los inconvenientes en Aduana de algunos auxilios que abr\u00edan intentado pasar mercader\u00eda no declarada.<\/p>\n\n\n\n<p>Asimismo en dirigente expres\u00f3 que en los pr\u00f3ximos d\u00edas se realizar\u00e1 una reuni\u00f3n de pilotos en el sal\u00f3n del aut\u00f3dromo riograndense que pondr\u00eda cara a cara a organizadores y participantes, estos \u00faltimos demostraron duramente su disconformidad por las redes.<\/p>\n\n\n\n<p>Compartimos la entrevista lograda este martes por la 99.9 Radio Provincia.<\/p>\n\n\n\n<figure class=\"wp-block-image size-large is-resized\"><a href=\"http:\/\/labestiadeportiva.com\/lbd\/wp-content\/uploads\/2025\/09\/1001070479.jpg\"><img loading=\"lazy\" src=\"http:\/\/labestiadeportiva.com\/lbd\/wp-content\/uploads\/2025\/09\/1001070479-831x1024.jpg\" alt=\"\" class=\"wp-image-53107\" width=\"499\" height=\"614\" srcset=\"https:\/\/labestiadeportiva.com\/lbd\/wp-content\/uploads\/2025\/09\/1001070479-831x1024.jpg 831w, https:\/\/labestiadeportiva.com\/lbd\/wp-content\/uploads\/2025\/09\/1001070479-244x300.jpg 244w, https:\/\/labestiadeportiva.com\/lbd\/wp-content\/uploads\/2025\/09\/1001070479-768x946.jpg 768w, https:\/\/labestiadeportiva.com\/lbd\/wp-content\/uploads\/2025\/09\/1001070479-640x788.jpg 640w, https:\/\/labestiadeportiva.com\/lbd\/wp-content\/uploads\/2025\/09\/1001070479.jpg 1066w\" sizes=\"(max-width: 499px) 100vw, 499px\" \/><\/a><\/figure>\n\n\n\n<!--more-->\n\n\n\n<figure class=\"wp-block-embed is-type-video is-provider-youtube wp-block-embed-youtube wp-embed-aspect-4-3 wp-has-aspect-ratio\"><div class=\"wp-block-embed__wrapper\">\n<iframe loading=\"lazy\" title=\"Audio Victor Garc\u00e9s \" width=\"474\" height=\"356\" src=\"https:\/\/www.youtube.com\/embed\/NXQnGp7Wka4?feature=oembed\" frameborder=\"0\" allow=\"accelerometer; autoplay; clipboard-write; encrypted-media; gyroscope; picture-in-picture; web-share\" referrerpolicy=\"strict-origin-when-cross-origin\" allowfullscreen><\/iframe>\n<\/div><\/figure>\n<div class='epvc-post-count'><span class='epvc-eye'><\/span>  <span class=\"epvc-count\"> 513<\/span><span class='epvc-label'> veces le\u00edda<\/span><\/div>\n<div class=\"jwsharethis\">\nShare this: \n<br \/>\n<a href=\"mailto:?subject=Pol%C3%A9mica%20y%20definitiva%20cancelaci%C3%B3n%20%28Audio%29&amp;body=https%3A%2F%2Flabestiadeportiva.com%2Flbd%2Fpolemica-y-definitiva-cancelacion-audio%2F\">\n<img src=\"https:\/\/labestiadeportiva.com\/lbd\/wp-content\/plugins\/jw-share-this\/email.png\" alt=\"Share this page via Email\" \/>\n<\/a>\n<a target=\"_blank\" href=\"http:\/\/www.stumbleupon.com\/submit?url=https%3A%2F%2Flabestiadeportiva.com%2Flbd%2Fpolemica-y-definitiva-cancelacion-audio%2F&amp;title=Pol%C3%A9mica+y+definitiva+cancelaci%C3%B3n+%28Audio%29\">\n<img src=\"https:\/\/labestiadeportiva.com\/lbd\/wp-content\/plugins\/jw-share-this\/su.png\" alt=\"Share this page via Stumble Upon\" \/>\n<\/a>\n<a target=\"_blank\" href=\"http:\/\/digg.com\/submit?url=https%3A%2F%2Flabestiadeportiva.com%2Flbd%2Fpolemica-y-definitiva-cancelacion-audio%2F&amp;title=Pol%C3%A9mica+y+definitiva+cancelaci%C3%B3n+%28Audio%29\">\n<img src=\"https:\/\/labestiadeportiva.com\/lbd\/wp-content\/plugins\/jw-share-this\/digg.png\" alt=\"Share this page via Digg this\" \/>\n<\/a>\n<a target=\"_blank\" href=\"http:\/\/www.facebook.com\/sharer.php?u=https%3A%2F%2Flabestiadeportiva.com%2Flbd%2Fpolemica-y-definitiva-cancelacion-audio%2F&amp;t=Pol%C3%A9mica+y+definitiva+cancelaci%C3%B3n+%28Audio%29\">\n<img src=\"https:\/\/labestiadeportiva.com\/lbd\/wp-content\/plugins\/jw-share-this\/fb.png\" alt=\"Share this page via Facebook\" \/>\n<\/a>\n<a target=\"_blank\" href=\"http:\/\/twitter.com\/intent\/tweet?text=I+like+https%3A%2F%2Flabestiadeportiva.com%2Flbd%2Fpolemica-y-definitiva-cancelacion-audio%2F&amp;title=Pol%C3%A9mica+y+definitiva+cancelaci%C3%B3n+%28Audio%29\">\n<img src=\"https:\/\/labestiadeportiva.com\/lbd\/wp-content\/plugins\/jw-share-this\/twitter.png\" alt=\"Share this page via Twitter\" \/>\n<\/a>\n<\/div>\n","protected":false},"excerpt":{"rendered":"<p>Contacto con el Presidente del Autom\u00f3vil Club RG, Victor Garc\u00e9s. Luego de la reuni\u00f3n del viernes con la dirigencia de ADELFA ambas Comisiones Directivas tomaron la decisi\u00f3n final sobre la 50 edici\u00f3n del GPH. En la definici\u00f3n aparece como dato los inconvenientes en Aduana de algunos auxilios que abr\u00edan intentado pasar mercader\u00eda no declarada. Asimismo &hellip; <a href=\"https:\/\/labestiadeportiva.com\/lbd\/polemica-y-definitiva-cancelacion-audio\/\" class=\"more-link\">Seguir leyendo <span class=\"screen-reader-text\">Pol\u00e9mica y definitiva cancelaci\u00f3n (Audio)<\/span> <span class=\"meta-nav\">&rarr;<\/span><\/a><\/p>\n","protected":false},"author":1,"featured_media":0,"comment_status":"open","ping_status":"open","sticky":false,"template":"","format":"standard","meta":[],"categories":[2775,5,4,6,60,1],"tags":[4376,2768,5542,5596,83],"_links":{"self":[{"href":"https:\/\/labestiadeportiva.com\/lbd\/wp-json\/wp\/v2\/posts\/53105"}],"collection":[{"href":"https:\/\/labestiadeportiva.com\/lbd\/wp-json\/wp\/v2\/posts"}],"about":[{"href":"https:\/\/labestiadeportiva.com\/lbd\/wp-json\/wp\/v2\/types\/post"}],"author":[{"embeddable":true,"href":"https:\/\/labestiadeportiva.com\/lbd\/wp-json\/wp\/v2\/users\/1"}],"replies":[{"embeddable":true,"href":"https:\/\/labestiadeportiva.com\/lbd\/wp-json\/wp\/v2\/comments?post=53105"}],"version-history":[{"count":1,"href":"https:\/\/labestiadeportiva.com\/lbd\/wp-json\/wp\/v2\/posts\/53105\/revisions"}],"predecessor-version":[{"id":53108,"href":"https:\/\/labestiadeportiva.com\/lbd\/wp-json\/wp\/v2\/posts\/53105\/revisions\/53108"}],"wp:attachment":[{"href":"https:\/\/labestiadeportiva.com\/lbd\/wp-json\/wp\/v2\/media?parent=53105"}],"wp:term":[{"taxonomy":"category","embeddable":true,"href":"https:\/\/labestiadeportiva.com\/lbd\/wp-json\/wp\/v2\/categories?post=53105"},{"taxonomy":"post_tag","embeddable":true,"href":"https:\/\/labestiadeportiva.com\/lbd\/wp-json\/wp\/v2\/tags?post=53105"}],"curies":[{"name":"wp","href":"https:\/\/api.w.org\/{rel}","templated":true}]}}