{"id":53455,"date":"2025-10-29T22:28:35","date_gmt":"2025-10-30T01:28:35","guid":{"rendered":"http:\/\/labestiadeportiva.com\/lbd\/?p=53455"},"modified":"2025-10-29T22:28:37","modified_gmt":"2025-10-30T01:28:37","slug":"academia-en-marcha-audio","status":"publish","type":"post","link":"https:\/\/labestiadeportiva.com\/lbd\/academia-en-marcha-audio\/","title":{"rendered":"Academia en marcha (Audio)"},"content":{"rendered":"\n<figure class=\"wp-block-image size-large\"><a href=\"http:\/\/labestiadeportiva.com\/lbd\/wp-content\/uploads\/2025\/10\/1001191433.jpg\"><img loading=\"lazy\" width=\"768\" height=\"1024\" src=\"http:\/\/labestiadeportiva.com\/lbd\/wp-content\/uploads\/2025\/10\/1001191433-768x1024.jpg\" alt=\"\" class=\"wp-image-53456\" srcset=\"https:\/\/labestiadeportiva.com\/lbd\/wp-content\/uploads\/2025\/10\/1001191433-768x1024.jpg 768w, https:\/\/labestiadeportiva.com\/lbd\/wp-content\/uploads\/2025\/10\/1001191433-225x300.jpg 225w, https:\/\/labestiadeportiva.com\/lbd\/wp-content\/uploads\/2025\/10\/1001191433-1152x1536.jpg 1152w, https:\/\/labestiadeportiva.com\/lbd\/wp-content\/uploads\/2025\/10\/1001191433-640x853.jpg 640w, https:\/\/labestiadeportiva.com\/lbd\/wp-content\/uploads\/2025\/10\/1001191433.jpg 1200w\" sizes=\"(max-width: 768px) 100vw, 768px\" \/><\/a><\/figure>\n\n\n\n<figure class=\"wp-block-image size-full\"><a href=\"http:\/\/labestiadeportiva.com\/lbd\/wp-content\/uploads\/2022\/11\/CARA_PEREZ-2.jpg\"><img loading=\"lazy\" width=\"600\" height=\"124\" src=\"http:\/\/labestiadeportiva.com\/lbd\/wp-content\/uploads\/2022\/11\/CARA_PEREZ-2.jpg\" alt=\"\" class=\"wp-image-43576\" srcset=\"https:\/\/labestiadeportiva.com\/lbd\/wp-content\/uploads\/2022\/11\/CARA_PEREZ-2.jpg 600w, https:\/\/labestiadeportiva.com\/lbd\/wp-content\/uploads\/2022\/11\/CARA_PEREZ-2-300x62.jpg 300w\" sizes=\"(max-width: 600px) 100vw, 600px\" \/><\/a><\/figure>\n\n\n\n<p>APKU 2000 Comenz\u00f3 su escuela de karting para ni\u00f1os de de 6 a 12 a\u00f1os de edad.  Lo hizo en su kart\u00f3dromo \u00abGustavo Orione\u00bb aprovechando el excelente clima de las \u00faltimas jornadas.<\/p>\n\n\n\n<p>Alrededor de 20 peque\u00f1os fueron de la partida orientados por experimentados pilotos.  Los detalles a cargo de Juan Pavlov, Presidente de la instituci\u00f3n kartista local.<\/p>\n\n\n\n<p>Compartimos la entrevista lograda este mi\u00e9rcoles en la 94.1 FM del Sur.<\/p>\n\n\n\n<!--more-->\n\n\n\n<figure class=\"wp-block-embed is-type-video is-provider-youtube wp-block-embed-youtube wp-embed-aspect-4-3 wp-has-aspect-ratio\"><div class=\"wp-block-embed__wrapper\">\n<iframe loading=\"lazy\" title=\"Audio Juan Pavlov\" width=\"474\" height=\"356\" src=\"https:\/\/www.youtube.com\/embed\/6VO6m1c59WQ?feature=oembed\" frameborder=\"0\" allow=\"accelerometer; autoplay; clipboard-write; encrypted-media; gyroscope; picture-in-picture; web-share\" referrerpolicy=\"strict-origin-when-cross-origin\" allowfullscreen><\/iframe>\n<\/div><\/figure>\n<div class='epvc-post-count'><span class='epvc-eye'><\/span>  <span class=\"epvc-count\"> 549<\/span><span class='epvc-label'> veces le\u00edda<\/span><\/div>\n<div class=\"jwsharethis\">\nShare this: \n<br \/>\n<a href=\"mailto:?subject=Academia%20en%20marcha%20%28Audio%29&amp;body=https%3A%2F%2Flabestiadeportiva.com%2Flbd%2Facademia-en-marcha-audio%2F\">\n<img src=\"https:\/\/labestiadeportiva.com\/lbd\/wp-content\/plugins\/jw-share-this\/email.png\" alt=\"Share this page via Email\" \/>\n<\/a>\n<a target=\"_blank\" href=\"http:\/\/www.stumbleupon.com\/submit?url=https%3A%2F%2Flabestiadeportiva.com%2Flbd%2Facademia-en-marcha-audio%2F&amp;title=Academia+en+marcha+%28Audio%29\">\n<img src=\"https:\/\/labestiadeportiva.com\/lbd\/wp-content\/plugins\/jw-share-this\/su.png\" alt=\"Share this page via Stumble Upon\" \/>\n<\/a>\n<a target=\"_blank\" href=\"http:\/\/digg.com\/submit?url=https%3A%2F%2Flabestiadeportiva.com%2Flbd%2Facademia-en-marcha-audio%2F&amp;title=Academia+en+marcha+%28Audio%29\">\n<img src=\"https:\/\/labestiadeportiva.com\/lbd\/wp-content\/plugins\/jw-share-this\/digg.png\" alt=\"Share this page via Digg this\" \/>\n<\/a>\n<a target=\"_blank\" href=\"http:\/\/www.facebook.com\/sharer.php?u=https%3A%2F%2Flabestiadeportiva.com%2Flbd%2Facademia-en-marcha-audio%2F&amp;t=Academia+en+marcha+%28Audio%29\">\n<img src=\"https:\/\/labestiadeportiva.com\/lbd\/wp-content\/plugins\/jw-share-this\/fb.png\" alt=\"Share this page via Facebook\" \/>\n<\/a>\n<a target=\"_blank\" href=\"http:\/\/twitter.com\/intent\/tweet?text=I+like+https%3A%2F%2Flabestiadeportiva.com%2Flbd%2Facademia-en-marcha-audio%2F&amp;title=Academia+en+marcha+%28Audio%29\">\n<img src=\"https:\/\/labestiadeportiva.com\/lbd\/wp-content\/plugins\/jw-share-this\/twitter.png\" alt=\"Share this page via Twitter\" \/>\n<\/a>\n<\/div>\n","protected":false},"excerpt":{"rendered":"<p>APKU 2000 Comenz\u00f3 su escuela de karting para ni\u00f1os de de 6 a 12 a\u00f1os de edad. Lo hizo en su kart\u00f3dromo \u00abGustavo Orione\u00bb aprovechando el excelente clima de las \u00faltimas jornadas. Alrededor de 20 peque\u00f1os fueron de la partida orientados por experimentados pilotos. Los detalles a cargo de Juan Pavlov, Presidente de la instituci\u00f3n &hellip; <a href=\"https:\/\/labestiadeportiva.com\/lbd\/academia-en-marcha-audio\/\" class=\"more-link\">Seguir leyendo <span class=\"screen-reader-text\">Academia en marcha (Audio)<\/span> <span class=\"meta-nav\">&rarr;<\/span><\/a><\/p>\n","protected":false},"author":1,"featured_media":0,"comment_status":"open","ping_status":"open","sticky":false,"template":"","format":"standard","meta":[],"categories":[5,60,2152,1],"tags":[738,4838,5742,192,438],"_links":{"self":[{"href":"https:\/\/labestiadeportiva.com\/lbd\/wp-json\/wp\/v2\/posts\/53455"}],"collection":[{"href":"https:\/\/labestiadeportiva.com\/lbd\/wp-json\/wp\/v2\/posts"}],"about":[{"href":"https:\/\/labestiadeportiva.com\/lbd\/wp-json\/wp\/v2\/types\/post"}],"author":[{"embeddable":true,"href":"https:\/\/labestiadeportiva.com\/lbd\/wp-json\/wp\/v2\/users\/1"}],"replies":[{"embeddable":true,"href":"https:\/\/labestiadeportiva.com\/lbd\/wp-json\/wp\/v2\/comments?post=53455"}],"version-history":[{"count":1,"href":"https:\/\/labestiadeportiva.com\/lbd\/wp-json\/wp\/v2\/posts\/53455\/revisions"}],"predecessor-version":[{"id":53457,"href":"https:\/\/labestiadeportiva.com\/lbd\/wp-json\/wp\/v2\/posts\/53455\/revisions\/53457"}],"wp:attachment":[{"href":"https:\/\/labestiadeportiva.com\/lbd\/wp-json\/wp\/v2\/media?parent=53455"}],"wp:term":[{"taxonomy":"category","embeddable":true,"href":"https:\/\/labestiadeportiva.com\/lbd\/wp-json\/wp\/v2\/categories?post=53455"},{"taxonomy":"post_tag","embeddable":true,"href":"https:\/\/labestiadeportiva.com\/lbd\/wp-json\/wp\/v2\/tags?post=53455"}],"curies":[{"name":"wp","href":"https:\/\/api.w.org\/{rel}","templated":true}]}}