{"id":53458,"date":"2025-10-31T00:23:35","date_gmt":"2025-10-31T03:23:35","guid":{"rendered":"http:\/\/labestiadeportiva.com\/lbd\/?p=53458"},"modified":"2025-10-31T00:23:40","modified_gmt":"2025-10-31T03:23:40","slug":"ya-llegaron-los-oficiales-de-campo-estan-haciendo-el-pre-match-audio","status":"publish","type":"post","link":"https:\/\/labestiadeportiva.com\/lbd\/ya-llegaron-los-oficiales-de-campo-estan-haciendo-el-pre-match-audio\/","title":{"rendered":"\u00abYa llegaron los Oficiales de Campo, estan haciendo el Pre Match\u00bb (Audio)"},"content":{"rendered":"\n<figure class=\"wp-block-image size-large\"><a href=\"http:\/\/labestiadeportiva.com\/lbd\/wp-content\/uploads\/2025\/10\/1001195030.jpg\"><img loading=\"lazy\" width=\"1024\" height=\"576\" src=\"http:\/\/labestiadeportiva.com\/lbd\/wp-content\/uploads\/2025\/10\/1001195030-1024x576.jpg\" alt=\"\" class=\"wp-image-53467\" srcset=\"https:\/\/labestiadeportiva.com\/lbd\/wp-content\/uploads\/2025\/10\/1001195030-1024x576.jpg 1024w, https:\/\/labestiadeportiva.com\/lbd\/wp-content\/uploads\/2025\/10\/1001195030-300x169.jpg 300w, https:\/\/labestiadeportiva.com\/lbd\/wp-content\/uploads\/2025\/10\/1001195030-768x432.jpg 768w, https:\/\/labestiadeportiva.com\/lbd\/wp-content\/uploads\/2025\/10\/1001195030-1536x864.jpg 1536w, https:\/\/labestiadeportiva.com\/lbd\/wp-content\/uploads\/2025\/10\/1001195030-640x360.jpg 640w, https:\/\/labestiadeportiva.com\/lbd\/wp-content\/uploads\/2025\/10\/1001195030.jpg 1600w\" sizes=\"(max-width: 1024px) 100vw, 1024px\" \/><\/a><\/figure>\n\n\n\n<figure class=\"wp-block-image size-full\"><a href=\"http:\/\/labestiadeportiva.com\/lbd\/wp-content\/uploads\/2022\/11\/CARA_PEREZ-2.jpg\"><img loading=\"lazy\" width=\"600\" height=\"124\" src=\"http:\/\/labestiadeportiva.com\/lbd\/wp-content\/uploads\/2022\/11\/CARA_PEREZ-2.jpg\" alt=\"\" class=\"wp-image-43576\" srcset=\"https:\/\/labestiadeportiva.com\/lbd\/wp-content\/uploads\/2022\/11\/CARA_PEREZ-2.jpg 600w, https:\/\/labestiadeportiva.com\/lbd\/wp-content\/uploads\/2022\/11\/CARA_PEREZ-2-300x62.jpg 300w\" sizes=\"(max-width: 600px) 100vw, 600px\" \/><\/a><\/figure>\n\n\n\n<p>Contacto con uno de los referentes del Tiro Federal 2 de Abril, Gustavo Oliva Gerli.<\/p>\n\n\n\n<p>En la previa de la VII Edici\u00f3n del Torneo Fin del Mundo de Tiro Pr\u00e1ctico nos dio detalles de la competencia que tendr\u00e1 sus puntos m\u00e1s altos el s\u00e1bado y domingo.<\/p>\n\n\n\n<p>Compartimos la entrevista lograda este jueves en la 94.1 FM del Sur.<\/p>\n\n\n\n<!--more-->\n\n\n\n<figure class=\"wp-block-embed is-type-video is-provider-youtube wp-block-embed-youtube wp-embed-aspect-4-3 wp-has-aspect-ratio\"><div class=\"wp-block-embed__wrapper\">\n<iframe loading=\"lazy\" title=\"Audio Gustavo Oliva Gerli\" width=\"474\" height=\"356\" src=\"https:\/\/www.youtube.com\/embed\/3I4XrummCPU?feature=oembed\" frameborder=\"0\" allow=\"accelerometer; autoplay; clipboard-write; encrypted-media; gyroscope; picture-in-picture; web-share\" referrerpolicy=\"strict-origin-when-cross-origin\" allowfullscreen><\/iframe>\n<\/div><\/figure>\n<div class='epvc-post-count'><span class='epvc-eye'><\/span>  <span class=\"epvc-count\"> 449<\/span><span class='epvc-label'> veces le\u00edda<\/span><\/div>\n<div class=\"jwsharethis\">\nShare this: \n<br \/>\n<a href=\"mailto:?subject=%C2%ABYa%20llegaron%20los%20Oficiales%20de%20Campo%2C%20estan%20haciendo%20el%20Pre%20Match%C2%BB%20%28Audio%29&amp;body=https%3A%2F%2Flabestiadeportiva.com%2Flbd%2Fya-llegaron-los-oficiales-de-campo-estan-haciendo-el-pre-match-audio%2F\">\n<img src=\"https:\/\/labestiadeportiva.com\/lbd\/wp-content\/plugins\/jw-share-this\/email.png\" alt=\"Share this page via Email\" \/>\n<\/a>\n<a target=\"_blank\" href=\"http:\/\/www.stumbleupon.com\/submit?url=https%3A%2F%2Flabestiadeportiva.com%2Flbd%2Fya-llegaron-los-oficiales-de-campo-estan-haciendo-el-pre-match-audio%2F&amp;title=%C2%ABYa+llegaron+los+Oficiales+de+Campo%2C+estan+haciendo+el+Pre+Match%C2%BB+%28Audio%29\">\n<img src=\"https:\/\/labestiadeportiva.com\/lbd\/wp-content\/plugins\/jw-share-this\/su.png\" alt=\"Share this page via Stumble Upon\" \/>\n<\/a>\n<a target=\"_blank\" href=\"http:\/\/digg.com\/submit?url=https%3A%2F%2Flabestiadeportiva.com%2Flbd%2Fya-llegaron-los-oficiales-de-campo-estan-haciendo-el-pre-match-audio%2F&amp;title=%C2%ABYa+llegaron+los+Oficiales+de+Campo%2C+estan+haciendo+el+Pre+Match%C2%BB+%28Audio%29\">\n<img src=\"https:\/\/labestiadeportiva.com\/lbd\/wp-content\/plugins\/jw-share-this\/digg.png\" alt=\"Share this page via Digg this\" \/>\n<\/a>\n<a target=\"_blank\" href=\"http:\/\/www.facebook.com\/sharer.php?u=https%3A%2F%2Flabestiadeportiva.com%2Flbd%2Fya-llegaron-los-oficiales-de-campo-estan-haciendo-el-pre-match-audio%2F&amp;t=%C2%ABYa+llegaron+los+Oficiales+de+Campo%2C+estan+haciendo+el+Pre+Match%C2%BB+%28Audio%29\">\n<img src=\"https:\/\/labestiadeportiva.com\/lbd\/wp-content\/plugins\/jw-share-this\/fb.png\" alt=\"Share this page via Facebook\" \/>\n<\/a>\n<a target=\"_blank\" href=\"http:\/\/twitter.com\/intent\/tweet?text=I+like+https%3A%2F%2Flabestiadeportiva.com%2Flbd%2Fya-llegaron-los-oficiales-de-campo-estan-haciendo-el-pre-match-audio%2F&amp;title=%C2%ABYa+llegaron+los+Oficiales+de+Campo%2C+estan+haciendo+el+Pre+Match%C2%BB+%28Audio%29\">\n<img src=\"https:\/\/labestiadeportiva.com\/lbd\/wp-content\/plugins\/jw-share-this\/twitter.png\" alt=\"Share this page via Twitter\" \/>\n<\/a>\n<\/div>\n","protected":false},"excerpt":{"rendered":"<p>Contacto con uno de los referentes del Tiro Federal 2 de Abril, Gustavo Oliva Gerli. En la previa de la VII Edici\u00f3n del Torneo Fin del Mundo de Tiro Pr\u00e1ctico nos dio detalles de la competencia que tendr\u00e1 sus puntos m\u00e1s altos el s\u00e1bado y domingo. Compartimos la entrevista lograda este jueves en la 94.1 &hellip; <a href=\"https:\/\/labestiadeportiva.com\/lbd\/ya-llegaron-los-oficiales-de-campo-estan-haciendo-el-pre-match-audio\/\" class=\"more-link\">Seguir leyendo <span class=\"screen-reader-text\">\u00abYa llegaron los Oficiales de Campo, estan haciendo el Pre Match\u00bb (Audio)<\/span> <span class=\"meta-nav\">&rarr;<\/span><\/a><\/p>\n","protected":false},"author":1,"featured_media":0,"comment_status":"open","ping_status":"open","sticky":false,"template":"","format":"standard","meta":[],"categories":[5,4,6,60,1,2445,4653],"tags":[83,1150,670,1170,2345],"_links":{"self":[{"href":"https:\/\/labestiadeportiva.com\/lbd\/wp-json\/wp\/v2\/posts\/53458"}],"collection":[{"href":"https:\/\/labestiadeportiva.com\/lbd\/wp-json\/wp\/v2\/posts"}],"about":[{"href":"https:\/\/labestiadeportiva.com\/lbd\/wp-json\/wp\/v2\/types\/post"}],"author":[{"embeddable":true,"href":"https:\/\/labestiadeportiva.com\/lbd\/wp-json\/wp\/v2\/users\/1"}],"replies":[{"embeddable":true,"href":"https:\/\/labestiadeportiva.com\/lbd\/wp-json\/wp\/v2\/comments?post=53458"}],"version-history":[{"count":1,"href":"https:\/\/labestiadeportiva.com\/lbd\/wp-json\/wp\/v2\/posts\/53458\/revisions"}],"predecessor-version":[{"id":53468,"href":"https:\/\/labestiadeportiva.com\/lbd\/wp-json\/wp\/v2\/posts\/53458\/revisions\/53468"}],"wp:attachment":[{"href":"https:\/\/labestiadeportiva.com\/lbd\/wp-json\/wp\/v2\/media?parent=53458"}],"wp:term":[{"taxonomy":"category","embeddable":true,"href":"https:\/\/labestiadeportiva.com\/lbd\/wp-json\/wp\/v2\/categories?post=53458"},{"taxonomy":"post_tag","embeddable":true,"href":"https:\/\/labestiadeportiva.com\/lbd\/wp-json\/wp\/v2\/tags?post=53458"}],"curies":[{"name":"wp","href":"https:\/\/api.w.org\/{rel}","templated":true}]}}