{"id":5383,"date":"2013-07-04T14:35:50","date_gmt":"2013-07-04T14:35:50","guid":{"rendered":"http:\/\/labestiadeportiva.com\/lbd\/?p=5383"},"modified":"2013-07-04T14:44:04","modified_gmt":"2013-07-04T14:44:04","slug":"ritmica-provincial","status":"publish","type":"post","link":"https:\/\/labestiadeportiva.com\/lbd\/ritmica-provincial\/","title":{"rendered":"R\u00edtmica Provincial"},"content":{"rendered":"<p class=\"MsoNormal\"><a href=\"http:\/\/labestiadeportiva.com\/lbd\/wp-content\/uploads\/2013\/07\/MG_3266.jpg\"><img loading=\"lazy\" class=\"alignleft size-medium wp-image-5384\" title=\"_MG_3266\" src=\"http:\/\/labestiadeportiva.com\/lbd\/wp-content\/uploads\/2013\/07\/MG_3266-300x200.jpg\" alt=\"\" width=\"300\" height=\"200\" srcset=\"https:\/\/labestiadeportiva.com\/lbd\/wp-content\/uploads\/2013\/07\/MG_3266-300x200.jpg 300w, https:\/\/labestiadeportiva.com\/lbd\/wp-content\/uploads\/2013\/07\/MG_3266.jpg 640w\" sizes=\"(max-width: 300px) 100vw, 300px\" \/><\/a>Durante el fin de semana se realiz\u00f3 en Ushuaia un encuentro de Gimnasia R\u00edtmica organizado por la Coordinaci\u00f3n de Deporte Social. La actividad se efectu\u00f3 en el gimnasio Profesora Ana V. Gir\u00f3 del barrio 245 Viviendas. 70 practicantes de la capital provincial y R\u00edo Grande presentes.<\/p>\n<p class=\"MsoNormal\"><a href=\"http:\/\/labestiadeportiva.com\/lbd\/wp-content\/uploads\/2013\/07\/MG_3268.jpg\"><img loading=\"lazy\" class=\"aligncenter size-medium wp-image-5386\" title=\"_MG_3268\" src=\"http:\/\/labestiadeportiva.com\/lbd\/wp-content\/uploads\/2013\/07\/MG_3268-300x200.jpg\" alt=\"\" width=\"300\" height=\"200\" srcset=\"https:\/\/labestiadeportiva.com\/lbd\/wp-content\/uploads\/2013\/07\/MG_3268-300x200.jpg 300w, https:\/\/labestiadeportiva.com\/lbd\/wp-content\/uploads\/2013\/07\/MG_3268.jpg 640w\" sizes=\"(max-width: 300px) 100vw, 300px\" \/><\/a>Minutos despu\u00e9s de las dos de la tarde la cancha principal del \u201cAna Gir\u00f3\u201d fue el escenario elegido para realizar la actividad que reuni\u00f3 a ni\u00f1as y j\u00f3venes de 6 a 16 a\u00f1os de edad pertenecientes a ambas ciudades de la provincia.<!--morePara leer Click Aqu\u00ed--><\/p>\n<p class=\"MsoNormal\">Las ushuaienses de \u201cR\u00edtmica Ushuaia\u201d junto a las practicantes de la Escuela Municipal y la Escuela de Iniciaci\u00f3n de la Secretar\u00eda de Deportes ambas del norte de la isla fueron presentando sus coreograf\u00edas individuales y grupales.<\/p>\n<p class=\"MsoNormal\">Las acciones culminaron cerca de las cuatro y media de la tarde, los organizadores informaron que la experiencia se repetir\u00e1 en R\u00edo Grande durante el mes de agosto.<\/p>\n<p class=\"MsoNormal\"><a href=\"http:\/\/labestiadeportiva.com\/lbd\/wp-content\/uploads\/2013\/07\/MG_3275.jpg\"><img loading=\"lazy\" class=\"aligncenter size-medium wp-image-5385\" title=\"_MG_3275\" src=\"http:\/\/labestiadeportiva.com\/lbd\/wp-content\/uploads\/2013\/07\/MG_3275-300x200.jpg\" alt=\"\" width=\"300\" height=\"200\" srcset=\"https:\/\/labestiadeportiva.com\/lbd\/wp-content\/uploads\/2013\/07\/MG_3275-300x200.jpg 300w, https:\/\/labestiadeportiva.com\/lbd\/wp-content\/uploads\/2013\/07\/MG_3275.jpg 640w\" sizes=\"(max-width: 300px) 100vw, 300px\" \/><\/a>La disciplina se present\u00f3 a modo de promoci\u00f3n y esto es muy importante si se tiene en cuenta que la r\u00edtmica formar\u00e1 parte de los pr\u00f3ximos Juegos Fueguinos con proyecci\u00f3n nacional en los Juegos Nacionales Evita a realizarse en Mar del Plata en el mes de noviembre. <span style=\"mso-spacerun: yes;\">\u00a0<\/span><span style=\"mso-spacerun: yes;\">\u00a0<\/span><span style=\"mso-spacerun: yes;\">\u00a0<\/span><span style=\"mso-spacerun: yes;\">\u00a0<\/span><span style=\"mso-spacerun: yes;\">\u00a0<\/span><\/p>\n<div class='epvc-post-count'><span class='epvc-eye'><\/span>  <span class=\"epvc-count\"> 1.252<\/span><span class='epvc-label'> veces le\u00edda<\/span><\/div>\n<div class=\"jwsharethis\">\nShare this: \n<br \/>\n<a href=\"mailto:?subject=R%C3%ADtmica%20Provincial&amp;body=https%3A%2F%2Flabestiadeportiva.com%2Flbd%2Fritmica-provincial%2F\">\n<img src=\"https:\/\/labestiadeportiva.com\/lbd\/wp-content\/plugins\/jw-share-this\/email.png\" alt=\"Share this page via Email\" \/>\n<\/a>\n<a target=\"_blank\" href=\"http:\/\/www.stumbleupon.com\/submit?url=https%3A%2F%2Flabestiadeportiva.com%2Flbd%2Fritmica-provincial%2F&amp;title=R%C3%ADtmica+Provincial\">\n<img src=\"https:\/\/labestiadeportiva.com\/lbd\/wp-content\/plugins\/jw-share-this\/su.png\" alt=\"Share this page via Stumble Upon\" \/>\n<\/a>\n<a target=\"_blank\" href=\"http:\/\/digg.com\/submit?url=https%3A%2F%2Flabestiadeportiva.com%2Flbd%2Fritmica-provincial%2F&amp;title=R%C3%ADtmica+Provincial\">\n<img src=\"https:\/\/labestiadeportiva.com\/lbd\/wp-content\/plugins\/jw-share-this\/digg.png\" alt=\"Share this page via Digg this\" \/>\n<\/a>\n<a target=\"_blank\" href=\"http:\/\/www.facebook.com\/sharer.php?u=https%3A%2F%2Flabestiadeportiva.com%2Flbd%2Fritmica-provincial%2F&amp;t=R%C3%ADtmica+Provincial\">\n<img src=\"https:\/\/labestiadeportiva.com\/lbd\/wp-content\/plugins\/jw-share-this\/fb.png\" alt=\"Share this page via Facebook\" \/>\n<\/a>\n<a target=\"_blank\" href=\"http:\/\/twitter.com\/intent\/tweet?text=I+like+https%3A%2F%2Flabestiadeportiva.com%2Flbd%2Fritmica-provincial%2F&amp;title=R%C3%ADtmica+Provincial\">\n<img src=\"https:\/\/labestiadeportiva.com\/lbd\/wp-content\/plugins\/jw-share-this\/twitter.png\" alt=\"Share this page via Twitter\" \/>\n<\/a>\n<\/div>\n","protected":false},"excerpt":{"rendered":"<p>Durante el fin de semana se realiz\u00f3 en Ushuaia un encuentro de Gimnasia R\u00edtmica organizado por la Coordinaci\u00f3n de Deporte Social. La actividad se efectu\u00f3 en el gimnasio Profesora Ana V. Gir\u00f3 del barrio 245 Viviendas. 70 practicantes de la capital provincial y R\u00edo Grande presentes. Minutos despu\u00e9s de las dos de la tarde la &hellip; <a href=\"https:\/\/labestiadeportiva.com\/lbd\/ritmica-provincial\/\" class=\"more-link\">Seguir leyendo <span class=\"screen-reader-text\">R\u00edtmica Provincial<\/span> <span class=\"meta-nav\">&rarr;<\/span><\/a><\/p>\n","protected":false},"author":1,"featured_media":5384,"comment_status":"open","ping_status":"open","sticky":false,"template":"","format":"standard","meta":[],"categories":[5,1],"tags":[737,736],"_links":{"self":[{"href":"https:\/\/labestiadeportiva.com\/lbd\/wp-json\/wp\/v2\/posts\/5383"}],"collection":[{"href":"https:\/\/labestiadeportiva.com\/lbd\/wp-json\/wp\/v2\/posts"}],"about":[{"href":"https:\/\/labestiadeportiva.com\/lbd\/wp-json\/wp\/v2\/types\/post"}],"author":[{"embeddable":true,"href":"https:\/\/labestiadeportiva.com\/lbd\/wp-json\/wp\/v2\/users\/1"}],"replies":[{"embeddable":true,"href":"https:\/\/labestiadeportiva.com\/lbd\/wp-json\/wp\/v2\/comments?post=5383"}],"version-history":[{"count":3,"href":"https:\/\/labestiadeportiva.com\/lbd\/wp-json\/wp\/v2\/posts\/5383\/revisions"}],"predecessor-version":[{"id":5388,"href":"https:\/\/labestiadeportiva.com\/lbd\/wp-json\/wp\/v2\/posts\/5383\/revisions\/5388"}],"wp:featuredmedia":[{"embeddable":true,"href":"https:\/\/labestiadeportiva.com\/lbd\/wp-json\/wp\/v2\/media\/5384"}],"wp:attachment":[{"href":"https:\/\/labestiadeportiva.com\/lbd\/wp-json\/wp\/v2\/media?parent=5383"}],"wp:term":[{"taxonomy":"category","embeddable":true,"href":"https:\/\/labestiadeportiva.com\/lbd\/wp-json\/wp\/v2\/categories?post=5383"},{"taxonomy":"post_tag","embeddable":true,"href":"https:\/\/labestiadeportiva.com\/lbd\/wp-json\/wp\/v2\/tags?post=5383"}],"curies":[{"name":"wp","href":"https:\/\/api.w.org\/{rel}","templated":true}]}}