{"id":54240,"date":"2026-03-09T09:56:47","date_gmt":"2026-03-09T12:56:47","guid":{"rendered":"https:\/\/labestiadeportiva.com\/lbd\/?p=54240"},"modified":"2026-03-09T09:56:56","modified_gmt":"2026-03-09T12:56:56","slug":"la-esgrima-brillo-en-arakur","status":"publish","type":"post","link":"https:\/\/labestiadeportiva.com\/lbd\/la-esgrima-brillo-en-arakur\/","title":{"rendered":"La esgrima brill\u00f3 en Arakur"},"content":{"rendered":"\n<figure class=\"wp-block-image size-large\"><a href=\"https:\/\/labestiadeportiva.com\/lbd\/wp-content\/uploads\/2026\/03\/IMG_20260307_165631529-scaled.jpg\"><img loading=\"lazy\" width=\"1024\" height=\"576\" src=\"https:\/\/labestiadeportiva.com\/lbd\/wp-content\/uploads\/2026\/03\/IMG_20260307_165631529-1024x576.jpg\" alt=\"\" class=\"wp-image-54241\" srcset=\"https:\/\/labestiadeportiva.com\/lbd\/wp-content\/uploads\/2026\/03\/IMG_20260307_165631529-1024x576.jpg 1024w, https:\/\/labestiadeportiva.com\/lbd\/wp-content\/uploads\/2026\/03\/IMG_20260307_165631529-300x169.jpg 300w, https:\/\/labestiadeportiva.com\/lbd\/wp-content\/uploads\/2026\/03\/IMG_20260307_165631529-768x432.jpg 768w, https:\/\/labestiadeportiva.com\/lbd\/wp-content\/uploads\/2026\/03\/IMG_20260307_165631529-1536x864.jpg 1536w, https:\/\/labestiadeportiva.com\/lbd\/wp-content\/uploads\/2026\/03\/IMG_20260307_165631529-2048x1153.jpg 2048w, https:\/\/labestiadeportiva.com\/lbd\/wp-content\/uploads\/2026\/03\/IMG_20260307_165631529-640x360.jpg 640w\" sizes=\"(max-width: 1024px) 100vw, 1024px\" \/><\/a><\/figure>\n\n\n\n<p>Con una destacada participaci\u00f3n Regional e Internacional, el pasado s\u00e1bado se llev\u00f3 adelante en el Hotel Arakur la XII edici\u00f3n del Campeonato Interpatag\u00f3nico, que reuni\u00f3 a 75 deportistas y m\u00e1s de 180 participaciones en las tres armas de la disciplina: espada, florete y sable, en categor\u00edas infantil, cadete, juvenil, mayores y veteranos. Fuente Prensa Asociaci\u00f3n Esgrima Fueguina.<\/p>\n\n\n\n<figure class=\"wp-block-image size-large\"><a href=\"https:\/\/labestiadeportiva.com\/lbd\/wp-content\/uploads\/2026\/03\/IMG_20260307_165611829-scaled.jpg\"><img loading=\"lazy\" width=\"1024\" height=\"576\" src=\"https:\/\/labestiadeportiva.com\/lbd\/wp-content\/uploads\/2026\/03\/IMG_20260307_165611829-1024x576.jpg\" alt=\"\" class=\"wp-image-54245\" srcset=\"https:\/\/labestiadeportiva.com\/lbd\/wp-content\/uploads\/2026\/03\/IMG_20260307_165611829-1024x576.jpg 1024w, https:\/\/labestiadeportiva.com\/lbd\/wp-content\/uploads\/2026\/03\/IMG_20260307_165611829-300x169.jpg 300w, https:\/\/labestiadeportiva.com\/lbd\/wp-content\/uploads\/2026\/03\/IMG_20260307_165611829-768x432.jpg 768w, https:\/\/labestiadeportiva.com\/lbd\/wp-content\/uploads\/2026\/03\/IMG_20260307_165611829-1536x864.jpg 1536w, https:\/\/labestiadeportiva.com\/lbd\/wp-content\/uploads\/2026\/03\/IMG_20260307_165611829-2048x1153.jpg 2048w, https:\/\/labestiadeportiva.com\/lbd\/wp-content\/uploads\/2026\/03\/IMG_20260307_165611829-640x360.jpg 640w\" sizes=\"(max-width: 1024px) 100vw, 1024px\" \/><\/a><\/figure>\n\n\n\n<p><br><\/p>\n\n\n\n<!--more-->\n\n\n\n<figure class=\"wp-block-image size-large\"><a href=\"https:\/\/labestiadeportiva.com\/lbd\/wp-content\/uploads\/2026\/03\/IMG_20260307_181958041-scaled.jpg\"><img loading=\"lazy\" width=\"1024\" height=\"576\" src=\"https:\/\/labestiadeportiva.com\/lbd\/wp-content\/uploads\/2026\/03\/IMG_20260307_181958041-1024x576.jpg\" alt=\"\" class=\"wp-image-54242\" srcset=\"https:\/\/labestiadeportiva.com\/lbd\/wp-content\/uploads\/2026\/03\/IMG_20260307_181958041-1024x576.jpg 1024w, https:\/\/labestiadeportiva.com\/lbd\/wp-content\/uploads\/2026\/03\/IMG_20260307_181958041-300x169.jpg 300w, https:\/\/labestiadeportiva.com\/lbd\/wp-content\/uploads\/2026\/03\/IMG_20260307_181958041-768x432.jpg 768w, https:\/\/labestiadeportiva.com\/lbd\/wp-content\/uploads\/2026\/03\/IMG_20260307_181958041-1536x864.jpg 1536w, https:\/\/labestiadeportiva.com\/lbd\/wp-content\/uploads\/2026\/03\/IMG_20260307_181958041-2048x1153.jpg 2048w, https:\/\/labestiadeportiva.com\/lbd\/wp-content\/uploads\/2026\/03\/IMG_20260307_181958041-640x360.jpg 640w\" sizes=\"(max-width: 1024px) 100vw, 1024px\" \/><\/a><\/figure>\n\n\n\n<p>El torneo cont\u00f3 con delegaciones provenientes de Punta Arenas (Chile), R\u00edo Gallegos, Mendoza, San Rafael, Buenos Aires, La Plata, Ushuaia y el Club H\u00fangaro de Buenos Aires, entre otras instituciones, consolidando al certamen como uno de los encuentros m\u00e1s importantes de la esgrima en la regi\u00f3n patag\u00f3nica.<br><\/p>\n\n\n\n<p>Uno de los grandes atractivos del campeonato fue la presencia del doble representante ol\u00edmpico argentino Fernando Lupiz, reconocido adem\u00e1s por su v\u00ednculo con el legado del personaje del \u00abZorro\u00bb, ya que fue alumno y amigo personal del actor Guy Williams.<br><\/p>\n\n\n\n<p>Lupiz tuvo una actuaci\u00f3n sobresaliente al quedarse con medalla de oro en florete y espada, adem\u00e1s de destacarse durante todo el certamen.<br><\/p>\n\n\n\n<p>Entre los resultados m\u00e1s destacados tambi\u00e9n sobresali\u00f3 la actuaci\u00f3n de Milena Caballero Castell, de San Rafael (Mendoza), quien logr\u00f3 medallas de oro en la categor\u00eda cadete y juvenil, imponi\u00e9ndose en florete y espada.<br><\/p>\n\n\n\n<figure class=\"wp-block-image size-large\"><a href=\"https:\/\/labestiadeportiva.com\/lbd\/wp-content\/uploads\/2026\/03\/IMG_20260307_184611048-scaled.jpg\"><img loading=\"lazy\" width=\"1024\" height=\"576\" src=\"https:\/\/labestiadeportiva.com\/lbd\/wp-content\/uploads\/2026\/03\/IMG_20260307_184611048-1024x576.jpg\" alt=\"\" class=\"wp-image-54244\" srcset=\"https:\/\/labestiadeportiva.com\/lbd\/wp-content\/uploads\/2026\/03\/IMG_20260307_184611048-1024x576.jpg 1024w, https:\/\/labestiadeportiva.com\/lbd\/wp-content\/uploads\/2026\/03\/IMG_20260307_184611048-300x169.jpg 300w, https:\/\/labestiadeportiva.com\/lbd\/wp-content\/uploads\/2026\/03\/IMG_20260307_184611048-768x432.jpg 768w, https:\/\/labestiadeportiva.com\/lbd\/wp-content\/uploads\/2026\/03\/IMG_20260307_184611048-1536x864.jpg 1536w, https:\/\/labestiadeportiva.com\/lbd\/wp-content\/uploads\/2026\/03\/IMG_20260307_184611048-2048x1153.jpg 2048w, https:\/\/labestiadeportiva.com\/lbd\/wp-content\/uploads\/2026\/03\/IMG_20260307_184611048-640x360.jpg 640w\" sizes=\"(max-width: 1024px) 100vw, 1024px\" \/><\/a><\/figure>\n\n\n\n<p>En el plano local, fue muy celebrada la actuaci\u00f3n de Magdalena Rosado y Solana M\u00e9ndez, quienes lograron subirse al podio en florete y espada mayor femenino.<br><\/p>\n\n\n\n<p>El campeonato cont\u00f3 adem\u00e1s con el aporte t\u00e9cnico del Club de Esgrima Austral de Punta Arenas de la rep\u00fablicade Chile, que facilit\u00f3 una pedana reglamentaria internacional, permitiendo que los combates se desarrollaran bajo est\u00e1ndares t\u00e9cnicos oficiales y proyectando al torneo hacia futuras competencias de mayor jerarqu\u00eda, como fechas de ranking nacional o campeonatos sudamericanos y panamericanos de veteranos.<br><\/p>\n\n\n\n<p>Uno de los momentos m\u00e1s emotivos del evento fue el reconocimiento del Senado de la Naci\u00f3n, entregado por la senadora Mar\u00eda Bel\u00e9n Montes de Oca, que distingui\u00f3 la trayectoria y el trabajo comunitario de los maestros de la sala. <\/p>\n\n\n\n<p>El homenaje principal fue para Alejandro Fotheringham, quien lleva m\u00e1s de 35 a\u00f1os dedicados al desarrollo de la esgrima en Tierra del Fuego, siendo considerado el principal impulsor de este deporte en la provincia.<br><\/p>\n\n\n\n<figure class=\"wp-block-image size-large\"><a href=\"https:\/\/labestiadeportiva.com\/lbd\/wp-content\/uploads\/2026\/03\/IMG_20260307_181906416-scaled.jpg\"><img loading=\"lazy\" width=\"1024\" height=\"576\" src=\"https:\/\/labestiadeportiva.com\/lbd\/wp-content\/uploads\/2026\/03\/IMG_20260307_181906416-1024x576.jpg\" alt=\"\" class=\"wp-image-54246\" srcset=\"https:\/\/labestiadeportiva.com\/lbd\/wp-content\/uploads\/2026\/03\/IMG_20260307_181906416-1024x576.jpg 1024w, https:\/\/labestiadeportiva.com\/lbd\/wp-content\/uploads\/2026\/03\/IMG_20260307_181906416-300x169.jpg 300w, https:\/\/labestiadeportiva.com\/lbd\/wp-content\/uploads\/2026\/03\/IMG_20260307_181906416-768x432.jpg 768w, https:\/\/labestiadeportiva.com\/lbd\/wp-content\/uploads\/2026\/03\/IMG_20260307_181906416-1536x864.jpg 1536w, https:\/\/labestiadeportiva.com\/lbd\/wp-content\/uploads\/2026\/03\/IMG_20260307_181906416-2048x1153.jpg 2048w, https:\/\/labestiadeportiva.com\/lbd\/wp-content\/uploads\/2026\/03\/IMG_20260307_181906416-640x360.jpg 640w\" sizes=\"(max-width: 1024px) 100vw, 1024px\" \/><\/a><\/figure>\n\n\n\n<p>La organizaci\u00f3n tambi\u00e9n agradeci\u00f3 el acompa\u00f1amiento de instituciones y sponsors que hicieron posible el evento, entre ellos Cl\u00ednica San Jorge, que dispuso un m\u00e9dico durante toda la competencia; Tolkeyen Patagonia Turismo, que colabor\u00f3 con el traslado de las delegaciones; Agua del Faro, encargada de la hidrataci\u00f3n durante el torneo; la Cantina fueguina de Freddy; adem\u00e1s del apoyo de INFUETUR, el Instituto Municipal del Deporte y el Gobierno de la Provincia.<br><\/p>\n\n\n\n<p>Para finalizar, desde la organizaci\u00f3n tambi\u00e9n se destac\u00f3 el enorme trabajo de los padres que integran la Comisi\u00f3n Directiva de la Asociaci\u00f3n de Esgrima Fueguina, quienes con dedicaci\u00f3n, compromiso y muchas horas de esfuerzo hicieron posible la realizaci\u00f3n de este campeonato.<br><\/p>\n\n\n\n<figure class=\"wp-block-image size-large\"><a href=\"https:\/\/labestiadeportiva.com\/lbd\/wp-content\/uploads\/2026\/03\/IMG_20260307_165616486-scaled.jpg\"><img loading=\"lazy\" width=\"1024\" height=\"576\" src=\"https:\/\/labestiadeportiva.com\/lbd\/wp-content\/uploads\/2026\/03\/IMG_20260307_165616486-1024x576.jpg\" alt=\"\" class=\"wp-image-54249\" srcset=\"https:\/\/labestiadeportiva.com\/lbd\/wp-content\/uploads\/2026\/03\/IMG_20260307_165616486-1024x576.jpg 1024w, https:\/\/labestiadeportiva.com\/lbd\/wp-content\/uploads\/2026\/03\/IMG_20260307_165616486-300x169.jpg 300w, https:\/\/labestiadeportiva.com\/lbd\/wp-content\/uploads\/2026\/03\/IMG_20260307_165616486-768x432.jpg 768w, https:\/\/labestiadeportiva.com\/lbd\/wp-content\/uploads\/2026\/03\/IMG_20260307_165616486-1536x864.jpg 1536w, https:\/\/labestiadeportiva.com\/lbd\/wp-content\/uploads\/2026\/03\/IMG_20260307_165616486-2048x1153.jpg 2048w, https:\/\/labestiadeportiva.com\/lbd\/wp-content\/uploads\/2026\/03\/IMG_20260307_165616486-640x360.jpg 640w\" sizes=\"(max-width: 1024px) 100vw, 1024px\" \/><\/a><\/figure>\n\n\n\n<p>Su acompa\u00f1amiento fue fundamental para que el evento se desarrollara con \u00e9xito, demostrando que el crecimiento del deporte tambi\u00e9n se construye gracias al trabajo silencioso y constante de la comunidad que lo sostiene.<br><\/p>\n\n\n\n<p>Asimismo, se agradeci\u00f3 especialmente al hotel Arakur, que brind\u00f3 un marco \u00fanico e inolvidable para la competencia. El entorno natural y la calidad de sus instalaciones permitieron que deportistas, entrenadores y visitantes vivieran una experiencia deportiva excepcional, que dej\u00f3 a todos los participantes fascinados y que elev\u00f3 el nivel del torneo.<br><\/p>\n\n\n\n<figure class=\"wp-block-image size-large is-resized\"><a href=\"https:\/\/labestiadeportiva.com\/lbd\/wp-content\/uploads\/2026\/03\/IMG_20260307_165724906-scaled.jpg\"><img loading=\"lazy\" src=\"https:\/\/labestiadeportiva.com\/lbd\/wp-content\/uploads\/2026\/03\/IMG_20260307_165724906-1024x576.jpg\" alt=\"\" class=\"wp-image-54247\" width=\"406\" height=\"229\" srcset=\"https:\/\/labestiadeportiva.com\/lbd\/wp-content\/uploads\/2026\/03\/IMG_20260307_165724906-1024x576.jpg 1024w, https:\/\/labestiadeportiva.com\/lbd\/wp-content\/uploads\/2026\/03\/IMG_20260307_165724906-300x169.jpg 300w, https:\/\/labestiadeportiva.com\/lbd\/wp-content\/uploads\/2026\/03\/IMG_20260307_165724906-768x432.jpg 768w, https:\/\/labestiadeportiva.com\/lbd\/wp-content\/uploads\/2026\/03\/IMG_20260307_165724906-1536x864.jpg 1536w, https:\/\/labestiadeportiva.com\/lbd\/wp-content\/uploads\/2026\/03\/IMG_20260307_165724906-2048x1153.jpg 2048w, https:\/\/labestiadeportiva.com\/lbd\/wp-content\/uploads\/2026\/03\/IMG_20260307_165724906-640x360.jpg 640w\" sizes=\"(max-width: 406px) 100vw, 406px\" \/><\/a><\/figure>\n\n\n\n<p>Finalmente, desde la organizaci\u00f3n se extendi\u00f3 una invitaci\u00f3n abierta a toda la comunidad a acercarse y conocer la esgrima, un deporte que contin\u00faa creciendo en la provincia y que apuesta a seguir formando nuevas generaciones de esgrimistas.<br><\/p>\n\n\n\n<p>Con el entusiasmo y el apoyo recibido en esta edici\u00f3n, la Asociaci\u00f3n de Esgrima Fueguina ya proyecta volver a realizar este gran encuentro en los pr\u00f3ximos a\u00f1os, consolid\u00e1ndolo como un cl\u00e1sico del calendario deportivo de la regi\u00f3n.<\/p>\n\n\n\n<figure class=\"wp-block-image size-large\"><a href=\"https:\/\/labestiadeportiva.com\/lbd\/wp-content\/uploads\/2026\/03\/IMG_20260307_181852892-scaled.jpg\"><img loading=\"lazy\" width=\"1024\" height=\"576\" src=\"https:\/\/labestiadeportiva.com\/lbd\/wp-content\/uploads\/2026\/03\/IMG_20260307_181852892-1024x576.jpg\" alt=\"\" class=\"wp-image-54248\" srcset=\"https:\/\/labestiadeportiva.com\/lbd\/wp-content\/uploads\/2026\/03\/IMG_20260307_181852892-1024x576.jpg 1024w, https:\/\/labestiadeportiva.com\/lbd\/wp-content\/uploads\/2026\/03\/IMG_20260307_181852892-300x169.jpg 300w, https:\/\/labestiadeportiva.com\/lbd\/wp-content\/uploads\/2026\/03\/IMG_20260307_181852892-768x432.jpg 768w, https:\/\/labestiadeportiva.com\/lbd\/wp-content\/uploads\/2026\/03\/IMG_20260307_181852892-1536x864.jpg 1536w, https:\/\/labestiadeportiva.com\/lbd\/wp-content\/uploads\/2026\/03\/IMG_20260307_181852892-2048x1153.jpg 2048w, https:\/\/labestiadeportiva.com\/lbd\/wp-content\/uploads\/2026\/03\/IMG_20260307_181852892-640x360.jpg 640w\" sizes=\"(max-width: 1024px) 100vw, 1024px\" \/><\/a><\/figure>\n<div class='epvc-post-count'><span class='epvc-eye'><\/span>  <span class=\"epvc-count\"> 412<\/span><span class='epvc-label'> veces le\u00edda<\/span><\/div>\n<div class=\"jwsharethis\">\nShare this: \n<br \/>\n<a href=\"mailto:?subject=La%20esgrima%20brill%C3%B3%20en%20Arakur&amp;body=https%3A%2F%2Flabestiadeportiva.com%2Flbd%2Fla-esgrima-brillo-en-arakur%2F\">\n<img src=\"https:\/\/labestiadeportiva.com\/lbd\/wp-content\/plugins\/jw-share-this\/email.png\" alt=\"Share this page via Email\" \/>\n<\/a>\n<a target=\"_blank\" href=\"http:\/\/www.stumbleupon.com\/submit?url=https%3A%2F%2Flabestiadeportiva.com%2Flbd%2Fla-esgrima-brillo-en-arakur%2F&amp;title=La+esgrima+brill%C3%B3+en+Arakur\">\n<img src=\"https:\/\/labestiadeportiva.com\/lbd\/wp-content\/plugins\/jw-share-this\/su.png\" alt=\"Share this page via Stumble Upon\" \/>\n<\/a>\n<a target=\"_blank\" href=\"http:\/\/digg.com\/submit?url=https%3A%2F%2Flabestiadeportiva.com%2Flbd%2Fla-esgrima-brillo-en-arakur%2F&amp;title=La+esgrima+brill%C3%B3+en+Arakur\">\n<img src=\"https:\/\/labestiadeportiva.com\/lbd\/wp-content\/plugins\/jw-share-this\/digg.png\" alt=\"Share this page via Digg this\" \/>\n<\/a>\n<a target=\"_blank\" href=\"http:\/\/www.facebook.com\/sharer.php?u=https%3A%2F%2Flabestiadeportiva.com%2Flbd%2Fla-esgrima-brillo-en-arakur%2F&amp;t=La+esgrima+brill%C3%B3+en+Arakur\">\n<img src=\"https:\/\/labestiadeportiva.com\/lbd\/wp-content\/plugins\/jw-share-this\/fb.png\" alt=\"Share this page via Facebook\" \/>\n<\/a>\n<a target=\"_blank\" href=\"http:\/\/twitter.com\/intent\/tweet?text=I+like+https%3A%2F%2Flabestiadeportiva.com%2Flbd%2Fla-esgrima-brillo-en-arakur%2F&amp;title=La+esgrima+brill%C3%B3+en+Arakur\">\n<img src=\"https:\/\/labestiadeportiva.com\/lbd\/wp-content\/plugins\/jw-share-this\/twitter.png\" alt=\"Share this page via Twitter\" \/>\n<\/a>\n<\/div>\n","protected":false},"excerpt":{"rendered":"<p>Con una destacada participaci\u00f3n Regional e Internacional, el pasado s\u00e1bado se llev\u00f3 adelante en el Hotel Arakur la XII edici\u00f3n del Campeonato Interpatag\u00f3nico, que reuni\u00f3 a 75 deportistas y m\u00e1s de 180 participaciones en las tres armas de la disciplina: espada, florete y sable, en categor\u00edas infantil, cadete, juvenil, mayores y veteranos. Fuente Prensa Asociaci\u00f3n &hellip; <a href=\"https:\/\/labestiadeportiva.com\/lbd\/la-esgrima-brillo-en-arakur\/\" class=\"more-link\">Seguir leyendo <span class=\"screen-reader-text\">La esgrima brill\u00f3 en Arakur<\/span> <span class=\"meta-nav\">&rarr;<\/span><\/a><\/p>\n","protected":false},"author":1,"featured_media":0,"comment_status":"open","ping_status":"open","sticky":false,"template":"","format":"standard","meta":[],"categories":[5,4,6,2980,1,5872],"tags":[5858,342,83,1780,240],"_links":{"self":[{"href":"https:\/\/labestiadeportiva.com\/lbd\/wp-json\/wp\/v2\/posts\/54240"}],"collection":[{"href":"https:\/\/labestiadeportiva.com\/lbd\/wp-json\/wp\/v2\/posts"}],"about":[{"href":"https:\/\/labestiadeportiva.com\/lbd\/wp-json\/wp\/v2\/types\/post"}],"author":[{"embeddable":true,"href":"https:\/\/labestiadeportiva.com\/lbd\/wp-json\/wp\/v2\/users\/1"}],"replies":[{"embeddable":true,"href":"https:\/\/labestiadeportiva.com\/lbd\/wp-json\/wp\/v2\/comments?post=54240"}],"version-history":[{"count":1,"href":"https:\/\/labestiadeportiva.com\/lbd\/wp-json\/wp\/v2\/posts\/54240\/revisions"}],"predecessor-version":[{"id":54250,"href":"https:\/\/labestiadeportiva.com\/lbd\/wp-json\/wp\/v2\/posts\/54240\/revisions\/54250"}],"wp:attachment":[{"href":"https:\/\/labestiadeportiva.com\/lbd\/wp-json\/wp\/v2\/media?parent=54240"}],"wp:term":[{"taxonomy":"category","embeddable":true,"href":"https:\/\/labestiadeportiva.com\/lbd\/wp-json\/wp\/v2\/categories?post=54240"},{"taxonomy":"post_tag","embeddable":true,"href":"https:\/\/labestiadeportiva.com\/lbd\/wp-json\/wp\/v2\/tags?post=54240"}],"curies":[{"name":"wp","href":"https:\/\/api.w.org\/{rel}","templated":true}]}}