{"id":54251,"date":"2026-03-09T17:15:14","date_gmt":"2026-03-09T20:15:14","guid":{"rendered":"https:\/\/labestiadeportiva.com\/lbd\/?p=54251"},"modified":"2026-03-09T17:15:17","modified_gmt":"2026-03-09T20:15:17","slug":"fue-una-experiencia-unica-representar-a-la-argentina-en-aguas-heladas","status":"publish","type":"post","link":"https:\/\/labestiadeportiva.com\/lbd\/fue-una-experiencia-unica-representar-a-la-argentina-en-aguas-heladas\/","title":{"rendered":"\u00abFue una experiencia \u00fanica representar a la Argentina en aguas heladas\u00bb"},"content":{"rendered":"\n<figure class=\"wp-block-image size-large\"><a href=\"https:\/\/labestiadeportiva.com\/lbd\/wp-content\/uploads\/2026\/03\/IMG-20260309-WA0115.jpg\"><img loading=\"lazy\" width=\"768\" height=\"1024\" src=\"https:\/\/labestiadeportiva.com\/lbd\/wp-content\/uploads\/2026\/03\/IMG-20260309-WA0115-768x1024.jpg\" alt=\"\" class=\"wp-image-54252\" srcset=\"https:\/\/labestiadeportiva.com\/lbd\/wp-content\/uploads\/2026\/03\/IMG-20260309-WA0115-768x1024.jpg 768w, https:\/\/labestiadeportiva.com\/lbd\/wp-content\/uploads\/2026\/03\/IMG-20260309-WA0115-225x300.jpg 225w, https:\/\/labestiadeportiva.com\/lbd\/wp-content\/uploads\/2026\/03\/IMG-20260309-WA0115-640x853.jpg 640w, https:\/\/labestiadeportiva.com\/lbd\/wp-content\/uploads\/2026\/03\/IMG-20260309-WA0115.jpg 960w\" sizes=\"(max-width: 768px) 100vw, 768px\" \/><\/a><\/figure>\n\n\n\n<figure class=\"wp-block-image size-full\"><a href=\"http:\/\/labestiadeportiva.com\/lbd\/wp-content\/uploads\/2022\/11\/CARA_BAROLI-1.jpg\"><img loading=\"lazy\" width=\"600\" height=\"124\" src=\"http:\/\/labestiadeportiva.com\/lbd\/wp-content\/uploads\/2022\/11\/CARA_BAROLI-1.jpg\" alt=\"\" class=\"wp-image-43574\" srcset=\"https:\/\/labestiadeportiva.com\/lbd\/wp-content\/uploads\/2022\/11\/CARA_BAROLI-1.jpg 600w, https:\/\/labestiadeportiva.com\/lbd\/wp-content\/uploads\/2022\/11\/CARA_BAROLI-1-300x62.jpg 300w\" sizes=\"(max-width: 600px) 100vw, 600px\" \/><\/a><\/figure>\n\n\n\n<p>El nadador Santacruce\u00f1o Tom\u00e1s Bonilla protagoniz\u00f3 una actuaci\u00f3n memorable en su primera experiencia internacional, logrando 14 podios en competencias disputadas en Suecia y Finlandia, en escenarios marcados por temperaturas extremas y aguas cercanas al congelamiento.<\/p>\n\n\n\n<figure class=\"wp-block-image size-large\"><a href=\"https:\/\/labestiadeportiva.com\/lbd\/wp-content\/uploads\/2026\/03\/IMG-20260309-WA0113.jpg\"><img loading=\"lazy\" width=\"768\" height=\"1024\" src=\"https:\/\/labestiadeportiva.com\/lbd\/wp-content\/uploads\/2026\/03\/IMG-20260309-WA0113-768x1024.jpg\" alt=\"\" class=\"wp-image-54253\" srcset=\"https:\/\/labestiadeportiva.com\/lbd\/wp-content\/uploads\/2026\/03\/IMG-20260309-WA0113-768x1024.jpg 768w, https:\/\/labestiadeportiva.com\/lbd\/wp-content\/uploads\/2026\/03\/IMG-20260309-WA0113-225x300.jpg 225w, https:\/\/labestiadeportiva.com\/lbd\/wp-content\/uploads\/2026\/03\/IMG-20260309-WA0113-640x853.jpg 640w, https:\/\/labestiadeportiva.com\/lbd\/wp-content\/uploads\/2026\/03\/IMG-20260309-WA0113.jpg 867w\" sizes=\"(max-width: 768px) 100vw, 768px\" \/><\/a><\/figure>\n\n\n\n<!--more-->\n\n\n\n<figure class=\"wp-block-image size-large\"><a href=\"https:\/\/labestiadeportiva.com\/lbd\/wp-content\/uploads\/2026\/03\/IMG-20260309-WA0114.jpg\"><img loading=\"lazy\" width=\"768\" height=\"1024\" src=\"https:\/\/labestiadeportiva.com\/lbd\/wp-content\/uploads\/2026\/03\/IMG-20260309-WA0114-768x1024.jpg\" alt=\"\" class=\"wp-image-54255\" srcset=\"https:\/\/labestiadeportiva.com\/lbd\/wp-content\/uploads\/2026\/03\/IMG-20260309-WA0114-768x1024.jpg 768w, https:\/\/labestiadeportiva.com\/lbd\/wp-content\/uploads\/2026\/03\/IMG-20260309-WA0114-225x300.jpg 225w, https:\/\/labestiadeportiva.com\/lbd\/wp-content\/uploads\/2026\/03\/IMG-20260309-WA0114-640x853.jpg 640w, https:\/\/labestiadeportiva.com\/lbd\/wp-content\/uploads\/2026\/03\/IMG-20260309-WA0114.jpg 960w\" sizes=\"(max-width: 768px) 100vw, 768px\" \/><\/a><\/figure>\n\n\n\n<p>El deporte de Santa Cruz tiene un nuevo campe\u00f3n del mundo en sus filas. Tom\u00e1s Bonilla, Santacruce\u00f1o y surgido en el Club Hispano Americano, inici\u00f3 su participaci\u00f3n el 28 de febrero en Skelleftehamn, Suecia, en el marco de la Copa del Mundo, donde obtuvo siete podios: seis primeros puestos y un segundo lugar. <\/p>\n\n\n\n<p>Las victorias llegaron en 200 metros libres, 100 metros pecho, 50 metros libres, 50 metros pecho, 25 metros mariposa y 25 metros pecho, mientras que el segundo puesto fue en 25 metros libres.<\/p>\n\n\n\n<p>Luego, entre el 2 y el 8 de marzo, el nadador compiti\u00f3 en el Championship de Oulu, Finlandia, donde volvi\u00f3 a subirse al podio en cada una de las pruebas que disput\u00f3. <\/p>\n\n\n\n<p>All\u00ed consigui\u00f3 siete medallas m\u00e1s, con cuatro primeros puestos en 450 metros libres, 200 metros libres, 200 metros pecho y 100 metros pecho, adem\u00e1s de tres segundos lugares en 50 metros libres, 50 metros pecho y 25 metros libres.<\/p>\n\n\n\n<p>\u201c<strong>Estoy m\u00e1s que conforme con mis participaciones. Fue mi primera vez representando a la Argentina fuera del pa\u00eds y la experiencia fue \u00fanica\u201d<\/strong>, expres\u00f3 Bonilla, quien ya hab\u00eda competido anteriormente en la Copa del Mundo realizada en El Calafate durante 2024 y 2025.<\/p>\n\n\n\n<p>La traves\u00eda europea tambi\u00e9n implic\u00f3 enfrentarse a condiciones extremas. En Suecia debi\u00f3 adaptarse a aguas de apenas 0,6 grados, mientras que en Finlandia compiti\u00f3 con viento, nieve y temperaturas exteriores de -11 grados. <\/p>\n\n\n\n<p><strong>\u201cFue algo totalmente distinto, pero trat\u00e9 de afrontarlo de la mejor manera<\/strong>\u201d, se\u00f1al\u00f3. <\/p>\n\n\n\n<p>Con coraje, resistencia y un rendimiento sobresaliente, el Santacruce\u00f1o nacido deportivamente en el Natatorio Wenceslao Peisci del Club Deportivo Hispano Americano, convirti\u00f3 su primera experiencia internacional en una verdadera gesta deportiva en aguas heladas, dejando a la Argentina y a nuestra provincia en lo m\u00e1s alto del podio.<\/p>\n\n\n\n<figure class=\"wp-block-image size-large\"><a href=\"https:\/\/labestiadeportiva.com\/lbd\/wp-content\/uploads\/2026\/03\/IMG-20260309-WA0112.jpg\"><img loading=\"lazy\" width=\"768\" height=\"1024\" src=\"https:\/\/labestiadeportiva.com\/lbd\/wp-content\/uploads\/2026\/03\/IMG-20260309-WA0112-768x1024.jpg\" alt=\"\" class=\"wp-image-54254\" srcset=\"https:\/\/labestiadeportiva.com\/lbd\/wp-content\/uploads\/2026\/03\/IMG-20260309-WA0112-768x1024.jpg 768w, https:\/\/labestiadeportiva.com\/lbd\/wp-content\/uploads\/2026\/03\/IMG-20260309-WA0112-225x300.jpg 225w, https:\/\/labestiadeportiva.com\/lbd\/wp-content\/uploads\/2026\/03\/IMG-20260309-WA0112-640x853.jpg 640w, https:\/\/labestiadeportiva.com\/lbd\/wp-content\/uploads\/2026\/03\/IMG-20260309-WA0112.jpg 960w\" sizes=\"(max-width: 768px) 100vw, 768px\" \/><\/a><\/figure>\n<div class='epvc-post-count'><span class='epvc-eye'><\/span>  <span class=\"epvc-count\"> 281<\/span><span class='epvc-label'> veces le\u00edda<\/span><\/div>\n<div class=\"jwsharethis\">\nShare this: \n<br \/>\n<a href=\"mailto:?subject=%C2%ABFue%20una%20experiencia%20%C3%BAnica%20representar%20a%20la%20Argentina%20en%20aguas%20heladas%C2%BB&amp;body=https%3A%2F%2Flabestiadeportiva.com%2Flbd%2Ffue-una-experiencia-unica-representar-a-la-argentina-en-aguas-heladas%2F\">\n<img src=\"https:\/\/labestiadeportiva.com\/lbd\/wp-content\/plugins\/jw-share-this\/email.png\" alt=\"Share this page via Email\" \/>\n<\/a>\n<a target=\"_blank\" href=\"http:\/\/www.stumbleupon.com\/submit?url=https%3A%2F%2Flabestiadeportiva.com%2Flbd%2Ffue-una-experiencia-unica-representar-a-la-argentina-en-aguas-heladas%2F&amp;title=%C2%ABFue+una+experiencia+%C3%BAnica+representar+a+la+Argentina+en+aguas+heladas%C2%BB\">\n<img src=\"https:\/\/labestiadeportiva.com\/lbd\/wp-content\/plugins\/jw-share-this\/su.png\" alt=\"Share this page via Stumble Upon\" \/>\n<\/a>\n<a target=\"_blank\" href=\"http:\/\/digg.com\/submit?url=https%3A%2F%2Flabestiadeportiva.com%2Flbd%2Ffue-una-experiencia-unica-representar-a-la-argentina-en-aguas-heladas%2F&amp;title=%C2%ABFue+una+experiencia+%C3%BAnica+representar+a+la+Argentina+en+aguas+heladas%C2%BB\">\n<img src=\"https:\/\/labestiadeportiva.com\/lbd\/wp-content\/plugins\/jw-share-this\/digg.png\" alt=\"Share this page via Digg this\" \/>\n<\/a>\n<a target=\"_blank\" href=\"http:\/\/www.facebook.com\/sharer.php?u=https%3A%2F%2Flabestiadeportiva.com%2Flbd%2Ffue-una-experiencia-unica-representar-a-la-argentina-en-aguas-heladas%2F&amp;t=%C2%ABFue+una+experiencia+%C3%BAnica+representar+a+la+Argentina+en+aguas+heladas%C2%BB\">\n<img src=\"https:\/\/labestiadeportiva.com\/lbd\/wp-content\/plugins\/jw-share-this\/fb.png\" alt=\"Share this page via Facebook\" \/>\n<\/a>\n<a target=\"_blank\" href=\"http:\/\/twitter.com\/intent\/tweet?text=I+like+https%3A%2F%2Flabestiadeportiva.com%2Flbd%2Ffue-una-experiencia-unica-representar-a-la-argentina-en-aguas-heladas%2F&amp;title=%C2%ABFue+una+experiencia+%C3%BAnica+representar+a+la+Argentina+en+aguas+heladas%C2%BB\">\n<img src=\"https:\/\/labestiadeportiva.com\/lbd\/wp-content\/plugins\/jw-share-this\/twitter.png\" alt=\"Share this page via Twitter\" \/>\n<\/a>\n<\/div>\n","protected":false},"excerpt":{"rendered":"<p>El nadador Santacruce\u00f1o Tom\u00e1s Bonilla protagoniz\u00f3 una actuaci\u00f3n memorable en su primera experiencia internacional, logrando 14 podios en competencias disputadas en Suecia y Finlandia, en escenarios marcados por temperaturas extremas y aguas cercanas al congelamiento. 281 veces le\u00edda Share this:<\/p>\n","protected":false},"author":1,"featured_media":0,"comment_status":"open","ping_status":"open","sticky":false,"template":"","format":"standard","meta":[],"categories":[5873,4,6,2088,1],"tags":[5293,5683,83,5874],"_links":{"self":[{"href":"https:\/\/labestiadeportiva.com\/lbd\/wp-json\/wp\/v2\/posts\/54251"}],"collection":[{"href":"https:\/\/labestiadeportiva.com\/lbd\/wp-json\/wp\/v2\/posts"}],"about":[{"href":"https:\/\/labestiadeportiva.com\/lbd\/wp-json\/wp\/v2\/types\/post"}],"author":[{"embeddable":true,"href":"https:\/\/labestiadeportiva.com\/lbd\/wp-json\/wp\/v2\/users\/1"}],"replies":[{"embeddable":true,"href":"https:\/\/labestiadeportiva.com\/lbd\/wp-json\/wp\/v2\/comments?post=54251"}],"version-history":[{"count":1,"href":"https:\/\/labestiadeportiva.com\/lbd\/wp-json\/wp\/v2\/posts\/54251\/revisions"}],"predecessor-version":[{"id":54256,"href":"https:\/\/labestiadeportiva.com\/lbd\/wp-json\/wp\/v2\/posts\/54251\/revisions\/54256"}],"wp:attachment":[{"href":"https:\/\/labestiadeportiva.com\/lbd\/wp-json\/wp\/v2\/media?parent=54251"}],"wp:term":[{"taxonomy":"category","embeddable":true,"href":"https:\/\/labestiadeportiva.com\/lbd\/wp-json\/wp\/v2\/categories?post=54251"},{"taxonomy":"post_tag","embeddable":true,"href":"https:\/\/labestiadeportiva.com\/lbd\/wp-json\/wp\/v2\/tags?post=54251"}],"curies":[{"name":"wp","href":"https:\/\/api.w.org\/{rel}","templated":true}]}}