{"id":54257,"date":"2026-03-10T12:35:02","date_gmt":"2026-03-10T15:35:02","guid":{"rendered":"https:\/\/labestiadeportiva.com\/lbd\/?p=54257"},"modified":"2026-03-17T08:14:02","modified_gmt":"2026-03-17T11:14:02","slug":"en-competencia-audio","status":"publish","type":"post","link":"https:\/\/labestiadeportiva.com\/lbd\/en-competencia-audio\/","title":{"rendered":"En competencia (Audio)"},"content":{"rendered":"\n<figure class=\"wp-block-image size-large\"><a href=\"https:\/\/labestiadeportiva.com\/lbd\/wp-content\/uploads\/2026\/03\/IMG-20260310-WA0051.jpg\"><img loading=\"lazy\" width=\"768\" height=\"1024\" src=\"https:\/\/labestiadeportiva.com\/lbd\/wp-content\/uploads\/2026\/03\/IMG-20260310-WA0051-768x1024.jpg\" alt=\"\" class=\"wp-image-54258\" srcset=\"https:\/\/labestiadeportiva.com\/lbd\/wp-content\/uploads\/2026\/03\/IMG-20260310-WA0051-768x1024.jpg 768w, https:\/\/labestiadeportiva.com\/lbd\/wp-content\/uploads\/2026\/03\/IMG-20260310-WA0051-225x300.jpg 225w, https:\/\/labestiadeportiva.com\/lbd\/wp-content\/uploads\/2026\/03\/IMG-20260310-WA0051-1152x1536.jpg 1152w, https:\/\/labestiadeportiva.com\/lbd\/wp-content\/uploads\/2026\/03\/IMG-20260310-WA0051-640x853.jpg 640w, https:\/\/labestiadeportiva.com\/lbd\/wp-content\/uploads\/2026\/03\/IMG-20260310-WA0051.jpg 1200w\" sizes=\"(max-width: 768px) 100vw, 768px\" \/><\/a><\/figure>\n\n\n\n<figure class=\"wp-block-image size-full\"><a href=\"http:\/\/labestiadeportiva.com\/lbd\/wp-content\/uploads\/2022\/11\/CARA_PEREZ-2.jpg\"><img loading=\"lazy\" width=\"600\" height=\"124\" src=\"http:\/\/labestiadeportiva.com\/lbd\/wp-content\/uploads\/2022\/11\/CARA_PEREZ-2.jpg\" alt=\"\" class=\"wp-image-43576\" srcset=\"https:\/\/labestiadeportiva.com\/lbd\/wp-content\/uploads\/2022\/11\/CARA_PEREZ-2.jpg 600w, https:\/\/labestiadeportiva.com\/lbd\/wp-content\/uploads\/2022\/11\/CARA_PEREZ-2-300x62.jpg 300w\" sizes=\"(max-width: 600px) 100vw, 600px\" \/><\/a><\/figure>\n\n\n\n<p>Los ushuaienses Omar Lorenzo y Nicol\u00e1s Lima comenzaron su participaci\u00f3n en los Juegos Paral\u00edmpicos de Invierno, Italia 2026.<\/p>\n\n\n\n<p>Desde el viejo continente la entrenadora del equipo nacional, Mar\u00eda Gir\u00f3, nos pone al tanto de lo sucedido hasta el momento como as\u00ed tambi\u00e9n nos adelant\u00f3 las pr\u00f3ximas pruebas que realizar\u00e1n nuestros representantes.<\/p>\n\n\n\n<p>Compartimos el audio exclusivo puesto al aire este martes en la 99.9 Radio Provincia.<\/p>\n\n\n\n<figure class=\"wp-block-image size-large\"><a href=\"https:\/\/labestiadeportiva.com\/lbd\/wp-content\/uploads\/2026\/03\/IMG-20260310-WA0056.jpg\"><img loading=\"lazy\" width=\"768\" height=\"1024\" src=\"https:\/\/labestiadeportiva.com\/lbd\/wp-content\/uploads\/2026\/03\/IMG-20260310-WA0056-768x1024.jpg\" alt=\"\" class=\"wp-image-54259\" srcset=\"https:\/\/labestiadeportiva.com\/lbd\/wp-content\/uploads\/2026\/03\/IMG-20260310-WA0056-768x1024.jpg 768w, https:\/\/labestiadeportiva.com\/lbd\/wp-content\/uploads\/2026\/03\/IMG-20260310-WA0056-225x300.jpg 225w, https:\/\/labestiadeportiva.com\/lbd\/wp-content\/uploads\/2026\/03\/IMG-20260310-WA0056-1152x1536.jpg 1152w, https:\/\/labestiadeportiva.com\/lbd\/wp-content\/uploads\/2026\/03\/IMG-20260310-WA0056-640x853.jpg 640w, https:\/\/labestiadeportiva.com\/lbd\/wp-content\/uploads\/2026\/03\/IMG-20260310-WA0056.jpg 1200w\" sizes=\"(max-width: 768px) 100vw, 768px\" \/><\/a><\/figure>\n\n\n\n<!--more-->\n\n\n\n<figure class=\"wp-block-embed is-type-video is-provider-youtube wp-block-embed-youtube wp-embed-aspect-9-16 wp-has-aspect-ratio\"><div class=\"wp-block-embed__wrapper\">\n<iframe loading=\"lazy\" title=\"Audio Mar\u00eda Gir\u00f3\/Esqu\u00ed de Fondo Adaptado\/ Juegos Paral\u00edmpicos de Invierno\" width=\"400\" height=\"711\" src=\"https:\/\/www.youtube.com\/embed\/gsoWmraq_Fc?feature=oembed\" frameborder=\"0\" allow=\"accelerometer; autoplay; clipboard-write; encrypted-media; gyroscope; picture-in-picture; web-share\" referrerpolicy=\"strict-origin-when-cross-origin\" allowfullscreen><\/iframe>\n<\/div><\/figure>\n<div class='epvc-post-count'><span class='epvc-eye'><\/span>  <span class=\"epvc-count\"> 303<\/span><span class='epvc-label'> veces le\u00edda<\/span><\/div>\n<div class=\"jwsharethis\">\nShare this: \n<br \/>\n<a href=\"mailto:?subject=En%20competencia%20%28Audio%29&amp;body=https%3A%2F%2Flabestiadeportiva.com%2Flbd%2Fen-competencia-audio%2F\">\n<img src=\"https:\/\/labestiadeportiva.com\/lbd\/wp-content\/plugins\/jw-share-this\/email.png\" alt=\"Share this page via Email\" \/>\n<\/a>\n<a target=\"_blank\" href=\"http:\/\/www.stumbleupon.com\/submit?url=https%3A%2F%2Flabestiadeportiva.com%2Flbd%2Fen-competencia-audio%2F&amp;title=En+competencia+%28Audio%29\">\n<img src=\"https:\/\/labestiadeportiva.com\/lbd\/wp-content\/plugins\/jw-share-this\/su.png\" alt=\"Share this page via Stumble Upon\" \/>\n<\/a>\n<a target=\"_blank\" href=\"http:\/\/digg.com\/submit?url=https%3A%2F%2Flabestiadeportiva.com%2Flbd%2Fen-competencia-audio%2F&amp;title=En+competencia+%28Audio%29\">\n<img src=\"https:\/\/labestiadeportiva.com\/lbd\/wp-content\/plugins\/jw-share-this\/digg.png\" alt=\"Share this page via Digg this\" \/>\n<\/a>\n<a target=\"_blank\" href=\"http:\/\/www.facebook.com\/sharer.php?u=https%3A%2F%2Flabestiadeportiva.com%2Flbd%2Fen-competencia-audio%2F&amp;t=En+competencia+%28Audio%29\">\n<img src=\"https:\/\/labestiadeportiva.com\/lbd\/wp-content\/plugins\/jw-share-this\/fb.png\" alt=\"Share this page via Facebook\" \/>\n<\/a>\n<a target=\"_blank\" href=\"http:\/\/twitter.com\/intent\/tweet?text=I+like+https%3A%2F%2Flabestiadeportiva.com%2Flbd%2Fen-competencia-audio%2F&amp;title=En+competencia+%28Audio%29\">\n<img src=\"https:\/\/labestiadeportiva.com\/lbd\/wp-content\/plugins\/jw-share-this\/twitter.png\" alt=\"Share this page via Twitter\" \/>\n<\/a>\n<\/div>\n","protected":false},"excerpt":{"rendered":"<p>Los ushuaienses Omar Lorenzo y Nicol\u00e1s Lima comenzaron su participaci\u00f3n en los Juegos Paral\u00edmpicos de Invierno, Italia 2026. Desde el viejo continente la entrenadora del equipo nacional, Mar\u00eda Gir\u00f3, nos pone al tanto de lo sucedido hasta el momento como as\u00ed tambi\u00e9n nos adelant\u00f3 las pr\u00f3ximas pruebas que realizar\u00e1n nuestros representantes. Compartimos el audio exclusivo &hellip; <a href=\"https:\/\/labestiadeportiva.com\/lbd\/en-competencia-audio\/\" class=\"more-link\">Seguir leyendo <span class=\"screen-reader-text\">En competencia (Audio)<\/span> <span class=\"meta-nav\">&rarr;<\/span><\/a><\/p>\n","protected":false},"author":1,"featured_media":0,"comment_status":"open","ping_status":"open","sticky":false,"template":"","format":"standard","meta":[],"categories":[5,4,6,60,4433,2797,1],"tags":[5215,5214,5853,4733,83],"_links":{"self":[{"href":"https:\/\/labestiadeportiva.com\/lbd\/wp-json\/wp\/v2\/posts\/54257"}],"collection":[{"href":"https:\/\/labestiadeportiva.com\/lbd\/wp-json\/wp\/v2\/posts"}],"about":[{"href":"https:\/\/labestiadeportiva.com\/lbd\/wp-json\/wp\/v2\/types\/post"}],"author":[{"embeddable":true,"href":"https:\/\/labestiadeportiva.com\/lbd\/wp-json\/wp\/v2\/users\/1"}],"replies":[{"embeddable":true,"href":"https:\/\/labestiadeportiva.com\/lbd\/wp-json\/wp\/v2\/comments?post=54257"}],"version-history":[{"count":2,"href":"https:\/\/labestiadeportiva.com\/lbd\/wp-json\/wp\/v2\/posts\/54257\/revisions"}],"predecessor-version":[{"id":54281,"href":"https:\/\/labestiadeportiva.com\/lbd\/wp-json\/wp\/v2\/posts\/54257\/revisions\/54281"}],"wp:attachment":[{"href":"https:\/\/labestiadeportiva.com\/lbd\/wp-json\/wp\/v2\/media?parent=54257"}],"wp:term":[{"taxonomy":"category","embeddable":true,"href":"https:\/\/labestiadeportiva.com\/lbd\/wp-json\/wp\/v2\/categories?post=54257"},{"taxonomy":"post_tag","embeddable":true,"href":"https:\/\/labestiadeportiva.com\/lbd\/wp-json\/wp\/v2\/tags?post=54257"}],"curies":[{"name":"wp","href":"https:\/\/api.w.org\/{rel}","templated":true}]}}