{"id":54261,"date":"2026-03-10T15:26:29","date_gmt":"2026-03-10T18:26:29","guid":{"rendered":"https:\/\/labestiadeportiva.com\/lbd\/?p=54261"},"modified":"2026-03-10T16:39:53","modified_gmt":"2026-03-10T19:39:53","slug":"hace-un-par-de-semanas-arranque-a-entrenar-con-todo-el-plantel-audio","status":"publish","type":"post","link":"https:\/\/labestiadeportiva.com\/lbd\/hace-un-par-de-semanas-arranque-a-entrenar-con-todo-el-plantel-audio\/","title":{"rendered":"\u00abHace un par de semanas arranqu\u00e9 a entrenar con todo el plantel\u00bb (Audio)"},"content":{"rendered":"\n<figure class=\"wp-block-image size-full is-resized\"><a href=\"https:\/\/labestiadeportiva.com\/lbd\/wp-content\/uploads\/2026\/03\/IMG-20260309-WA01442.jpg\"><img loading=\"lazy\" src=\"https:\/\/labestiadeportiva.com\/lbd\/wp-content\/uploads\/2026\/03\/IMG-20260309-WA01442.jpg\" alt=\"\" class=\"wp-image-54262\" width=\"426\" height=\"837\" srcset=\"https:\/\/labestiadeportiva.com\/lbd\/wp-content\/uploads\/2026\/03\/IMG-20260309-WA01442.jpg 336w, https:\/\/labestiadeportiva.com\/lbd\/wp-content\/uploads\/2026\/03\/IMG-20260309-WA01442-153x300.jpg 153w\" sizes=\"(max-width: 426px) 100vw, 426px\" \/><\/a><\/figure>\n\n\n\n<figure class=\"wp-block-image size-full\"><a href=\"http:\/\/labestiadeportiva.com\/lbd\/wp-content\/uploads\/2022\/11\/CARA_PEREZ-2.jpg\"><img loading=\"lazy\" width=\"600\" height=\"124\" src=\"http:\/\/labestiadeportiva.com\/lbd\/wp-content\/uploads\/2022\/11\/CARA_PEREZ-2.jpg\" alt=\"\" class=\"wp-image-43576\" srcset=\"https:\/\/labestiadeportiva.com\/lbd\/wp-content\/uploads\/2022\/11\/CARA_PEREZ-2.jpg 600w, https:\/\/labestiadeportiva.com\/lbd\/wp-content\/uploads\/2022\/11\/CARA_PEREZ-2-300x62.jpg 300w\" sizes=\"(max-width: 600px) 100vw, 600px\" \/><\/a><\/figure>\n\n\n\n<p>El joven ushuaiense Federico \u00abJustin\u00bb Bleuer es el nuevo integrante del plantel cordob\u00e9s de 4\u00b0 divisi\u00f3n del Club Alumni de Villa Mar\u00eda.<\/p>\n\n\n\n<p>El talentoso fueguino de 18 a\u00f1os, ex integrante de la instituci\u00f3n transportista de f\u00fatbol 11 y futsal, dialog\u00f3 en exclusiva con LBD.<\/p>\n\n\n\n<p>Compartimos la entrevista lograda este martes en la 99.9 Radio Provincia.<\/p>\n\n\n\n<!--more-->\n\n\n\n<p><\/p>\n\n\n\n<figure class=\"wp-block-embed is-type-video is-provider-youtube wp-block-embed-youtube wp-embed-aspect-4-3 wp-has-aspect-ratio\"><div class=\"wp-block-embed__wrapper\">\n<iframe loading=\"lazy\" title=\"Audio Federico Bleuer\" width=\"474\" height=\"356\" src=\"https:\/\/www.youtube.com\/embed\/ThSIaWO7ej0?feature=oembed\" frameborder=\"0\" allow=\"accelerometer; autoplay; clipboard-write; encrypted-media; gyroscope; picture-in-picture; web-share\" referrerpolicy=\"strict-origin-when-cross-origin\" allowfullscreen><\/iframe>\n<\/div><\/figure>\n<div class='epvc-post-count'><span class='epvc-eye'><\/span>  <span class=\"epvc-count\"> 324<\/span><span class='epvc-label'> veces le\u00edda<\/span><\/div>\n<div class=\"jwsharethis\">\nShare this: \n<br \/>\n<a href=\"mailto:?subject=%C2%ABHace%20un%20par%20de%20semanas%20arranqu%C3%A9%20a%20entrenar%20con%20todo%20el%20plantel%C2%BB%20%28Audio%29&amp;body=https%3A%2F%2Flabestiadeportiva.com%2Flbd%2Fhace-un-par-de-semanas-arranque-a-entrenar-con-todo-el-plantel-audio%2F\">\n<img src=\"https:\/\/labestiadeportiva.com\/lbd\/wp-content\/plugins\/jw-share-this\/email.png\" alt=\"Share this page via Email\" \/>\n<\/a>\n<a target=\"_blank\" href=\"http:\/\/www.stumbleupon.com\/submit?url=https%3A%2F%2Flabestiadeportiva.com%2Flbd%2Fhace-un-par-de-semanas-arranque-a-entrenar-con-todo-el-plantel-audio%2F&amp;title=%C2%ABHace+un+par+de+semanas+arranqu%C3%A9+a+entrenar+con+todo+el+plantel%C2%BB+%28Audio%29\">\n<img src=\"https:\/\/labestiadeportiva.com\/lbd\/wp-content\/plugins\/jw-share-this\/su.png\" alt=\"Share this page via Stumble Upon\" \/>\n<\/a>\n<a target=\"_blank\" href=\"http:\/\/digg.com\/submit?url=https%3A%2F%2Flabestiadeportiva.com%2Flbd%2Fhace-un-par-de-semanas-arranque-a-entrenar-con-todo-el-plantel-audio%2F&amp;title=%C2%ABHace+un+par+de+semanas+arranqu%C3%A9+a+entrenar+con+todo+el+plantel%C2%BB+%28Audio%29\">\n<img src=\"https:\/\/labestiadeportiva.com\/lbd\/wp-content\/plugins\/jw-share-this\/digg.png\" alt=\"Share this page via Digg this\" \/>\n<\/a>\n<a target=\"_blank\" href=\"http:\/\/www.facebook.com\/sharer.php?u=https%3A%2F%2Flabestiadeportiva.com%2Flbd%2Fhace-un-par-de-semanas-arranque-a-entrenar-con-todo-el-plantel-audio%2F&amp;t=%C2%ABHace+un+par+de+semanas+arranqu%C3%A9+a+entrenar+con+todo+el+plantel%C2%BB+%28Audio%29\">\n<img src=\"https:\/\/labestiadeportiva.com\/lbd\/wp-content\/plugins\/jw-share-this\/fb.png\" alt=\"Share this page via Facebook\" \/>\n<\/a>\n<a target=\"_blank\" href=\"http:\/\/twitter.com\/intent\/tweet?text=I+like+https%3A%2F%2Flabestiadeportiva.com%2Flbd%2Fhace-un-par-de-semanas-arranque-a-entrenar-con-todo-el-plantel-audio%2F&amp;title=%C2%ABHace+un+par+de+semanas+arranqu%C3%A9+a+entrenar+con+todo+el+plantel%C2%BB+%28Audio%29\">\n<img src=\"https:\/\/labestiadeportiva.com\/lbd\/wp-content\/plugins\/jw-share-this\/twitter.png\" alt=\"Share this page via Twitter\" \/>\n<\/a>\n<\/div>\n","protected":false},"excerpt":{"rendered":"<p>El joven ushuaiense Federico \u00abJustin\u00bb Bleuer es el nuevo integrante del plantel cordob\u00e9s de 4\u00b0 divisi\u00f3n del Club Alumni de Villa Mar\u00eda. El talentoso fueguino de 18 a\u00f1os, ex integrante de la instituci\u00f3n transportista de f\u00fatbol 11 y futsal, dialog\u00f3 en exclusiva con LBD. Compartimos la entrevista lograda este martes en la 99.9 Radio Provincia. &hellip; <a href=\"https:\/\/labestiadeportiva.com\/lbd\/hace-un-par-de-semanas-arranque-a-entrenar-con-todo-el-plantel-audio\/\" class=\"more-link\">Seguir leyendo <span class=\"screen-reader-text\">\u00abHace un par de semanas arranqu\u00e9 a entrenar con todo el plantel\u00bb (Audio)<\/span> <span class=\"meta-nav\">&rarr;<\/span><\/a><\/p>\n","protected":false},"author":1,"featured_media":0,"comment_status":"open","ping_status":"open","sticky":false,"template":"","format":"standard","meta":[],"categories":[5,6,60,3083,1],"tags":[5876,4838,5875,4597,83],"_links":{"self":[{"href":"https:\/\/labestiadeportiva.com\/lbd\/wp-json\/wp\/v2\/posts\/54261"}],"collection":[{"href":"https:\/\/labestiadeportiva.com\/lbd\/wp-json\/wp\/v2\/posts"}],"about":[{"href":"https:\/\/labestiadeportiva.com\/lbd\/wp-json\/wp\/v2\/types\/post"}],"author":[{"embeddable":true,"href":"https:\/\/labestiadeportiva.com\/lbd\/wp-json\/wp\/v2\/users\/1"}],"replies":[{"embeddable":true,"href":"https:\/\/labestiadeportiva.com\/lbd\/wp-json\/wp\/v2\/comments?post=54261"}],"version-history":[{"count":3,"href":"https:\/\/labestiadeportiva.com\/lbd\/wp-json\/wp\/v2\/posts\/54261\/revisions"}],"predecessor-version":[{"id":54265,"href":"https:\/\/labestiadeportiva.com\/lbd\/wp-json\/wp\/v2\/posts\/54261\/revisions\/54265"}],"wp:attachment":[{"href":"https:\/\/labestiadeportiva.com\/lbd\/wp-json\/wp\/v2\/media?parent=54261"}],"wp:term":[{"taxonomy":"category","embeddable":true,"href":"https:\/\/labestiadeportiva.com\/lbd\/wp-json\/wp\/v2\/categories?post=54261"},{"taxonomy":"post_tag","embeddable":true,"href":"https:\/\/labestiadeportiva.com\/lbd\/wp-json\/wp\/v2\/tags?post=54261"}],"curies":[{"name":"wp","href":"https:\/\/api.w.org\/{rel}","templated":true}]}}