{"id":54267,"date":"2026-03-11T12:41:24","date_gmt":"2026-03-11T15:41:24","guid":{"rendered":"https:\/\/labestiadeportiva.com\/lbd\/?p=54267"},"modified":"2026-03-17T08:12:21","modified_gmt":"2026-03-17T11:12:21","slug":"la-vtdf-con-novedades-audio","status":"publish","type":"post","link":"https:\/\/labestiadeportiva.com\/lbd\/la-vtdf-con-novedades-audio\/","title":{"rendered":"La VTDF con novedades (Audio)"},"content":{"rendered":"\n<figure class=\"wp-block-image size-large\"><a href=\"https:\/\/labestiadeportiva.com\/lbd\/wp-content\/uploads\/2026\/03\/IMG-20260311-WA00422.jpg\"><img loading=\"lazy\" width=\"1024\" height=\"634\" src=\"https:\/\/labestiadeportiva.com\/lbd\/wp-content\/uploads\/2026\/03\/IMG-20260311-WA00422-1024x634.jpg\" alt=\"\" class=\"wp-image-54268\" srcset=\"https:\/\/labestiadeportiva.com\/lbd\/wp-content\/uploads\/2026\/03\/IMG-20260311-WA00422-1024x634.jpg 1024w, https:\/\/labestiadeportiva.com\/lbd\/wp-content\/uploads\/2026\/03\/IMG-20260311-WA00422-300x186.jpg 300w, https:\/\/labestiadeportiva.com\/lbd\/wp-content\/uploads\/2026\/03\/IMG-20260311-WA00422-768x476.jpg 768w, https:\/\/labestiadeportiva.com\/lbd\/wp-content\/uploads\/2026\/03\/IMG-20260311-WA00422-640x396.jpg 640w, https:\/\/labestiadeportiva.com\/lbd\/wp-content\/uploads\/2026\/03\/IMG-20260311-WA00422.jpg 1200w\" sizes=\"(max-width: 1024px) 100vw, 1024px\" \/><\/a><\/figure>\n\n\n\n<figure class=\"wp-block-image size-full\"><a href=\"http:\/\/labestiadeportiva.com\/lbd\/wp-content\/uploads\/2022\/11\/CARA_PEREZ-2.jpg\"><img loading=\"lazy\" width=\"600\" height=\"124\" src=\"http:\/\/labestiadeportiva.com\/lbd\/wp-content\/uploads\/2022\/11\/CARA_PEREZ-2.jpg\" alt=\"\" class=\"wp-image-43576\" srcset=\"https:\/\/labestiadeportiva.com\/lbd\/wp-content\/uploads\/2022\/11\/CARA_PEREZ-2.jpg 600w, https:\/\/labestiadeportiva.com\/lbd\/wp-content\/uploads\/2022\/11\/CARA_PEREZ-2-300x62.jpg 300w\" sizes=\"(max-width: 600px) 100vw, 600px\" \/><\/a><\/figure>\n\n\n\n<p>Recta final hacia la versi\u00f3n 2026 de la ic\u00f3nica competencia motocicl\u00edstica que llegar\u00e1 el pr\u00f3ximo 3, 4 y 5 de abril.<\/p>\n\n\n\n<p>Hasta el momento hay m\u00e1s de 120 inscriptos, se confirm\u00f3 la llegada a la capital provincial en la zona de los containers ubicados una curva antes del ingreso a Ushuaia. <\/p>\n\n\n\n<p>Los participantes, que en esta oportunidad largar\u00e1n de a tres, continuar\u00e1n en enlace hacia la zona de la Pasarela Fique donde las m\u00e1quinas ser\u00e1n exhibidas al p\u00fablico.<\/p>\n\n\n\n<p>Asimismo este fin de semana en R\u00edo Grande  se realizar\u00e1 el Lanzamiento Oficial de la prueba.<\/p>\n\n\n\n<p>Todos los detalles en la entrevista realizada este mi\u00e9rcoles en la 99.9 Radio Provincia al Presidente del Moto Club RG, Roberto Aguilar.<\/p>\n\n\n\n<figure class=\"wp-block-image size-large\"><a href=\"https:\/\/labestiadeportiva.com\/lbd\/wp-content\/uploads\/2026\/03\/IMG-20260311-WA0048.jpg\"><img loading=\"lazy\" width=\"713\" height=\"1024\" src=\"https:\/\/labestiadeportiva.com\/lbd\/wp-content\/uploads\/2026\/03\/IMG-20260311-WA0048-713x1024.jpg\" alt=\"\" class=\"wp-image-54269\" srcset=\"https:\/\/labestiadeportiva.com\/lbd\/wp-content\/uploads\/2026\/03\/IMG-20260311-WA0048-713x1024.jpg 713w, https:\/\/labestiadeportiva.com\/lbd\/wp-content\/uploads\/2026\/03\/IMG-20260311-WA0048-209x300.jpg 209w, https:\/\/labestiadeportiva.com\/lbd\/wp-content\/uploads\/2026\/03\/IMG-20260311-WA0048-768x1102.jpg 768w, https:\/\/labestiadeportiva.com\/lbd\/wp-content\/uploads\/2026\/03\/IMG-20260311-WA0048-640x919.jpg 640w, https:\/\/labestiadeportiva.com\/lbd\/wp-content\/uploads\/2026\/03\/IMG-20260311-WA0048.jpg 864w\" sizes=\"(max-width: 713px) 100vw, 713px\" \/><\/a><\/figure>\n\n\n\n<!--more-->\n\n\n\n<figure class=\"wp-block-embed is-type-video is-provider-youtube wp-block-embed-youtube wp-embed-aspect-4-3 wp-has-aspect-ratio\"><div class=\"wp-block-embed__wrapper\">\n<iframe loading=\"lazy\" title=\"Audio Roberto Aguilar\" width=\"474\" height=\"356\" src=\"https:\/\/www.youtube.com\/embed\/h-FhUhuW2RQ?feature=oembed\" frameborder=\"0\" allow=\"accelerometer; autoplay; clipboard-write; encrypted-media; gyroscope; picture-in-picture; web-share\" referrerpolicy=\"strict-origin-when-cross-origin\" allowfullscreen><\/iframe>\n<\/div><\/figure>\n\n\n\n<p><\/p>\n<div class='epvc-post-count'><span class='epvc-eye'><\/span>  <span class=\"epvc-count\"> 327<\/span><span class='epvc-label'> veces le\u00edda<\/span><\/div>\n<div class=\"jwsharethis\">\nShare this: \n<br \/>\n<a href=\"mailto:?subject=La%20VTDF%20con%20novedades%20%28Audio%29&amp;body=https%3A%2F%2Flabestiadeportiva.com%2Flbd%2Fla-vtdf-con-novedades-audio%2F\">\n<img src=\"https:\/\/labestiadeportiva.com\/lbd\/wp-content\/plugins\/jw-share-this\/email.png\" alt=\"Share this page via Email\" \/>\n<\/a>\n<a target=\"_blank\" href=\"http:\/\/www.stumbleupon.com\/submit?url=https%3A%2F%2Flabestiadeportiva.com%2Flbd%2Fla-vtdf-con-novedades-audio%2F&amp;title=La+VTDF+con+novedades+%28Audio%29\">\n<img src=\"https:\/\/labestiadeportiva.com\/lbd\/wp-content\/plugins\/jw-share-this\/su.png\" alt=\"Share this page via Stumble Upon\" \/>\n<\/a>\n<a target=\"_blank\" href=\"http:\/\/digg.com\/submit?url=https%3A%2F%2Flabestiadeportiva.com%2Flbd%2Fla-vtdf-con-novedades-audio%2F&amp;title=La+VTDF+con+novedades+%28Audio%29\">\n<img src=\"https:\/\/labestiadeportiva.com\/lbd\/wp-content\/plugins\/jw-share-this\/digg.png\" alt=\"Share this page via Digg this\" \/>\n<\/a>\n<a target=\"_blank\" href=\"http:\/\/www.facebook.com\/sharer.php?u=https%3A%2F%2Flabestiadeportiva.com%2Flbd%2Fla-vtdf-con-novedades-audio%2F&amp;t=La+VTDF+con+novedades+%28Audio%29\">\n<img src=\"https:\/\/labestiadeportiva.com\/lbd\/wp-content\/plugins\/jw-share-this\/fb.png\" alt=\"Share this page via Facebook\" \/>\n<\/a>\n<a target=\"_blank\" href=\"http:\/\/twitter.com\/intent\/tweet?text=I+like+https%3A%2F%2Flabestiadeportiva.com%2Flbd%2Fla-vtdf-con-novedades-audio%2F&amp;title=La+VTDF+con+novedades+%28Audio%29\">\n<img src=\"https:\/\/labestiadeportiva.com\/lbd\/wp-content\/plugins\/jw-share-this\/twitter.png\" alt=\"Share this page via Twitter\" \/>\n<\/a>\n<\/div>\n","protected":false},"excerpt":{"rendered":"<p>Recta final hacia la versi\u00f3n 2026 de la ic\u00f3nica competencia motocicl\u00edstica que llegar\u00e1 el pr\u00f3ximo 3, 4 y 5 de abril. Hasta el momento hay m\u00e1s de 120 inscriptos, se confirm\u00f3 la llegada a la capital provincial en la zona de los containers ubicados una curva antes del ingreso a Ushuaia. Los participantes, que en &hellip; <a href=\"https:\/\/labestiadeportiva.com\/lbd\/la-vtdf-con-novedades-audio\/\" class=\"more-link\">Seguir leyendo <span class=\"screen-reader-text\">La VTDF con novedades (Audio)<\/span> <span class=\"meta-nav\">&rarr;<\/span><\/a><\/p>\n","protected":false},"author":1,"featured_media":0,"comment_status":"open","ping_status":"open","sticky":false,"template":"","format":"standard","meta":[],"categories":[5,4,6,60,2159,1],"tags":[5878,4838,4138,83,5877],"_links":{"self":[{"href":"https:\/\/labestiadeportiva.com\/lbd\/wp-json\/wp\/v2\/posts\/54267"}],"collection":[{"href":"https:\/\/labestiadeportiva.com\/lbd\/wp-json\/wp\/v2\/posts"}],"about":[{"href":"https:\/\/labestiadeportiva.com\/lbd\/wp-json\/wp\/v2\/types\/post"}],"author":[{"embeddable":true,"href":"https:\/\/labestiadeportiva.com\/lbd\/wp-json\/wp\/v2\/users\/1"}],"replies":[{"embeddable":true,"href":"https:\/\/labestiadeportiva.com\/lbd\/wp-json\/wp\/v2\/comments?post=54267"}],"version-history":[{"count":3,"href":"https:\/\/labestiadeportiva.com\/lbd\/wp-json\/wp\/v2\/posts\/54267\/revisions"}],"predecessor-version":[{"id":54280,"href":"https:\/\/labestiadeportiva.com\/lbd\/wp-json\/wp\/v2\/posts\/54267\/revisions\/54280"}],"wp:attachment":[{"href":"https:\/\/labestiadeportiva.com\/lbd\/wp-json\/wp\/v2\/media?parent=54267"}],"wp:term":[{"taxonomy":"category","embeddable":true,"href":"https:\/\/labestiadeportiva.com\/lbd\/wp-json\/wp\/v2\/categories?post=54267"},{"taxonomy":"post_tag","embeddable":true,"href":"https:\/\/labestiadeportiva.com\/lbd\/wp-json\/wp\/v2\/tags?post=54267"}],"curies":[{"name":"wp","href":"https:\/\/api.w.org\/{rel}","templated":true}]}}