{"id":54523,"date":"2026-04-29T09:01:52","date_gmt":"2026-04-29T12:01:52","guid":{"rendered":"https:\/\/labestiadeportiva.com\/lbd\/?p=54523"},"modified":"2026-04-29T09:01:56","modified_gmt":"2026-04-29T12:01:56","slug":"hispano-entre-los-10-mejores-del-pais","status":"publish","type":"post","link":"https:\/\/labestiadeportiva.com\/lbd\/hispano-entre-los-10-mejores-del-pais\/","title":{"rendered":"Hispano entre los 10 mejores del pais"},"content":{"rendered":"\n<figure class=\"wp-block-image size-large\"><a href=\"https:\/\/labestiadeportiva.com\/lbd\/wp-content\/uploads\/2026\/04\/IMG-20260429-WA0013.jpg\"><img loading=\"lazy\" width=\"825\" height=\"1024\" src=\"https:\/\/labestiadeportiva.com\/lbd\/wp-content\/uploads\/2026\/04\/IMG-20260429-WA0013-825x1024.jpg\" alt=\"\" class=\"wp-image-54524\" srcset=\"https:\/\/labestiadeportiva.com\/lbd\/wp-content\/uploads\/2026\/04\/IMG-20260429-WA0013-825x1024.jpg 825w, https:\/\/labestiadeportiva.com\/lbd\/wp-content\/uploads\/2026\/04\/IMG-20260429-WA0013-242x300.jpg 242w, https:\/\/labestiadeportiva.com\/lbd\/wp-content\/uploads\/2026\/04\/IMG-20260429-WA0013-768x954.jpg 768w, https:\/\/labestiadeportiva.com\/lbd\/wp-content\/uploads\/2026\/04\/IMG-20260429-WA0013-640x795.jpg 640w, https:\/\/labestiadeportiva.com\/lbd\/wp-content\/uploads\/2026\/04\/IMG-20260429-WA0013.jpg 1080w\" sizes=\"(max-width: 825px) 100vw, 825px\" \/><\/a><\/figure>\n\n\n\n<figure class=\"wp-block-image size-full\"><a href=\"http:\/\/labestiadeportiva.com\/lbd\/wp-content\/uploads\/2022\/11\/CARA_BAROLI-1.jpg\"><img loading=\"lazy\" width=\"600\" height=\"124\" src=\"http:\/\/labestiadeportiva.com\/lbd\/wp-content\/uploads\/2022\/11\/CARA_BAROLI-1.jpg\" alt=\"\" class=\"wp-image-43574\" srcset=\"https:\/\/labestiadeportiva.com\/lbd\/wp-content\/uploads\/2022\/11\/CARA_BAROLI-1.jpg 600w, https:\/\/labestiadeportiva.com\/lbd\/wp-content\/uploads\/2022\/11\/CARA_BAROLI-1-300x62.jpg 300w\" sizes=\"(max-width: 600px) 100vw, 600px\" \/><\/a><\/figure>\n\n\n\n<p>El Club Hispano Americano tuvo una destacada participaci\u00f3n en el Campeonato de la Rep\u00fablica de Nataci\u00f3n, categor\u00edas Juveniles y Junior, disputado en Buenos Aires, donde se midi\u00f3 ante 64 instituciones de toda la Argentina.<\/p>\n\n\n\n<!--more-->\n\n\n\n<p>Otra actuaci\u00f3n hist\u00f3rica para la nataci\u00f3n de Hispano Americano. La delegaci\u00f3n santacruce\u00f1a, integrada por 12 nadadores, volvi\u00f3 a posicionarse entre los mejores al finalizar en el 9\u00b0 puesto por equipos en Juveniles, consolid\u00e1ndose una vez m\u00e1s en el top ten nacional.<\/p>\n\n\n\n<p>El equipo estuvo conformado por <strong>Lourdes Bicocca, P\u00eda Albornoz, Federica Lucero, Jana Manr\u00edquez, Dana Garc\u00eda, Trinidad Vivar, Zoe Acu\u00f1a, Santiago Brigato, Lucas Ag\u00fcero, David Arias, Theo Quiroga y Joaqu\u00edn Zuleta<\/strong>.<\/p>\n\n\n\n<p>En el plano individual, sobresali\u00f3 Lourdes Bicocca, quien se consagr\u00f3 subcampeona de la Rep\u00fablica en los 1500 metros libres Juveniles 2, adem\u00e1s de obtener dos medallas de bronce (200 mariposa y 800 libres) y un 4\u00b0 puesto en 400 libres.<br><\/p>\n\n\n\n<p>Por su parte, Dana Garc\u00eda tambi\u00e9n tuvo una actuaci\u00f3n destacada con medalla de bronce en 200 metros espalda, adem\u00e1s de m\u00faltiples finales: 4\u00b0 en 200 y 400 combinados, 4\u00b0 en 1500 libres y 5\u00b0 en 800 libres.<\/p>\n\n\n\n<p>Entre los varones, se destacaron Joaqu\u00edn Zuleta (5\u00b0 en 1500 y 800 libres), David Arias (4\u00b0 en 200 mariposa y 6\u00b0 en 1500 libres) y Theo Quiroga (8\u00b0 en 1500 libres), todos con ???? constante en finales A.<\/p>\n\n\n\n<p>En pruebas por equipos, Hispano tambi\u00e9n dej\u00f3 su huella: Subcampeonas de la Rep\u00fablica en la posta 4&#215;100 estilos Juveniles 2 (Garc\u00eda, Manr\u00edquez, Bicocca y Acu\u00f1a).<br>Medalla de bronce en la posta 4&#215;200 libres Juveniles 2 (Garc\u00eda, Bicocca, Acu\u00f1a y Vivar).<br>5\u00b0 puesto en la posta 4&#215;100 libres Juveniles 2 damas.<br>4\u00b0 puesto en la posta 4&#215;200 libres Juveniles 1 varones.<br>8\u00b0 puesto en la posta 4&#215;100 libres Juveniles 1 varones.<\/p>\n\n\n\n<p>Adem\u00e1s, se sumaron importantes actuaciones como el 6\u00b0 puesto de Jana Manr\u00edquez en 200 pecho, el 7\u00b0 lugar de Zoe Acu\u00f1a en 800 libres y varias finales en pruebas combinadas.<\/p>\n\n\n\n<p>Con estos resultados, Hispano Americano de Santa Cruz, ratifica su crecimiento sostenido en la nataci\u00f3n nacional, destac\u00e1ndose no solo por las medallas obtenidas sino tambi\u00e9n por la profundidad de su equipo y la presencia constante en finales, reafirmando su lugar entre los clubes m\u00e1s competitivos del pa\u00eds.<\/p>\n<div class='epvc-post-count'><span class='epvc-eye'><\/span>  <span class=\"epvc-count\"> 65<\/span><span class='epvc-label'> veces le\u00edda<\/span><\/div>\n<div class=\"jwsharethis\">\nShare this: \n<br \/>\n<a href=\"mailto:?subject=Hispano%20entre%20los%2010%20mejores%20del%20pais&amp;body=https%3A%2F%2Flabestiadeportiva.com%2Flbd%2Fhispano-entre-los-10-mejores-del-pais%2F\">\n<img src=\"https:\/\/labestiadeportiva.com\/lbd\/wp-content\/plugins\/jw-share-this\/email.png\" alt=\"Share this page via Email\" \/>\n<\/a>\n<a target=\"_blank\" href=\"http:\/\/www.stumbleupon.com\/submit?url=https%3A%2F%2Flabestiadeportiva.com%2Flbd%2Fhispano-entre-los-10-mejores-del-pais%2F&amp;title=Hispano+entre+los+10+mejores+del+pais\">\n<img src=\"https:\/\/labestiadeportiva.com\/lbd\/wp-content\/plugins\/jw-share-this\/su.png\" alt=\"Share this page via Stumble Upon\" \/>\n<\/a>\n<a target=\"_blank\" href=\"http:\/\/digg.com\/submit?url=https%3A%2F%2Flabestiadeportiva.com%2Flbd%2Fhispano-entre-los-10-mejores-del-pais%2F&amp;title=Hispano+entre+los+10+mejores+del+pais\">\n<img src=\"https:\/\/labestiadeportiva.com\/lbd\/wp-content\/plugins\/jw-share-this\/digg.png\" alt=\"Share this page via Digg this\" \/>\n<\/a>\n<a target=\"_blank\" href=\"http:\/\/www.facebook.com\/sharer.php?u=https%3A%2F%2Flabestiadeportiva.com%2Flbd%2Fhispano-entre-los-10-mejores-del-pais%2F&amp;t=Hispano+entre+los+10+mejores+del+pais\">\n<img src=\"https:\/\/labestiadeportiva.com\/lbd\/wp-content\/plugins\/jw-share-this\/fb.png\" alt=\"Share this page via Facebook\" \/>\n<\/a>\n<a target=\"_blank\" href=\"http:\/\/twitter.com\/intent\/tweet?text=I+like+https%3A%2F%2Flabestiadeportiva.com%2Flbd%2Fhispano-entre-los-10-mejores-del-pais%2F&amp;title=Hispano+entre+los+10+mejores+del+pais\">\n<img src=\"https:\/\/labestiadeportiva.com\/lbd\/wp-content\/plugins\/jw-share-this\/twitter.png\" alt=\"Share this page via Twitter\" \/>\n<\/a>\n<\/div>\n","protected":false},"excerpt":{"rendered":"<p>El Club Hispano Americano tuvo una destacada participaci\u00f3n en el Campeonato de la Rep\u00fablica de Nataci\u00f3n, categor\u00edas Juveniles y Junior, disputado en Buenos Aires, donde se midi\u00f3 ante 64 instituciones de toda la Argentina. 65 veces le\u00edda Share this:<\/p>\n","protected":false},"author":1,"featured_media":0,"comment_status":"open","ping_status":"open","sticky":false,"template":"","format":"standard","meta":[],"categories":[6,2088,1],"tags":[5919,3120,5918,83],"_links":{"self":[{"href":"https:\/\/labestiadeportiva.com\/lbd\/wp-json\/wp\/v2\/posts\/54523"}],"collection":[{"href":"https:\/\/labestiadeportiva.com\/lbd\/wp-json\/wp\/v2\/posts"}],"about":[{"href":"https:\/\/labestiadeportiva.com\/lbd\/wp-json\/wp\/v2\/types\/post"}],"author":[{"embeddable":true,"href":"https:\/\/labestiadeportiva.com\/lbd\/wp-json\/wp\/v2\/users\/1"}],"replies":[{"embeddable":true,"href":"https:\/\/labestiadeportiva.com\/lbd\/wp-json\/wp\/v2\/comments?post=54523"}],"version-history":[{"count":1,"href":"https:\/\/labestiadeportiva.com\/lbd\/wp-json\/wp\/v2\/posts\/54523\/revisions"}],"predecessor-version":[{"id":54525,"href":"https:\/\/labestiadeportiva.com\/lbd\/wp-json\/wp\/v2\/posts\/54523\/revisions\/54525"}],"wp:attachment":[{"href":"https:\/\/labestiadeportiva.com\/lbd\/wp-json\/wp\/v2\/media?parent=54523"}],"wp:term":[{"taxonomy":"category","embeddable":true,"href":"https:\/\/labestiadeportiva.com\/lbd\/wp-json\/wp\/v2\/categories?post=54523"},{"taxonomy":"post_tag","embeddable":true,"href":"https:\/\/labestiadeportiva.com\/lbd\/wp-json\/wp\/v2\/tags?post=54523"}],"curies":[{"name":"wp","href":"https:\/\/api.w.org\/{rel}","templated":true}]}}