{"id":54526,"date":"2026-04-29T14:53:37","date_gmt":"2026-04-29T17:53:37","guid":{"rendered":"https:\/\/labestiadeportiva.com\/lbd\/?p=54526"},"modified":"2026-04-29T15:42:48","modified_gmt":"2026-04-29T18:42:48","slug":"este-ano-es-el-mas-movido-desde-marzo-que-estoy-viajando-audio","status":"publish","type":"post","link":"https:\/\/labestiadeportiva.com\/lbd\/este-ano-es-el-mas-movido-desde-marzo-que-estoy-viajando-audio\/","title":{"rendered":"\u00abEste a\u00f1o es el m\u00e1s movido, desde marzo que estoy viajando\u00bb (Audio)"},"content":{"rendered":"\n<figure class=\"wp-block-image size-large\"><a href=\"https:\/\/labestiadeportiva.com\/lbd\/wp-content\/uploads\/2026\/04\/IMG-20260429-WA0043-scaled.jpg\"><img loading=\"lazy\" width=\"678\" height=\"1024\" src=\"https:\/\/labestiadeportiva.com\/lbd\/wp-content\/uploads\/2026\/04\/IMG-20260429-WA0043-678x1024.jpg\" alt=\"\" class=\"wp-image-54527\" srcset=\"https:\/\/labestiadeportiva.com\/lbd\/wp-content\/uploads\/2026\/04\/IMG-20260429-WA0043-678x1024.jpg 678w, https:\/\/labestiadeportiva.com\/lbd\/wp-content\/uploads\/2026\/04\/IMG-20260429-WA0043-199x300.jpg 199w, https:\/\/labestiadeportiva.com\/lbd\/wp-content\/uploads\/2026\/04\/IMG-20260429-WA0043-768x1159.jpg 768w, https:\/\/labestiadeportiva.com\/lbd\/wp-content\/uploads\/2026\/04\/IMG-20260429-WA0043-1018x1536.jpg 1018w, https:\/\/labestiadeportiva.com\/lbd\/wp-content\/uploads\/2026\/04\/IMG-20260429-WA0043-1357x2048.jpg 1357w, https:\/\/labestiadeportiva.com\/lbd\/wp-content\/uploads\/2026\/04\/IMG-20260429-WA0043-640x966.jpg 640w, https:\/\/labestiadeportiva.com\/lbd\/wp-content\/uploads\/2026\/04\/IMG-20260429-WA0043-scaled.jpg 1696w\" sizes=\"(max-width: 678px) 100vw, 678px\" \/><\/a><\/figure>\n\n\n\n<figure class=\"wp-block-image size-full\"><a href=\"http:\/\/labestiadeportiva.com\/lbd\/wp-content\/uploads\/2022\/11\/CARA_PEREZ-2.jpg\"><img loading=\"lazy\" width=\"600\" height=\"124\" src=\"http:\/\/labestiadeportiva.com\/lbd\/wp-content\/uploads\/2022\/11\/CARA_PEREZ-2.jpg\" alt=\"\" class=\"wp-image-43576\" srcset=\"https:\/\/labestiadeportiva.com\/lbd\/wp-content\/uploads\/2022\/11\/CARA_PEREZ-2.jpg 600w, https:\/\/labestiadeportiva.com\/lbd\/wp-content\/uploads\/2022\/11\/CARA_PEREZ-2-300x62.jpg 300w\" sizes=\"(max-width: 600px) 100vw, 600px\" \/><\/a><\/figure>\n\n\n\n<p>Contacto con la joven deportista riograndense Tiziana Pastori. <\/p>\n\n\n\n<p>Campeonato y Ascenso con su equipo de hockey, ADEFU, en el Argentino \u00abB\u00bb disputado en Comodoro Rivadavia a lo que suma un enorme presente en el ciclismo nacional que la tendr\u00e1 en los pr\u00f3ximos d\u00edas en una nueva edici\u00f3n del \u00abDesaf\u00edo al R\u00edo Pinto\u00bb en la provincia de C\u00f3rdoba.<\/p>\n\n\n\n<p>A d\u00edas de cumplir 16 a\u00f1os dialogamos con la atleta integral quien comparti\u00f3 detalles de su gran presente.<\/p>\n\n\n\n<p>Compartimos la entrevista lograda este mi\u00e9rcoles en la 99.9 Radio Provincia.<\/p>\n\n\n\n<p><\/p>\n\n\n\n<figure class=\"wp-block-image size-large\"><a href=\"https:\/\/labestiadeportiva.com\/lbd\/wp-content\/uploads\/2026\/04\/IMG-20260409-WA0039.jpg\"><img loading=\"lazy\" width=\"576\" height=\"1024\" src=\"https:\/\/labestiadeportiva.com\/lbd\/wp-content\/uploads\/2026\/04\/IMG-20260409-WA0039-576x1024.jpg\" alt=\"\" class=\"wp-image-54528\" srcset=\"https:\/\/labestiadeportiva.com\/lbd\/wp-content\/uploads\/2026\/04\/IMG-20260409-WA0039-576x1024.jpg 576w, https:\/\/labestiadeportiva.com\/lbd\/wp-content\/uploads\/2026\/04\/IMG-20260409-WA0039-169x300.jpg 169w, https:\/\/labestiadeportiva.com\/lbd\/wp-content\/uploads\/2026\/04\/IMG-20260409-WA0039-768x1365.jpg 768w, https:\/\/labestiadeportiva.com\/lbd\/wp-content\/uploads\/2026\/04\/IMG-20260409-WA0039-864x1536.jpg 864w, https:\/\/labestiadeportiva.com\/lbd\/wp-content\/uploads\/2026\/04\/IMG-20260409-WA0039-640x1138.jpg 640w, https:\/\/labestiadeportiva.com\/lbd\/wp-content\/uploads\/2026\/04\/IMG-20260409-WA0039.jpg 900w\" sizes=\"(max-width: 576px) 100vw, 576px\" \/><\/a><\/figure>\n\n\n\n<!--more-->\n\n\n\n<figure class=\"wp-block-embed is-type-video is-provider-youtube wp-block-embed-youtube wp-embed-aspect-4-3 wp-has-aspect-ratio\"><div class=\"wp-block-embed__wrapper\">\n<iframe loading=\"lazy\" title=\"Audio Tiziana Pastori\" width=\"474\" height=\"356\" src=\"https:\/\/www.youtube.com\/embed\/E-bAP7GiKT0?feature=oembed\" frameborder=\"0\" allow=\"accelerometer; autoplay; clipboard-write; encrypted-media; gyroscope; picture-in-picture; web-share\" referrerpolicy=\"strict-origin-when-cross-origin\" allowfullscreen><\/iframe>\n<\/div><\/figure>\n<div class='epvc-post-count'><span class='epvc-eye'><\/span>  <span class=\"epvc-count\"> 83<\/span><span class='epvc-label'> veces le\u00edda<\/span><\/div>\n<div class=\"jwsharethis\">\nShare this: \n<br \/>\n<a href=\"mailto:?subject=%C2%ABEste%20a%C3%B1o%20es%20el%20m%C3%A1s%20movido%2C%20desde%20marzo%20que%20estoy%20viajando%C2%BB%20%28Audio%29&amp;body=https%3A%2F%2Flabestiadeportiva.com%2Flbd%2Feste-ano-es-el-mas-movido-desde-marzo-que-estoy-viajando-audio%2F\">\n<img src=\"https:\/\/labestiadeportiva.com\/lbd\/wp-content\/plugins\/jw-share-this\/email.png\" alt=\"Share this page via Email\" \/>\n<\/a>\n<a target=\"_blank\" href=\"http:\/\/www.stumbleupon.com\/submit?url=https%3A%2F%2Flabestiadeportiva.com%2Flbd%2Feste-ano-es-el-mas-movido-desde-marzo-que-estoy-viajando-audio%2F&amp;title=%C2%ABEste+a%C3%B1o+es+el+m%C3%A1s+movido%2C+desde+marzo+que+estoy+viajando%C2%BB+%28Audio%29\">\n<img src=\"https:\/\/labestiadeportiva.com\/lbd\/wp-content\/plugins\/jw-share-this\/su.png\" alt=\"Share this page via Stumble Upon\" \/>\n<\/a>\n<a target=\"_blank\" href=\"http:\/\/digg.com\/submit?url=https%3A%2F%2Flabestiadeportiva.com%2Flbd%2Feste-ano-es-el-mas-movido-desde-marzo-que-estoy-viajando-audio%2F&amp;title=%C2%ABEste+a%C3%B1o+es+el+m%C3%A1s+movido%2C+desde+marzo+que+estoy+viajando%C2%BB+%28Audio%29\">\n<img src=\"https:\/\/labestiadeportiva.com\/lbd\/wp-content\/plugins\/jw-share-this\/digg.png\" alt=\"Share this page via Digg this\" \/>\n<\/a>\n<a target=\"_blank\" href=\"http:\/\/www.facebook.com\/sharer.php?u=https%3A%2F%2Flabestiadeportiva.com%2Flbd%2Feste-ano-es-el-mas-movido-desde-marzo-que-estoy-viajando-audio%2F&amp;t=%C2%ABEste+a%C3%B1o+es+el+m%C3%A1s+movido%2C+desde+marzo+que+estoy+viajando%C2%BB+%28Audio%29\">\n<img src=\"https:\/\/labestiadeportiva.com\/lbd\/wp-content\/plugins\/jw-share-this\/fb.png\" alt=\"Share this page via Facebook\" \/>\n<\/a>\n<a target=\"_blank\" href=\"http:\/\/twitter.com\/intent\/tweet?text=I+like+https%3A%2F%2Flabestiadeportiva.com%2Flbd%2Feste-ano-es-el-mas-movido-desde-marzo-que-estoy-viajando-audio%2F&amp;title=%C2%ABEste+a%C3%B1o+es+el+m%C3%A1s+movido%2C+desde+marzo+que+estoy+viajando%C2%BB+%28Audio%29\">\n<img src=\"https:\/\/labestiadeportiva.com\/lbd\/wp-content\/plugins\/jw-share-this\/twitter.png\" alt=\"Share this page via Twitter\" \/>\n<\/a>\n<\/div>\n","protected":false},"excerpt":{"rendered":"<p>Contacto con la joven deportista riograndense Tiziana Pastori. Campeonato y Ascenso con su equipo de hockey, ADEFU, en el Argentino \u00abB\u00bb disputado en Comodoro Rivadavia a lo que suma un enorme presente en el ciclismo nacional que la tendr\u00e1 en los pr\u00f3ximos d\u00edas en una nueva edici\u00f3n del \u00abDesaf\u00edo al R\u00edo Pinto\u00bb en la provincia &hellip; <a href=\"https:\/\/labestiadeportiva.com\/lbd\/este-ano-es-el-mas-movido-desde-marzo-que-estoy-viajando-audio\/\" class=\"more-link\">Seguir leyendo <span class=\"screen-reader-text\">\u00abEste a\u00f1o es el m\u00e1s movido, desde marzo que estoy viajando\u00bb (Audio)<\/span> <span class=\"meta-nav\">&rarr;<\/span><\/a><\/p>\n","protected":false},"author":1,"featured_media":0,"comment_status":"open","ping_status":"open","sticky":false,"template":"","format":"standard","meta":[],"categories":[3831,5,6,60,2422,1],"tags":[21,4838,32,83,5920],"_links":{"self":[{"href":"https:\/\/labestiadeportiva.com\/lbd\/wp-json\/wp\/v2\/posts\/54526"}],"collection":[{"href":"https:\/\/labestiadeportiva.com\/lbd\/wp-json\/wp\/v2\/posts"}],"about":[{"href":"https:\/\/labestiadeportiva.com\/lbd\/wp-json\/wp\/v2\/types\/post"}],"author":[{"embeddable":true,"href":"https:\/\/labestiadeportiva.com\/lbd\/wp-json\/wp\/v2\/users\/1"}],"replies":[{"embeddable":true,"href":"https:\/\/labestiadeportiva.com\/lbd\/wp-json\/wp\/v2\/comments?post=54526"}],"version-history":[{"count":3,"href":"https:\/\/labestiadeportiva.com\/lbd\/wp-json\/wp\/v2\/posts\/54526\/revisions"}],"predecessor-version":[{"id":54532,"href":"https:\/\/labestiadeportiva.com\/lbd\/wp-json\/wp\/v2\/posts\/54526\/revisions\/54532"}],"wp:attachment":[{"href":"https:\/\/labestiadeportiva.com\/lbd\/wp-json\/wp\/v2\/media?parent=54526"}],"wp:term":[{"taxonomy":"category","embeddable":true,"href":"https:\/\/labestiadeportiva.com\/lbd\/wp-json\/wp\/v2\/categories?post=54526"},{"taxonomy":"post_tag","embeddable":true,"href":"https:\/\/labestiadeportiva.com\/lbd\/wp-json\/wp\/v2\/tags?post=54526"}],"curies":[{"name":"wp","href":"https:\/\/api.w.org\/{rel}","templated":true}]}}