{"id":54537,"date":"2026-04-30T14:14:51","date_gmt":"2026-04-30T17:14:51","guid":{"rendered":"https:\/\/labestiadeportiva.com\/lbd\/?p=54537"},"modified":"2026-04-30T14:14:53","modified_gmt":"2026-04-30T17:14:53","slug":"kiki-refuerzo-guarani-audio","status":"publish","type":"post","link":"https:\/\/labestiadeportiva.com\/lbd\/kiki-refuerzo-guarani-audio\/","title":{"rendered":"\u00abKiki\u00bb refuerzo guaran\u00ed (Audio)"},"content":{"rendered":"\n<figure class=\"wp-block-image size-large\"><a href=\"https:\/\/labestiadeportiva.com\/lbd\/wp-content\/uploads\/2026\/04\/Screenshot_20260429-153352.jpg\"><img loading=\"lazy\" width=\"1017\" height=\"1024\" src=\"https:\/\/labestiadeportiva.com\/lbd\/wp-content\/uploads\/2026\/04\/Screenshot_20260429-153352-1017x1024.jpg\" alt=\"\" class=\"wp-image-54538\" srcset=\"https:\/\/labestiadeportiva.com\/lbd\/wp-content\/uploads\/2026\/04\/Screenshot_20260429-153352-1017x1024.jpg 1017w, https:\/\/labestiadeportiva.com\/lbd\/wp-content\/uploads\/2026\/04\/Screenshot_20260429-153352-298x300.jpg 298w, https:\/\/labestiadeportiva.com\/lbd\/wp-content\/uploads\/2026\/04\/Screenshot_20260429-153352-150x150.jpg 150w, https:\/\/labestiadeportiva.com\/lbd\/wp-content\/uploads\/2026\/04\/Screenshot_20260429-153352-768x773.jpg 768w, https:\/\/labestiadeportiva.com\/lbd\/wp-content\/uploads\/2026\/04\/Screenshot_20260429-153352-640x644.jpg 640w, https:\/\/labestiadeportiva.com\/lbd\/wp-content\/uploads\/2026\/04\/Screenshot_20260429-153352.jpg 1080w\" sizes=\"(max-width: 1017px) 100vw, 1017px\" \/><\/a><\/figure>\n\n\n\n<figure class=\"wp-block-image size-full is-resized\"><a href=\"http:\/\/labestiadeportiva.com\/lbd\/wp-content\/uploads\/2022\/11\/CARA_PEREZ-2.jpg\"><img loading=\"lazy\" src=\"http:\/\/labestiadeportiva.com\/lbd\/wp-content\/uploads\/2022\/11\/CARA_PEREZ-2.jpg\" alt=\"\" class=\"wp-image-43576\" width=\"343\" height=\"69\"\/><\/a><\/figure>\n\n\n\n<p>El ushuaiense Constantino \u00abKiki\u00bb Vaporaki se transform\u00f3 en en nuevo refuerzo de Cerro Porte\u00f1o Futsal.<\/p>\n\n\n\n<p>El ex campe\u00f3n del mundo regresa a la actividad despu\u00e9s de un breve parate. Los detalles en la entrevista con el menor de la dinast\u00eda futbolera.<\/p>\n\n\n\n<p>Compartimos la entrevista lograda este jueves en la 99.9 Radio Provincia .<\/p>\n\n\n\n<!--more-->\n\n\n\n<figure class=\"wp-block-embed is-type-video is-provider-youtube wp-block-embed-youtube wp-embed-aspect-4-3 wp-has-aspect-ratio\"><div class=\"wp-block-embed__wrapper\">\n<iframe loading=\"lazy\" title=\"Audio Constantino &quot;Kiki&quot; Vaporaki\" width=\"474\" height=\"356\" src=\"https:\/\/www.youtube.com\/embed\/F29G9DxekEI?feature=oembed\" frameborder=\"0\" allow=\"accelerometer; autoplay; clipboard-write; encrypted-media; gyroscope; picture-in-picture; web-share\" referrerpolicy=\"strict-origin-when-cross-origin\" allowfullscreen><\/iframe>\n<\/div><\/figure>\n<div class='epvc-post-count'><span class='epvc-eye'><\/span>  <span class=\"epvc-count\"> 82<\/span><span class='epvc-label'> veces le\u00edda<\/span><\/div>\n<div class=\"jwsharethis\">\nShare this: \n<br \/>\n<a href=\"mailto:?subject=%C2%ABKiki%C2%BB%20refuerzo%20guaran%C3%AD%20%28Audio%29&amp;body=https%3A%2F%2Flabestiadeportiva.com%2Flbd%2Fkiki-refuerzo-guarani-audio%2F\">\n<img src=\"https:\/\/labestiadeportiva.com\/lbd\/wp-content\/plugins\/jw-share-this\/email.png\" alt=\"Share this page via Email\" \/>\n<\/a>\n<a target=\"_blank\" href=\"http:\/\/www.stumbleupon.com\/submit?url=https%3A%2F%2Flabestiadeportiva.com%2Flbd%2Fkiki-refuerzo-guarani-audio%2F&amp;title=%C2%ABKiki%C2%BB+refuerzo+guaran%C3%AD+%28Audio%29\">\n<img src=\"https:\/\/labestiadeportiva.com\/lbd\/wp-content\/plugins\/jw-share-this\/su.png\" alt=\"Share this page via Stumble Upon\" \/>\n<\/a>\n<a target=\"_blank\" href=\"http:\/\/digg.com\/submit?url=https%3A%2F%2Flabestiadeportiva.com%2Flbd%2Fkiki-refuerzo-guarani-audio%2F&amp;title=%C2%ABKiki%C2%BB+refuerzo+guaran%C3%AD+%28Audio%29\">\n<img src=\"https:\/\/labestiadeportiva.com\/lbd\/wp-content\/plugins\/jw-share-this\/digg.png\" alt=\"Share this page via Digg this\" \/>\n<\/a>\n<a target=\"_blank\" href=\"http:\/\/www.facebook.com\/sharer.php?u=https%3A%2F%2Flabestiadeportiva.com%2Flbd%2Fkiki-refuerzo-guarani-audio%2F&amp;t=%C2%ABKiki%C2%BB+refuerzo+guaran%C3%AD+%28Audio%29\">\n<img src=\"https:\/\/labestiadeportiva.com\/lbd\/wp-content\/plugins\/jw-share-this\/fb.png\" alt=\"Share this page via Facebook\" \/>\n<\/a>\n<a target=\"_blank\" href=\"http:\/\/twitter.com\/intent\/tweet?text=I+like+https%3A%2F%2Flabestiadeportiva.com%2Flbd%2Fkiki-refuerzo-guarani-audio%2F&amp;title=%C2%ABKiki%C2%BB+refuerzo+guaran%C3%AD+%28Audio%29\">\n<img src=\"https:\/\/labestiadeportiva.com\/lbd\/wp-content\/plugins\/jw-share-this\/twitter.png\" alt=\"Share this page via Twitter\" \/>\n<\/a>\n<\/div>\n","protected":false},"excerpt":{"rendered":"<p>El ushuaiense Constantino \u00abKiki\u00bb Vaporaki se transform\u00f3 en en nuevo refuerzo de Cerro Porte\u00f1o Futsal. El ex campe\u00f3n del mundo regresa a la actividad despu\u00e9s de un breve parate. Los detalles en la entrevista con el menor de la dinast\u00eda futbolera. Compartimos la entrevista lograda este jueves en la 99.9 Radio Provincia . 82 veces &hellip; <a href=\"https:\/\/labestiadeportiva.com\/lbd\/kiki-refuerzo-guarani-audio\/\" class=\"more-link\">Seguir leyendo <span class=\"screen-reader-text\">\u00abKiki\u00bb refuerzo guaran\u00ed (Audio)<\/span> <span class=\"meta-nav\">&rarr;<\/span><\/a><\/p>\n","protected":false},"author":1,"featured_media":0,"comment_status":"open","ping_status":"open","sticky":false,"template":"","format":"standard","meta":[],"categories":[5,4,6,60,2343,3177,1],"tags":[5921,4838,30,83,143],"_links":{"self":[{"href":"https:\/\/labestiadeportiva.com\/lbd\/wp-json\/wp\/v2\/posts\/54537"}],"collection":[{"href":"https:\/\/labestiadeportiva.com\/lbd\/wp-json\/wp\/v2\/posts"}],"about":[{"href":"https:\/\/labestiadeportiva.com\/lbd\/wp-json\/wp\/v2\/types\/post"}],"author":[{"embeddable":true,"href":"https:\/\/labestiadeportiva.com\/lbd\/wp-json\/wp\/v2\/users\/1"}],"replies":[{"embeddable":true,"href":"https:\/\/labestiadeportiva.com\/lbd\/wp-json\/wp\/v2\/comments?post=54537"}],"version-history":[{"count":1,"href":"https:\/\/labestiadeportiva.com\/lbd\/wp-json\/wp\/v2\/posts\/54537\/revisions"}],"predecessor-version":[{"id":54539,"href":"https:\/\/labestiadeportiva.com\/lbd\/wp-json\/wp\/v2\/posts\/54537\/revisions\/54539"}],"wp:attachment":[{"href":"https:\/\/labestiadeportiva.com\/lbd\/wp-json\/wp\/v2\/media?parent=54537"}],"wp:term":[{"taxonomy":"category","embeddable":true,"href":"https:\/\/labestiadeportiva.com\/lbd\/wp-json\/wp\/v2\/categories?post=54537"},{"taxonomy":"post_tag","embeddable":true,"href":"https:\/\/labestiadeportiva.com\/lbd\/wp-json\/wp\/v2\/tags?post=54537"}],"curies":[{"name":"wp","href":"https:\/\/api.w.org\/{rel}","templated":true}]}}