{"id":5521,"date":"2013-07-12T04:29:53","date_gmt":"2013-07-12T04:29:53","guid":{"rendered":"http:\/\/labestiadeportiva.com\/lbd\/?p=5521"},"modified":"2013-07-12T04:29:53","modified_gmt":"2013-07-12T04:29:53","slug":"el-hockey-no-para","status":"publish","type":"post","link":"https:\/\/labestiadeportiva.com\/lbd\/el-hockey-no-para\/","title":{"rendered":"El hockey no para"},"content":{"rendered":"<p class=\"MsoNormal\" style=\"text-align: justify;\">Por Gabriel Torres (Hockey Pista para LBD)<\/p>\n<p class=\"MsoNormal\" style=\"text-align: justify;\"><a href=\"http:\/\/labestiadeportiva.com\/lbd\/wp-content\/uploads\/2013\/07\/quinta-fecha-2.jpg\"><img loading=\"lazy\" class=\"alignleft size-medium wp-image-5522\" title=\"quinta fecha 2\" src=\"http:\/\/labestiadeportiva.com\/lbd\/wp-content\/uploads\/2013\/07\/quinta-fecha-2-291x300.jpg\" alt=\"\" width=\"291\" height=\"300\" srcset=\"https:\/\/labestiadeportiva.com\/lbd\/wp-content\/uploads\/2013\/07\/quinta-fecha-2-291x300.jpg 291w, https:\/\/labestiadeportiva.com\/lbd\/wp-content\/uploads\/2013\/07\/quinta-fecha-2.jpg 640w\" sizes=\"(max-width: 291px) 100vw, 291px\" \/><\/a>El martes 9 de julio, la Federaci\u00f3n de Tierra del Fuego organiz\u00f3 el primer encuentro para menores como as\u00ed tambi\u00e9n la quinta fecha de la Liga Provincial. Como de costumbre la jornada fue acompa\u00f1ada por numeroso p\u00fablico. Desde las diez de la ma\u00f1ana hasta las ocho de la noche las instalaciones del URC fueron colmadas por los entusiastas seguidores.<!--morePara leer Click Aqu\u00ed--><\/p>\n<p class=\"MsoNormal\" style=\"text-align: justify;\"><span style=\"color: #0000ff;\">Los primeros pasos de la temporada<\/span><\/p>\n<p class=\"MsoNormal\" style=\"text-align: justify;\">Si bien ya se hab\u00edan realizado un par de encuentros de hockey pista para divisiones menores, la Federaci\u00f3n de Tierra del Fuego organiz\u00f3 el primer encuentro para clubes federados. De esta manera las octavas, novenas y d\u00e9cimas divisiones pudieron tener su bautismo oficial en la cancha del Ushuaia Rugby Club. Con la presencia de los padres, los peque\u00f1os deportistas tuvieron la oportunidad de mostrar las t\u00e9cnicas adquiridas e<a name=\"_GoBack\"><\/a>n los entrenamientos para pasar jugando un gran rato. Los \u00d1ires, Colegio del Sur y Ushuaia Rugby Club participaron de esta primera propuesta para estas divisionales.<\/p>\n<p class=\"MsoNormal\" style=\"text-align: justify;\"><a href=\"http:\/\/labestiadeportiva.com\/lbd\/wp-content\/uploads\/2013\/07\/encuentro-de-menores.jpg\"><img loading=\"lazy\" class=\"aligncenter size-medium wp-image-5524\" title=\"encuentro de menores\" src=\"http:\/\/labestiadeportiva.com\/lbd\/wp-content\/uploads\/2013\/07\/encuentro-de-menores-300x225.jpg\" alt=\"\" width=\"300\" height=\"225\" srcset=\"https:\/\/labestiadeportiva.com\/lbd\/wp-content\/uploads\/2013\/07\/encuentro-de-menores-300x225.jpg 300w, https:\/\/labestiadeportiva.com\/lbd\/wp-content\/uploads\/2013\/07\/encuentro-de-menores.jpg 960w\" sizes=\"(max-width: 300px) 100vw, 300px\" \/><\/a><\/p>\n<p class=\"MsoNormal\" style=\"text-align: justify;\"><span style=\"color: #0000ff;\">La Federaci\u00f3n puso la quinta a fondo<\/span><\/p>\n<p class=\"MsoNormal\" style=\"text-align: justify;\">Con el resto de partidos que faltaban por jugarse, la quinta fecha se jug\u00f3 pasadas las 15 horas del 9 de julio, con la presencia de los caballeritos sub 14 de los equipos de Los \u00d1ires y el URC. Tambi\u00e9n se jugaron cruces de equipos de un mismo club ya que tanto Colegio como URC presentan hasta tres equipos por divisional. Por lo tanto se midieron los dos equipos de Colegio entre s\u00ed y los dos del URC en s\u00e9ptima y sexta divisi\u00f3n.<\/p>\n<p class=\"MsoNormal\" style=\"text-align: justify;\"><span style=\"color: #0000ff;\">Se viene la sexta fecha cerrando la primera mitad del torneo<\/span><\/p>\n<p class=\"MsoNormal\" style=\"text-align: justify;\">El s\u00e1bado y domingo que viene, la sexta fecha se jugar\u00e1 con una cantidad de cinco partidos para el s\u00e1bado y quince partidos para el domingo. De esta manera el campeonato cerrar\u00eda su primera mitad y entrar\u00e1 en un peque\u00f1o receso en las vacaciones de invierno.<\/p>\n<p class=\"MsoNormal\" style=\"text-align: justify;\"><a href=\"http:\/\/labestiadeportiva.com\/lbd\/wp-content\/uploads\/2013\/07\/quinta-fecha.jpg\"><img loading=\"lazy\" class=\"aligncenter size-medium wp-image-5523\" title=\"quinta fecha\" src=\"http:\/\/labestiadeportiva.com\/lbd\/wp-content\/uploads\/2013\/07\/quinta-fecha-300x149.jpg\" alt=\"\" width=\"300\" height=\"149\" srcset=\"https:\/\/labestiadeportiva.com\/lbd\/wp-content\/uploads\/2013\/07\/quinta-fecha-300x149.jpg 300w, https:\/\/labestiadeportiva.com\/lbd\/wp-content\/uploads\/2013\/07\/quinta-fecha.jpg 960w\" sizes=\"(max-width: 300px) 100vw, 300px\" \/><\/a><\/p>\n<div class='epvc-post-count'><span class='epvc-eye'><\/span>  <span class=\"epvc-count\"> 1.114<\/span><span class='epvc-label'> veces le\u00edda<\/span><\/div>\n<div class=\"jwsharethis\">\nShare this: \n<br \/>\n<a href=\"mailto:?subject=El%20hockey%20no%20para&amp;body=https%3A%2F%2Flabestiadeportiva.com%2Flbd%2Fel-hockey-no-para%2F\">\n<img src=\"https:\/\/labestiadeportiva.com\/lbd\/wp-content\/plugins\/jw-share-this\/email.png\" alt=\"Share this page via Email\" \/>\n<\/a>\n<a target=\"_blank\" href=\"http:\/\/www.stumbleupon.com\/submit?url=https%3A%2F%2Flabestiadeportiva.com%2Flbd%2Fel-hockey-no-para%2F&amp;title=El+hockey+no+para\">\n<img src=\"https:\/\/labestiadeportiva.com\/lbd\/wp-content\/plugins\/jw-share-this\/su.png\" alt=\"Share this page via Stumble Upon\" \/>\n<\/a>\n<a target=\"_blank\" href=\"http:\/\/digg.com\/submit?url=https%3A%2F%2Flabestiadeportiva.com%2Flbd%2Fel-hockey-no-para%2F&amp;title=El+hockey+no+para\">\n<img src=\"https:\/\/labestiadeportiva.com\/lbd\/wp-content\/plugins\/jw-share-this\/digg.png\" alt=\"Share this page via Digg this\" \/>\n<\/a>\n<a target=\"_blank\" href=\"http:\/\/www.facebook.com\/sharer.php?u=https%3A%2F%2Flabestiadeportiva.com%2Flbd%2Fel-hockey-no-para%2F&amp;t=El+hockey+no+para\">\n<img src=\"https:\/\/labestiadeportiva.com\/lbd\/wp-content\/plugins\/jw-share-this\/fb.png\" alt=\"Share this page via Facebook\" \/>\n<\/a>\n<a target=\"_blank\" href=\"http:\/\/twitter.com\/intent\/tweet?text=I+like+https%3A%2F%2Flabestiadeportiva.com%2Flbd%2Fel-hockey-no-para%2F&amp;title=El+hockey+no+para\">\n<img src=\"https:\/\/labestiadeportiva.com\/lbd\/wp-content\/plugins\/jw-share-this\/twitter.png\" alt=\"Share this page via Twitter\" \/>\n<\/a>\n<\/div>\n","protected":false},"excerpt":{"rendered":"<p>Por Gabriel Torres (Hockey Pista para LBD) El martes 9 de julio, la Federaci\u00f3n de Tierra del Fuego organiz\u00f3 el primer encuentro para menores como as\u00ed tambi\u00e9n la quinta fecha de la Liga Provincial. Como de costumbre la jornada fue acompa\u00f1ada por numeroso p\u00fablico. Desde las diez de la ma\u00f1ana hasta las ocho de la &hellip; <a href=\"https:\/\/labestiadeportiva.com\/lbd\/el-hockey-no-para\/\" class=\"more-link\">Seguir leyendo <span class=\"screen-reader-text\">El hockey no para<\/span> <span class=\"meta-nav\">&rarr;<\/span><\/a><\/p>\n","protected":false},"author":1,"featured_media":5522,"comment_status":"open","ping_status":"open","sticky":false,"template":"","format":"standard","meta":[],"categories":[5,1],"tags":[85,756,120,32],"_links":{"self":[{"href":"https:\/\/labestiadeportiva.com\/lbd\/wp-json\/wp\/v2\/posts\/5521"}],"collection":[{"href":"https:\/\/labestiadeportiva.com\/lbd\/wp-json\/wp\/v2\/posts"}],"about":[{"href":"https:\/\/labestiadeportiva.com\/lbd\/wp-json\/wp\/v2\/types\/post"}],"author":[{"embeddable":true,"href":"https:\/\/labestiadeportiva.com\/lbd\/wp-json\/wp\/v2\/users\/1"}],"replies":[{"embeddable":true,"href":"https:\/\/labestiadeportiva.com\/lbd\/wp-json\/wp\/v2\/comments?post=5521"}],"version-history":[{"count":1,"href":"https:\/\/labestiadeportiva.com\/lbd\/wp-json\/wp\/v2\/posts\/5521\/revisions"}],"predecessor-version":[{"id":5525,"href":"https:\/\/labestiadeportiva.com\/lbd\/wp-json\/wp\/v2\/posts\/5521\/revisions\/5525"}],"wp:featuredmedia":[{"embeddable":true,"href":"https:\/\/labestiadeportiva.com\/lbd\/wp-json\/wp\/v2\/media\/5522"}],"wp:attachment":[{"href":"https:\/\/labestiadeportiva.com\/lbd\/wp-json\/wp\/v2\/media?parent=5521"}],"wp:term":[{"taxonomy":"category","embeddable":true,"href":"https:\/\/labestiadeportiva.com\/lbd\/wp-json\/wp\/v2\/categories?post=5521"},{"taxonomy":"post_tag","embeddable":true,"href":"https:\/\/labestiadeportiva.com\/lbd\/wp-json\/wp\/v2\/tags?post=5521"}],"curies":[{"name":"wp","href":"https:\/\/api.w.org\/{rel}","templated":true}]}}