{"id":5577,"date":"2013-07-16T06:15:54","date_gmt":"2013-07-16T06:15:54","guid":{"rendered":"http:\/\/labestiadeportiva.com\/lbd\/?p=5577"},"modified":"2013-07-16T06:15:54","modified_gmt":"2013-07-16T06:15:54","slug":"de-temer-en-olavarria","status":"publish","type":"post","link":"https:\/\/labestiadeportiva.com\/lbd\/de-temer-en-olavarria\/","title":{"rendered":"De temer en Olavarr\u00eda"},"content":{"rendered":"<p class=\"MsoNormal\" style=\"margin-bottom: .0001pt;\"><a href=\"http:\/\/labestiadeportiva.com\/lbd\/wp-content\/uploads\/2013\/07\/P1140205-copia.jpg\"><img loading=\"lazy\" class=\"alignleft size-medium wp-image-5578\" title=\"P1140205 copia\" src=\"http:\/\/labestiadeportiva.com\/lbd\/wp-content\/uploads\/2013\/07\/P1140205-copia-300x260.jpg\" alt=\"\" width=\"300\" height=\"260\" srcset=\"https:\/\/labestiadeportiva.com\/lbd\/wp-content\/uploads\/2013\/07\/P1140205-copia-300x260.jpg 300w, https:\/\/labestiadeportiva.com\/lbd\/wp-content\/uploads\/2013\/07\/P1140205-copia.jpg 553w\" sizes=\"(max-width: 300px) 100vw, 300px\" \/><\/a>Sexta fecha del Campeonato Argentino del Turismo Pista Clase 2, la temporada entra en su mitad final y el fueguino Lucas Ariel Yerobi arriba a la cita; a realizarse en el aut\u00f3dromo \u201cHermanos Emiliozzi\u201d de la Ciudad de Olavarr\u00eda, provincia de Buenos Aires; con serias pretensiones de ir en busca de la punta del campeonato, a la que acaricia a tan s\u00f3lo 1 punto de diferencia con el l\u00edder. Fuente y foto Prensa Lucas Yerobi.<!--morePara leer Click Aqu\u00ed--><\/p>\n<p class=\"MsoNormal\" style=\"margin-bottom: .0001pt;\">En esta oportunidad, la categor\u00eda se presentar\u00e1 en la variante N\u00ba 5 \u2013 de 3.788 metros de extensi\u00f3n \u2013 dibujo que el fueguino conoce muy bien <span style=\"color: #ff0000;\">\u201cMe sienta muy bien el circuito de Olavarr\u00eda, afortunadamente marqu\u00e9 la pole position en cada trazado que compet\u00ed all\u00ed, el plan es hacer sumar fuerte en funci\u00f3n del campeonato y tratar de no cargar con kilos el auto, es una estrategia que apliqu\u00e9 el a\u00f1o pasado y me otorg\u00f3 el cetro de la Clase 3, el equipo me entrega un auto contundente en cada una de las fechas y eso me da una confianza y tranquilidad absoluta, quiero agradecer al DR Competici\u00f3n y a la gente que me acompa\u00f1a y hace posible que estemos compitiendo\u201d<\/span> expres\u00f3 el volante de Ushuaia.<\/p>\n<p class=\"MsoNormal\" style=\"margin-bottom: .0001pt;\">El preparador del Fiat Uno N\u00ba 71, Daniel Ram\u00edrez, expres\u00f3 los trabajos realizados en la unidad <span style=\"color: #0000ff;\">\u201cEl auto termin\u00f3 entero en la carrera anterior, por lo tanto se realiz\u00f3 un repaso general en el chasis, se le hizo un service en los 4 amortiguadores y se probaron nuevos desarrollos en la planta impulsora, realiz\u00e1ndose un ensayo en el banco de pruebas arrojando buenos resultados\u201d <\/span>inform\u00f3 el titular del DR Competici\u00f3n.<\/p>\n<p class=\"MsoNormal\" style=\"margin-bottom: .0001pt;\">La actividad arrancar\u00e1 el pr\u00f3ximo d\u00eda viernes 19, con tres tandas de entrenamientos a las 09:50 hs, 11:35 hs y 14:05 hs. La clasificaci\u00f3n se realizar\u00e1 a partir de las 15:50 hs, el s\u00e1bado 20 se correr\u00e1n las series a las 13:25, 13:45 y 14:15 hs a 6 giros. En lo que respecta a la final del d\u00eda Domingo, se disputar\u00e1 a las 11:05 hs, a 18 vueltas \u00f3 35 minutos de duraci\u00f3n, con la transmisi\u00f3n en vivo y en directo por \u00abCanal 13\u00bb a trav\u00e9s del equipo t\u00e9cnico de Carburando.<\/p>\n<p class=\"MsoNormal\" style=\"margin-bottom: .0001pt;\"><span style=\"color: #00ff00;\">Campeonato TP Clase 2 (5 fechas disputadas de 11)<\/span><\/p>\n<p class=\"MsoNormal\" style=\"margin-bottom: .0001pt;\"><span style=\"color: #ff0000;\">1 CLAUDIO CRUZADO 101<\/span><\/p>\n<p class=\"MsoNormal\" style=\"margin-bottom: .0001pt;\"><span style=\"color: #0000ff;\">2 LUCAS YEROBI 100<\/span><\/p>\n<p class=\"MsoNormal\" style=\"margin-bottom: .0001pt;\">3 HORACIO EVOLO 93<\/p>\n<p class=\"MsoNormal\" style=\"margin-bottom: .0001pt;\">4 FERNANDO LASTAU 84<\/p>\n<p class=\"MsoNormal\" style=\"margin-bottom: .0001pt;\">5 LUCAS GARRO 80<\/p>\n<p class=\"MsoNormal\" style=\"margin-bottom: .0001pt;\">Yerobi Racing agradece a la Concesionaria Oficial Fiat Lasac, El Diario del Fin del Mundo, RD Construcciones, Argentina Publicidad, La 97 Radio Fueguina, Sergio Vascello (Recubrimiento con pintura en polvo y laqueado de metales), Club del Pastor Blanco Suizo, ELVCOM y a toda la gente de Tierra del Fuego y del Tigre y al equipo DR Competici\u00f3n por el auto que entregan.<\/p>\n<div class='epvc-post-count'><span class='epvc-eye'><\/span>  <span class=\"epvc-count\"> 1.100<\/span><span class='epvc-label'> veces le\u00edda<\/span><\/div>\n<div class=\"jwsharethis\">\nShare this: \n<br \/>\n<a href=\"mailto:?subject=De%20temer%20en%20Olavarr%C3%ADa&amp;body=https%3A%2F%2Flabestiadeportiva.com%2Flbd%2Fde-temer-en-olavarria%2F\">\n<img src=\"https:\/\/labestiadeportiva.com\/lbd\/wp-content\/plugins\/jw-share-this\/email.png\" alt=\"Share this page via Email\" \/>\n<\/a>\n<a target=\"_blank\" href=\"http:\/\/www.stumbleupon.com\/submit?url=https%3A%2F%2Flabestiadeportiva.com%2Flbd%2Fde-temer-en-olavarria%2F&amp;title=De+temer+en+Olavarr%C3%ADa\">\n<img src=\"https:\/\/labestiadeportiva.com\/lbd\/wp-content\/plugins\/jw-share-this\/su.png\" alt=\"Share this page via Stumble Upon\" \/>\n<\/a>\n<a target=\"_blank\" href=\"http:\/\/digg.com\/submit?url=https%3A%2F%2Flabestiadeportiva.com%2Flbd%2Fde-temer-en-olavarria%2F&amp;title=De+temer+en+Olavarr%C3%ADa\">\n<img src=\"https:\/\/labestiadeportiva.com\/lbd\/wp-content\/plugins\/jw-share-this\/digg.png\" alt=\"Share this page via Digg this\" \/>\n<\/a>\n<a target=\"_blank\" href=\"http:\/\/www.facebook.com\/sharer.php?u=https%3A%2F%2Flabestiadeportiva.com%2Flbd%2Fde-temer-en-olavarria%2F&amp;t=De+temer+en+Olavarr%C3%ADa\">\n<img src=\"https:\/\/labestiadeportiva.com\/lbd\/wp-content\/plugins\/jw-share-this\/fb.png\" alt=\"Share this page via Facebook\" \/>\n<\/a>\n<a target=\"_blank\" href=\"http:\/\/twitter.com\/intent\/tweet?text=I+like+https%3A%2F%2Flabestiadeportiva.com%2Flbd%2Fde-temer-en-olavarria%2F&amp;title=De+temer+en+Olavarr%C3%ADa\">\n<img src=\"https:\/\/labestiadeportiva.com\/lbd\/wp-content\/plugins\/jw-share-this\/twitter.png\" alt=\"Share this page via Twitter\" \/>\n<\/a>\n<\/div>\n","protected":false},"excerpt":{"rendered":"<p>Sexta fecha del Campeonato Argentino del Turismo Pista Clase 2, la temporada entra en su mitad final y el fueguino Lucas Ariel Yerobi arriba a la cita; a realizarse en el aut\u00f3dromo \u201cHermanos Emiliozzi\u201d de la Ciudad de Olavarr\u00eda, provincia de Buenos Aires; con serias pretensiones de ir en busca de la punta del campeonato, &hellip; <a href=\"https:\/\/labestiadeportiva.com\/lbd\/de-temer-en-olavarria\/\" class=\"more-link\">Seguir leyendo <span class=\"screen-reader-text\">De temer en Olavarr\u00eda<\/span> <span class=\"meta-nav\">&rarr;<\/span><\/a><\/p>\n","protected":false},"author":1,"featured_media":5578,"comment_status":"open","ping_status":"open","sticky":false,"template":"","format":"standard","meta":[],"categories":[5,6,1],"tags":[524,152,525],"_links":{"self":[{"href":"https:\/\/labestiadeportiva.com\/lbd\/wp-json\/wp\/v2\/posts\/5577"}],"collection":[{"href":"https:\/\/labestiadeportiva.com\/lbd\/wp-json\/wp\/v2\/posts"}],"about":[{"href":"https:\/\/labestiadeportiva.com\/lbd\/wp-json\/wp\/v2\/types\/post"}],"author":[{"embeddable":true,"href":"https:\/\/labestiadeportiva.com\/lbd\/wp-json\/wp\/v2\/users\/1"}],"replies":[{"embeddable":true,"href":"https:\/\/labestiadeportiva.com\/lbd\/wp-json\/wp\/v2\/comments?post=5577"}],"version-history":[{"count":1,"href":"https:\/\/labestiadeportiva.com\/lbd\/wp-json\/wp\/v2\/posts\/5577\/revisions"}],"predecessor-version":[{"id":5579,"href":"https:\/\/labestiadeportiva.com\/lbd\/wp-json\/wp\/v2\/posts\/5577\/revisions\/5579"}],"wp:featuredmedia":[{"embeddable":true,"href":"https:\/\/labestiadeportiva.com\/lbd\/wp-json\/wp\/v2\/media\/5578"}],"wp:attachment":[{"href":"https:\/\/labestiadeportiva.com\/lbd\/wp-json\/wp\/v2\/media?parent=5577"}],"wp:term":[{"taxonomy":"category","embeddable":true,"href":"https:\/\/labestiadeportiva.com\/lbd\/wp-json\/wp\/v2\/categories?post=5577"},{"taxonomy":"post_tag","embeddable":true,"href":"https:\/\/labestiadeportiva.com\/lbd\/wp-json\/wp\/v2\/tags?post=5577"}],"curies":[{"name":"wp","href":"https:\/\/api.w.org\/{rel}","templated":true}]}}