{"id":5619,"date":"2013-07-17T20:19:59","date_gmt":"2013-07-17T20:19:59","guid":{"rendered":"http:\/\/labestiadeportiva.com\/lbd\/?p=5619"},"modified":"2013-07-17T20:19:59","modified_gmt":"2013-07-17T20:19:59","slug":"solo-falto-la-nieve","status":"publish","type":"post","link":"https:\/\/labestiadeportiva.com\/lbd\/solo-falto-la-nieve\/","title":{"rendered":"Solo falt\u00f3 la nieve"},"content":{"rendered":"<p><a href=\"http:\/\/labestiadeportiva.com\/lbd\/wp-content\/uploads\/2013\/07\/MG_3818.jpg\"><img loading=\"lazy\" class=\"alignleft size-medium wp-image-5620\" title=\"_MG_3818\" src=\"http:\/\/labestiadeportiva.com\/lbd\/wp-content\/uploads\/2013\/07\/MG_3818-300x200.jpg\" alt=\"\" width=\"300\" height=\"200\" srcset=\"https:\/\/labestiadeportiva.com\/lbd\/wp-content\/uploads\/2013\/07\/MG_3818-300x200.jpg 300w, https:\/\/labestiadeportiva.com\/lbd\/wp-content\/uploads\/2013\/07\/MG_3818.jpg 640w\" sizes=\"(max-width: 300px) 100vw, 300px\" \/><\/a>El domingo por la tarde se disput\u00f3 una competencia de Downhill en el circuito ubicado en el barrio Kaiken. 18 corredores presentes, Eric Cis, Gast\u00f3n Satto y Jonathan Aguinaldo ganaron sus segmentos. La organizaci\u00f3n estuvo a cargo del Team Icarus que de esta forma se suma a la log\u00edstica de la Asociaci\u00f3n Montain Bike Extremo.<!--morePara leer Click Aqu\u00ed--><\/p>\n<p>Medio hora m\u00e1s tarde de lo previsto se puso en marcha la prueba que cont\u00f3 con la participaci\u00f3n de 18 corredores, varios de ellos de la ciudad de R\u00edo Grande.<\/p>\n<p>Originalmente la carrera ser\u00eda un Snow Downhill pero el pasado fin de semana la nieve no se hizo presente. De esta forma el trazado del circuito \u201cNelson Place\u201d ubicado en el barrio Kaiken present\u00f3 algo de hielo en su sector superior aunque el barro fue el principal elemento presente en los 800 metros de extensi\u00f3n.<\/p>\n<p>Como de costumbre la competencia se dividi\u00f3 en tres categor\u00edas, semirr\u00edgidos mayor, menor y doble suspensi\u00f3n donde cada uno de los segmentos realiz\u00f3 dos mangas cronometrando oficialmente el mejor tiempo de cada corredor.<\/p>\n<p><a href=\"http:\/\/labestiadeportiva.com\/lbd\/wp-content\/uploads\/2013\/07\/MG_3821.jpg\"><img loading=\"lazy\" class=\"aligncenter size-medium wp-image-5621\" title=\"_MG_3821\" src=\"http:\/\/labestiadeportiva.com\/lbd\/wp-content\/uploads\/2013\/07\/MG_3821-300x200.jpg\" alt=\"\" width=\"300\" height=\"200\" srcset=\"https:\/\/labestiadeportiva.com\/lbd\/wp-content\/uploads\/2013\/07\/MG_3821-300x200.jpg 300w, https:\/\/labestiadeportiva.com\/lbd\/wp-content\/uploads\/2013\/07\/MG_3821.jpg 640w\" sizes=\"(max-width: 300px) 100vw, 300px\" \/><\/a>La novedad lleg\u00f3 en lo organizativo donde los corredores\/organizadores enrolados en el Team Icarus fueron los encargados del control de la prueba.<\/p>\n<p>En el segmento menor Eric Cis, fue el vencedor registrando como mejor tiempo 2 minutos 16 segundos y 86 d\u00e9cimas. A pocos menos de cuatro segundos se ubic\u00f3 Lucas Carrera mientras que el tercer escal\u00f3n del podio lo ocup\u00f3 David Mendero que a la hora de los tiempos qued\u00f3 a algo m\u00e1s de quince segundos del vencedor.<\/p>\n<p>En semirr\u00edgidos mayor el triunfo fue de Gast\u00f3n Satto quien marc\u00f3 en los relojes 2 minutos 21 segundos y 3 d\u00e9cimas. A tan solo tres segundos lo escolt\u00f3 Javier Chiguay, el tercer lugar fue para Andr\u00e9s Guevara tambi\u00e9n muy cerca de la punta dejando en claro que esta fue la categor\u00eda m\u00e1s re\u00f1ida.<\/p>\n<p>Finalmente en doble suspensi\u00f3n la victoria qued\u00f3 en manos de Jonathan Aguinaldo con veloces 2 minutos 8 segundos y 53 d\u00e9cimas. Segundo fue Cristian \u201cPitu\u201d Cuello y tercero el riograndense Mart\u00edn Navas. Este tambi\u00e9n fue un segmento donde la paridad de tiempos entre los corredores se hizo presente.<\/p>\n<p>Esperemos que la experiencia se repita en breve durante este invierno, la nieve invita a que esto suceda.<\/p>\n<p><a href=\"http:\/\/labestiadeportiva.com\/lbd\/wp-content\/uploads\/2013\/07\/MG_3822.jpg\"><img loading=\"lazy\" class=\"aligncenter size-medium wp-image-5622\" title=\"_MG_3822\" src=\"http:\/\/labestiadeportiva.com\/lbd\/wp-content\/uploads\/2013\/07\/MG_3822-300x200.jpg\" alt=\"\" width=\"300\" height=\"200\" srcset=\"https:\/\/labestiadeportiva.com\/lbd\/wp-content\/uploads\/2013\/07\/MG_3822-300x200.jpg 300w, https:\/\/labestiadeportiva.com\/lbd\/wp-content\/uploads\/2013\/07\/MG_3822.jpg 640w\" sizes=\"(max-width: 300px) 100vw, 300px\" \/><\/a><span style=\"color: #0000ff;\">Los Podios por Categor\u00edas<\/span><br \/>\nSemirr\u00edgidos Menor<br \/>\n<span style=\"color: #ff0000;\">1\u00b0 Eric Cis 2\u00b416\u00b4\u00b486<\/span><br \/>\n2\u00b0 Lucas Carrera<br \/>\n3\u00b0 David Mendero<br \/>\nSemirr\u00edgidos Mayor<br \/>\n<span style=\"color: #ff0000;\">1\u00b0 Gast\u00f3n Satto 2\u00b421\u00b4\u00b403<\/span><br \/>\n2\u00b0 Javier Chiguay<br \/>\n3\u00b0 Andr\u00e9s Guevara<br \/>\nDoble Suspensi\u00f3n<br \/>\n<span style=\"color: #ff0000;\">1\u00b0 Jonathan Aguinaldo 2\u00b408\u00b4\u00b453<\/span><br \/>\n2\u00b0 Cristian Cuello<br \/>\n3\u00b0 Mart\u00edn Navas<\/p>\n<p><a href=\"http:\/\/labestiadeportiva.com\/lbd\/wp-content\/uploads\/2013\/07\/MG_3820.jpg\"><img loading=\"lazy\" class=\"aligncenter size-medium wp-image-5623\" title=\"_MG_3820\" src=\"http:\/\/labestiadeportiva.com\/lbd\/wp-content\/uploads\/2013\/07\/MG_3820-300x200.jpg\" alt=\"\" width=\"300\" height=\"200\" srcset=\"https:\/\/labestiadeportiva.com\/lbd\/wp-content\/uploads\/2013\/07\/MG_3820-300x200.jpg 300w, https:\/\/labestiadeportiva.com\/lbd\/wp-content\/uploads\/2013\/07\/MG_3820.jpg 640w\" sizes=\"(max-width: 300px) 100vw, 300px\" \/><\/a><\/p>\n<p>&nbsp;<\/p>\n<div class='epvc-post-count'><span class='epvc-eye'><\/span>  <span class=\"epvc-count\"> 1.022<\/span><span class='epvc-label'> veces le\u00edda<\/span><\/div>\n<div class=\"jwsharethis\">\nShare this: \n<br \/>\n<a href=\"mailto:?subject=Solo%20falt%C3%B3%20la%20nieve&amp;body=https%3A%2F%2Flabestiadeportiva.com%2Flbd%2Fsolo-falto-la-nieve%2F\">\n<img src=\"https:\/\/labestiadeportiva.com\/lbd\/wp-content\/plugins\/jw-share-this\/email.png\" alt=\"Share this page via Email\" \/>\n<\/a>\n<a target=\"_blank\" href=\"http:\/\/www.stumbleupon.com\/submit?url=https%3A%2F%2Flabestiadeportiva.com%2Flbd%2Fsolo-falto-la-nieve%2F&amp;title=Solo+falt%C3%B3+la+nieve\">\n<img src=\"https:\/\/labestiadeportiva.com\/lbd\/wp-content\/plugins\/jw-share-this\/su.png\" alt=\"Share this page via Stumble Upon\" \/>\n<\/a>\n<a target=\"_blank\" href=\"http:\/\/digg.com\/submit?url=https%3A%2F%2Flabestiadeportiva.com%2Flbd%2Fsolo-falto-la-nieve%2F&amp;title=Solo+falt%C3%B3+la+nieve\">\n<img src=\"https:\/\/labestiadeportiva.com\/lbd\/wp-content\/plugins\/jw-share-this\/digg.png\" alt=\"Share this page via Digg this\" \/>\n<\/a>\n<a target=\"_blank\" href=\"http:\/\/www.facebook.com\/sharer.php?u=https%3A%2F%2Flabestiadeportiva.com%2Flbd%2Fsolo-falto-la-nieve%2F&amp;t=Solo+falt%C3%B3+la+nieve\">\n<img src=\"https:\/\/labestiadeportiva.com\/lbd\/wp-content\/plugins\/jw-share-this\/fb.png\" alt=\"Share this page via Facebook\" \/>\n<\/a>\n<a target=\"_blank\" href=\"http:\/\/twitter.com\/intent\/tweet?text=I+like+https%3A%2F%2Flabestiadeportiva.com%2Flbd%2Fsolo-falto-la-nieve%2F&amp;title=Solo+falt%C3%B3+la+nieve\">\n<img src=\"https:\/\/labestiadeportiva.com\/lbd\/wp-content\/plugins\/jw-share-this\/twitter.png\" alt=\"Share this page via Twitter\" \/>\n<\/a>\n<\/div>\n","protected":false},"excerpt":{"rendered":"<p>El domingo por la tarde se disput\u00f3 una competencia de Downhill en el circuito ubicado en el barrio Kaiken. 18 corredores presentes, Eric Cis, Gast\u00f3n Satto y Jonathan Aguinaldo ganaron sus segmentos. La organizaci\u00f3n estuvo a cargo del Team Icarus que de esta forma se suma a la log\u00edstica de la Asociaci\u00f3n Montain Bike Extremo. &hellip; <a href=\"https:\/\/labestiadeportiva.com\/lbd\/solo-falto-la-nieve\/\" class=\"more-link\">Seguir leyendo <span class=\"screen-reader-text\">Solo falt\u00f3 la nieve<\/span> <span class=\"meta-nav\">&rarr;<\/span><\/a><\/p>\n","protected":false},"author":1,"featured_media":5620,"comment_status":"open","ping_status":"open","sticky":false,"template":"","format":"standard","meta":[],"categories":[5,1],"tags":[541,170,767],"_links":{"self":[{"href":"https:\/\/labestiadeportiva.com\/lbd\/wp-json\/wp\/v2\/posts\/5619"}],"collection":[{"href":"https:\/\/labestiadeportiva.com\/lbd\/wp-json\/wp\/v2\/posts"}],"about":[{"href":"https:\/\/labestiadeportiva.com\/lbd\/wp-json\/wp\/v2\/types\/post"}],"author":[{"embeddable":true,"href":"https:\/\/labestiadeportiva.com\/lbd\/wp-json\/wp\/v2\/users\/1"}],"replies":[{"embeddable":true,"href":"https:\/\/labestiadeportiva.com\/lbd\/wp-json\/wp\/v2\/comments?post=5619"}],"version-history":[{"count":2,"href":"https:\/\/labestiadeportiva.com\/lbd\/wp-json\/wp\/v2\/posts\/5619\/revisions"}],"predecessor-version":[{"id":5625,"href":"https:\/\/labestiadeportiva.com\/lbd\/wp-json\/wp\/v2\/posts\/5619\/revisions\/5625"}],"wp:featuredmedia":[{"embeddable":true,"href":"https:\/\/labestiadeportiva.com\/lbd\/wp-json\/wp\/v2\/media\/5620"}],"wp:attachment":[{"href":"https:\/\/labestiadeportiva.com\/lbd\/wp-json\/wp\/v2\/media?parent=5619"}],"wp:term":[{"taxonomy":"category","embeddable":true,"href":"https:\/\/labestiadeportiva.com\/lbd\/wp-json\/wp\/v2\/categories?post=5619"},{"taxonomy":"post_tag","embeddable":true,"href":"https:\/\/labestiadeportiva.com\/lbd\/wp-json\/wp\/v2\/tags?post=5619"}],"curies":[{"name":"wp","href":"https:\/\/api.w.org\/{rel}","templated":true}]}}