{"id":5626,"date":"2013-07-18T19:25:16","date_gmt":"2013-07-18T19:25:16","guid":{"rendered":"http:\/\/labestiadeportiva.com\/lbd\/?p=5626"},"modified":"2013-07-18T19:32:27","modified_gmt":"2013-07-18T19:32:27","slug":"cau-b-y-acemhh-los-duenos-del-sub-12-y-sub-14","status":"publish","type":"post","link":"https:\/\/labestiadeportiva.com\/lbd\/cau-b-y-acemhh-los-duenos-del-sub-12-y-sub-14\/","title":{"rendered":"CAU \u201cB\u201d y ACEMHH los due\u00f1os del Sub 12 y Sub 14"},"content":{"rendered":"<p><a href=\"http:\/\/labestiadeportiva.com\/lbd\/wp-content\/uploads\/2013\/07\/DSC_0566.jpg\"><img loading=\"lazy\" class=\"alignleft size-medium wp-image-5627\" title=\"DSC_0566\" src=\"http:\/\/labestiadeportiva.com\/lbd\/wp-content\/uploads\/2013\/07\/DSC_0566-300x165.jpg\" alt=\"\" width=\"300\" height=\"165\" srcset=\"https:\/\/labestiadeportiva.com\/lbd\/wp-content\/uploads\/2013\/07\/DSC_0566-300x165.jpg 300w, https:\/\/labestiadeportiva.com\/lbd\/wp-content\/uploads\/2013\/07\/DSC_0566.jpg 640w\" sizes=\"(max-width: 300px) 100vw, 300px\" \/><\/a>El pasado mi\u00e9rcoles al mediod\u00eda finaliz\u00f3 la IX Edici\u00f3n de la \u201cCopa Fin del Mundo\u201d de hockey sobre hielo para los segmentos menores. Desde las 18.30 se realiz\u00f3 la correspondiente premiaci\u00f3n y cierre de las categor\u00edas infanto juveniles. El conjunto B del CAU se adjudic\u00f3 el segmento menor mientras que los capitalinos de ACEMHH consiguieron el t\u00edtulo en la categor\u00eda intermedia. En Sub 16, donde participaron dos equipos, los ushuaienses vencieron a los porte\u00f1os de ACEMHH por 2 a 0 en serie a mejor de tres partidos. Las fotos son gentileza de www.copafindelmundo.com.ar<!--morePara leer Click Aqu\u00ed--><\/p>\n<p>Un d\u00eda despu\u00e9s de lo previsto, la nevada del martes hizo que la jornada final pasara al d\u00eda siguiente, concluy\u00f3 la competencia sobre hielo para los m\u00e1s j\u00f3venes.<\/p>\n<p>A diferencia de lo que hab\u00eda sucedido en la clasificaci\u00f3n donde Winter marc\u00f3 el camino finalmente el CAU con su equipo B y ACEMHH fueron los que se quedaron con los t\u00edtulos Sub 12 y Sub 14.<\/p>\n<p>En semifinales del segmento menor choque entre los locales donde el B derrot\u00f3 al A por un apretado 3 a 2 mientras que por otro lado en el duelo de Buenos Aires Winter gole\u00f3 a ACEMHH por 7 a 1.<\/p>\n<p>En Sub 14 la \u201csemis\u201d arrojaron la goleada del equipo B del CAU sobre Winter por 6 a 0 y el triunfo de ACEMHH ante los fueguinos del combinado A 7 a 5.<br \/>\nA la hora de los partidos definitorios el CAU B derrot\u00f3 a Winter 2 a 1 en Sub 12 mientras que ACEMHH hizo lo propio con los locales en su versi\u00f3n B por 3 a 1 en Sub 14.<\/p>\n<p><a href=\"http:\/\/labestiadeportiva.com\/lbd\/wp-content\/uploads\/2013\/07\/DSC_0123.jpg\"><img loading=\"lazy\" class=\"aligncenter size-medium wp-image-5628\" title=\"DSC_0123\" src=\"http:\/\/labestiadeportiva.com\/lbd\/wp-content\/uploads\/2013\/07\/DSC_0123-300x172.jpg\" alt=\"\" width=\"300\" height=\"172\" srcset=\"https:\/\/labestiadeportiva.com\/lbd\/wp-content\/uploads\/2013\/07\/DSC_0123-300x172.jpg 300w, https:\/\/labestiadeportiva.com\/lbd\/wp-content\/uploads\/2013\/07\/DSC_0123.jpg 640w\" sizes=\"(max-width: 300px) 100vw, 300px\" \/><\/a><\/p>\n<p>Asimismo los equipos A del CAU ganaron sus compromisos por el 3\u00b0 y 4\u00b0 puesto en ambas categor\u00edas ocupando de esta forma el tercer escal\u00f3n del podio.<\/p>\n<p>Cabe aclarar que en el caso de los Sub 16 se presentaron dos equipos, CAU y ACEMHH, quienes por primera vez realizaron sus partidos en cancha completa. Disputaron el t\u00edtulo al mejor de tres partidos donde los ushuaienses se impusieron por 2 juegos a 0.<\/p>\n<p>Desde el mi\u00e9rcoles a la 19 horas con la ceremonia inaugural se pusieron en marcha los mayores y las damas quienes competir\u00e1n hasta el pr\u00f3ximo domingo.<\/p>\n<p>Habr\u00e1 que estar atento este viernes con lo que pase con el clima dado que se pronosticaron fuertes nevadas, si esto sucede la jornada podr\u00eda posponerse un d\u00eda concluyendo el lunes la IX edici\u00f3n del evento.<\/p>\n<p><a href=\"http:\/\/labestiadeportiva.com\/lbd\/wp-content\/uploads\/2013\/07\/DSC_0560.jpg\"><img loading=\"lazy\" class=\"aligncenter size-medium wp-image-5629\" title=\"DSC_0560\" src=\"http:\/\/labestiadeportiva.com\/lbd\/wp-content\/uploads\/2013\/07\/DSC_0560-300x197.jpg\" alt=\"\" width=\"300\" height=\"197\" srcset=\"https:\/\/labestiadeportiva.com\/lbd\/wp-content\/uploads\/2013\/07\/DSC_0560-300x197.jpg 300w, https:\/\/labestiadeportiva.com\/lbd\/wp-content\/uploads\/2013\/07\/DSC_0560.jpg 640w\" sizes=\"(max-width: 300px) 100vw, 300px\" \/><\/a><span style=\"color: #0000ff;\">Resultados<\/span><br \/>\nSemifinales<br \/>\nSUB12 \u2013 WINTER C.H.H. (7) vs ACEMHH (1)<br \/>\nSUB12 \u2013 C.A. USHUAIA \u201cA\u201d (2) vs C.A. USHUAIA \u201cB\u201d (3)<br \/>\nSUB14 \u2013 WINTER C.H.H. (0) vs C.A. USHUAIA \u201cB\u201d (6)<br \/>\nSUB14 \u2013 ACEMHH (7) vs C.A. USHUAIA \u201cA\u201d (5)<\/p>\n<p>FINALES SUB14<br \/>\n3\u00b0 y 4\u00b0 puesto: WINTER C.H.H. (2) vs C.A. CAU \u201cA\u201d (7)<br \/>\n<span style=\"color: #ff0000;\">1\u00b0 y 2\u00b0 puesto: C.A. USHUAIA \u201cB\u201d (1) vs ACEMHH (3)<\/span><\/p>\n<p>FINALES SUB12<br \/>\n3\u00b0 y 4\u00b0 puesto: ACEMHH (1) vs C.A. USHUAIA \u201cA\u201d (9)<br \/>\n<span style=\"color: #ff0000;\">1\u00b0 y 2\u00b0 puesto: WINTER C.H.H. (1) vs C.A. USHUAIA \u201cB\u201d (2)<\/span><\/p>\n<p><span style=\"color: #0000ff;\">POSICIONES FINALES SUB12<\/span><br \/>\n<span style=\"color: #ff0000;\">1\u00b0 CAU \u00abB\u00bb<\/span><br \/>\n2\u00b0 Winter<br \/>\n3\u00b0 CAU \u00abA\u00bb<br \/>\n4\u00b0 ACEMHH<\/p>\n<p><span style=\"color: #0000ff;\">POSICIONES FINALES SUB14<\/span><br \/>\n<span style=\"color: #ff0000;\">1\u00b0 ACEMHH<\/span><br \/>\n2\u00b0 CAU \u00abB\u00bb<br \/>\n3\u00b0 CAU \u00abA\u00bb<br \/>\n4\u00b0 Winter<\/p>\n<p><a href=\"http:\/\/labestiadeportiva.com\/lbd\/wp-content\/uploads\/2013\/07\/DSC_0558.jpg\"><img loading=\"lazy\" class=\"aligncenter size-medium wp-image-5630\" title=\"DSC_0558\" src=\"http:\/\/labestiadeportiva.com\/lbd\/wp-content\/uploads\/2013\/07\/DSC_0558-300x185.jpg\" alt=\"\" width=\"300\" height=\"185\" srcset=\"https:\/\/labestiadeportiva.com\/lbd\/wp-content\/uploads\/2013\/07\/DSC_0558-300x185.jpg 300w, https:\/\/labestiadeportiva.com\/lbd\/wp-content\/uploads\/2013\/07\/DSC_0558.jpg 640w\" sizes=\"(max-width: 300px) 100vw, 300px\" \/><\/a><\/p>\n<div class='epvc-post-count'><span class='epvc-eye'><\/span>  <span class=\"epvc-count\"> 1.248<\/span><span class='epvc-label'> veces le\u00edda<\/span><\/div>\n<div class=\"jwsharethis\">\nShare this: \n<br \/>\n<a href=\"mailto:?subject=CAU%20%E2%80%9CB%E2%80%9D%20y%20ACEMHH%20los%20due%C3%B1os%20del%20Sub%2012%20y%20Sub%2014&amp;body=https%3A%2F%2Flabestiadeportiva.com%2Flbd%2Fcau-b-y-acemhh-los-duenos-del-sub-12-y-sub-14%2F\">\n<img src=\"https:\/\/labestiadeportiva.com\/lbd\/wp-content\/plugins\/jw-share-this\/email.png\" alt=\"Share this page via Email\" \/>\n<\/a>\n<a target=\"_blank\" href=\"http:\/\/www.stumbleupon.com\/submit?url=https%3A%2F%2Flabestiadeportiva.com%2Flbd%2Fcau-b-y-acemhh-los-duenos-del-sub-12-y-sub-14%2F&amp;title=CAU+%E2%80%9CB%E2%80%9D+y+ACEMHH+los+due%C3%B1os+del+Sub+12+y+Sub+14\">\n<img src=\"https:\/\/labestiadeportiva.com\/lbd\/wp-content\/plugins\/jw-share-this\/su.png\" alt=\"Share this page via Stumble Upon\" \/>\n<\/a>\n<a target=\"_blank\" href=\"http:\/\/digg.com\/submit?url=https%3A%2F%2Flabestiadeportiva.com%2Flbd%2Fcau-b-y-acemhh-los-duenos-del-sub-12-y-sub-14%2F&amp;title=CAU+%E2%80%9CB%E2%80%9D+y+ACEMHH+los+due%C3%B1os+del+Sub+12+y+Sub+14\">\n<img src=\"https:\/\/labestiadeportiva.com\/lbd\/wp-content\/plugins\/jw-share-this\/digg.png\" alt=\"Share this page via Digg this\" \/>\n<\/a>\n<a target=\"_blank\" href=\"http:\/\/www.facebook.com\/sharer.php?u=https%3A%2F%2Flabestiadeportiva.com%2Flbd%2Fcau-b-y-acemhh-los-duenos-del-sub-12-y-sub-14%2F&amp;t=CAU+%E2%80%9CB%E2%80%9D+y+ACEMHH+los+due%C3%B1os+del+Sub+12+y+Sub+14\">\n<img src=\"https:\/\/labestiadeportiva.com\/lbd\/wp-content\/plugins\/jw-share-this\/fb.png\" alt=\"Share this page via Facebook\" \/>\n<\/a>\n<a target=\"_blank\" href=\"http:\/\/twitter.com\/intent\/tweet?text=I+like+https%3A%2F%2Flabestiadeportiva.com%2Flbd%2Fcau-b-y-acemhh-los-duenos-del-sub-12-y-sub-14%2F&amp;title=CAU+%E2%80%9CB%E2%80%9D+y+ACEMHH+los+due%C3%B1os+del+Sub+12+y+Sub+14\">\n<img src=\"https:\/\/labestiadeportiva.com\/lbd\/wp-content\/plugins\/jw-share-this\/twitter.png\" alt=\"Share this page via Twitter\" \/>\n<\/a>\n<\/div>\n","protected":false},"excerpt":{"rendered":"<p>El pasado mi\u00e9rcoles al mediod\u00eda finaliz\u00f3 la IX Edici\u00f3n de la \u201cCopa Fin del Mundo\u201d de hockey sobre hielo para los segmentos menores. Desde las 18.30 se realiz\u00f3 la correspondiente premiaci\u00f3n y cierre de las categor\u00edas infanto juveniles. El conjunto B del CAU se adjudic\u00f3 el segmento menor mientras que los capitalinos de ACEMHH consiguieron &hellip; <a href=\"https:\/\/labestiadeportiva.com\/lbd\/cau-b-y-acemhh-los-duenos-del-sub-12-y-sub-14\/\" class=\"more-link\">Seguir leyendo <span class=\"screen-reader-text\">CAU \u201cB\u201d y ACEMHH los due\u00f1os del Sub 12 y Sub 14<\/span> <span class=\"meta-nav\">&rarr;<\/span><\/a><\/p>\n","protected":false},"author":1,"featured_media":5627,"comment_status":"open","ping_status":"open","sticky":false,"template":"","format":"standard","meta":[],"categories":[5,6,1],"tags":[760,139,562],"_links":{"self":[{"href":"https:\/\/labestiadeportiva.com\/lbd\/wp-json\/wp\/v2\/posts\/5626"}],"collection":[{"href":"https:\/\/labestiadeportiva.com\/lbd\/wp-json\/wp\/v2\/posts"}],"about":[{"href":"https:\/\/labestiadeportiva.com\/lbd\/wp-json\/wp\/v2\/types\/post"}],"author":[{"embeddable":true,"href":"https:\/\/labestiadeportiva.com\/lbd\/wp-json\/wp\/v2\/users\/1"}],"replies":[{"embeddable":true,"href":"https:\/\/labestiadeportiva.com\/lbd\/wp-json\/wp\/v2\/comments?post=5626"}],"version-history":[{"count":3,"href":"https:\/\/labestiadeportiva.com\/lbd\/wp-json\/wp\/v2\/posts\/5626\/revisions"}],"predecessor-version":[{"id":5633,"href":"https:\/\/labestiadeportiva.com\/lbd\/wp-json\/wp\/v2\/posts\/5626\/revisions\/5633"}],"wp:featuredmedia":[{"embeddable":true,"href":"https:\/\/labestiadeportiva.com\/lbd\/wp-json\/wp\/v2\/media\/5627"}],"wp:attachment":[{"href":"https:\/\/labestiadeportiva.com\/lbd\/wp-json\/wp\/v2\/media?parent=5626"}],"wp:term":[{"taxonomy":"category","embeddable":true,"href":"https:\/\/labestiadeportiva.com\/lbd\/wp-json\/wp\/v2\/categories?post=5626"},{"taxonomy":"post_tag","embeddable":true,"href":"https:\/\/labestiadeportiva.com\/lbd\/wp-json\/wp\/v2\/tags?post=5626"}],"curies":[{"name":"wp","href":"https:\/\/api.w.org\/{rel}","templated":true}]}}