{"id":5654,"date":"2013-07-20T04:48:00","date_gmt":"2013-07-20T04:48:00","guid":{"rendered":"http:\/\/labestiadeportiva.com\/lbd\/?p=5654"},"modified":"2013-07-20T04:48:00","modified_gmt":"2013-07-20T04:48:00","slug":"el-chory-regresa-al-gran-premio","status":"publish","type":"post","link":"https:\/\/labestiadeportiva.com\/lbd\/el-chory-regresa-al-gran-premio\/","title":{"rendered":"El \u201cChory\u201d regresa al \u201cGran Premio\u201d"},"content":{"rendered":"<p class=\"MsoNormal\"><a href=\"http:\/\/labestiadeportiva.com\/lbd\/wp-content\/uploads\/2013\/07\/A\u00f1o_Nuevo3.jpg\"><img loading=\"lazy\" class=\"alignleft size-full wp-image-5655\" title=\"A\u00f1o_Nuevo3\" src=\"http:\/\/labestiadeportiva.com\/lbd\/wp-content\/uploads\/2013\/07\/A\u00f1o_Nuevo3.jpg\" alt=\"\" width=\"265\" height=\"232\" \/><\/a>Luego de 13 a\u00f1os de ausencia <span style=\"color: #ff0000;\">Horacio Zentner<\/span> ser\u00e1 de la partida en la edici\u00f3n n\u00famero 40 del \u201cGran Premio de la Hermandad Argentino Chilena\u201d. Lo har\u00e1 en el Honda Civic que hasta el a\u00f1o pasado utiliz\u00f3 Daniel Preto. El experimentado piloto ushuaiense llevar\u00e1 en la butaca derecha a su hijo Mauricio, periodista deportivo de LBD. Desde FM del Sur dialogamos con Horacio, estas son sus principales declaraciones.<!--morePara leer Click Aqu\u00ed--><\/p>\n<p class=\"MsoNormal\"><span style=\"color: #0000ff;\">\u201cEsto se ven\u00eda hablando hace un tiempo atr\u00e1s, cuando me enter\u00e9 que \u201cDany\u201d iba a vender los autos del equipo se me dio el inter\u00e9s de ver si pod\u00eda comprar uno, despu\u00e9s se cambi\u00f3 la fecha del nacional que era justo el fin de semana de la \u201cHermandad\u201d y \u00e9l dijo que iba a correr con Luciano y Ruggero se desech\u00f3 esa posibilidad. Posteriormente volvi\u00f3 a cambiar el panorama cuando la organizaci\u00f3n tom\u00f3 la determinaci\u00f3n de largar las categor\u00edas m\u00e1s chicas adelante donde el equipo Preto decidi\u00f3 levantar su participaci\u00f3n, ah\u00ed fue cuando Daniel me llam\u00f3 para preguntarme si segu\u00eda interesado en el auto y le dije que s\u00ed. \u00c9l hizo un esfuerzo importante para vend\u00e9rmelo con facilidades de pago as\u00ed que voy a estar en carrera con su auto y mi hijo Mauricio de acompa\u00f1ante.<\/span><\/p>\n<p class=\"MsoNormal\"><span style=\"color: #0000ff;\">El estilo de manejo que me caracteriz\u00f3 en toda mi trayectoria en el automovilismo es ir al l\u00edmite y la gente no se olvida, siempre nos brindamos por el espect\u00e1culo y me permiti\u00f3 tener muy buenos logros en un mont\u00f3n de competencias y la idea es volver as\u00ed. Con \u201cMaury\u201d es una doble alegr\u00eda poder compartir con mi hijo esta pasi\u00f3n del automovilismo, estoy realmente sorprendido por la cantidad de mensajes y llamados recibidos, me pone muy contento que genere todo esto en la gente me llena de orgullo.<\/span><\/p>\n<p class=\"MsoNormal\"><span style=\"color: #0000ff;\">Con respecto al \u201cGran Premio\u201d son trece a\u00f1os que no corro, el \u00faltimo fue en el 2000, yo tard\u00e9 tambi\u00e9n 13 a\u00f1os en ganar mi primera \u201cHermandad\u201d en la general si bien hab\u00eda ganado etapas, parciales con anterioridad fueron trece los a\u00f1os para ganarla, trece los que han pasado y la vuelvo a correr, vamos a ver si ese n\u00famero nos trae un poco de suerte. No vamos a salir a buscar nada, daremos la vuelta con \u201cMaury\u201d pondremos lo mejor para ganarla pero sin presiones.<\/span><\/p>\n<p class=\"MsoNormal\"><span style=\"color: #0000ff;\">\u201cMaury\u201d ya estuvo arriba de la Saveiro conmigo probando en Aguas Blancas a\u00f1os atr\u00e1s, creo que nos vamos a adaptar r\u00e1pido a todo esto. Ya tengo una hoja armada, hay que salir a afinarla, porque si bien hace muchos a\u00f1os que no paso por la zona de Cameron se modific\u00f3 mucho, la zona de Rufin, la parte de Onaisin la transit\u00e9 esta semana por el trabajo que tengo en Chile que voy y vengo as\u00ed que los primeros 100 kil\u00f3metros de ambas puntas del camino los conozco muy bien solo nos falte la parte del interior. Es un auto que va r\u00e1pido y hay que hacer las cosas bien para ir sobre el camino.<\/span><\/p>\n<p class=\"MsoNormal\"><span style=\"color: #0000ff;\">Al auto no hay que hacerle nada, \u201cDany\u201d me dijo que como ellos iban a correr ya lo hab\u00edan revisado completo, de hecho me llam\u00f3 ayer porque estaba haci\u00e9ndoles el service a los amortiguadores y les realiz\u00f3 unas modificaciones a los anclajes de las espirales traseras, \u00e9l a\u00f1o a a\u00f1o lo fue evolucionando as\u00ed que digamos que est\u00e1 10 puntos. Es una garant\u00eda poder subirte a un auto que sabes que est\u00e1 probado.<\/span><\/p>\n<p class=\"MsoNormal\"><span style=\"color: #0000ff;\">El gesto de Daniel quien me vende el auto en condiciones muy favorables y aparte con toda la experiencia de \u00e9l volcada en el auto y sin esconder absolutamente nada es incre\u00edble, yo puse en el facebook \u201cgracias a mi amigo del alma\u201d nos conocemos desde que tenemos memoria, siempre hubo mucha competencia entre nosotros, quiz\u00e1s a\u00f1os atr\u00e1s la \u201cpica\u201d como se sol\u00eda decir era entre nuestros amigos que por nosotros mismos, nunca nos peleamos ni mucho menos, si pon\u00edamos todo en cada carrera cada uno con su estilo. Somos los \u00fanicos pilotos en Tierra del Fuego que empatamos un rally, aquel de Yehuin donde llegamos igualados al \u00faltimo prime y volvimos a empatarlo que fue una exhibici\u00f3n \u00fanica para la isla, eso habla de la paridad que tuvimos siempre disfrutando las carreras.<\/span><\/p>\n<p class=\"MsoNormal\"><span style=\"color: #0000ff;\">Muchas gracias a ustedes por el contacto y a toda la gente que me ha llamado y est\u00e1 disfrutando con mi regreso como verdaderamente lo estamos haciendo nosotros con felicidad y muchas ganas.\u201d \u00a0\u00a0\u00a0<\/span><span style=\"mso-spacerun: yes;\">\u00a0<\/span><span style=\"mso-spacerun: yes;\">\u00a0<\/span><span style=\"mso-spacerun: yes;\">\u00a0<\/span><span style=\"mso-spacerun: yes;\">\u00a0<\/span><span style=\"mso-spacerun: yes;\">\u00a0<\/span><span style=\"mso-spacerun: yes;\">\u00a0<\/span><span style=\"mso-spacerun: yes;\">\u00a0<\/span><span style=\"mso-spacerun: yes;\">\u00a0<\/span><span style=\"mso-spacerun: yes;\">\u00a0<\/span><span style=\"mso-spacerun: yes;\">\u00a0<\/span><span style=\"mso-spacerun: yes;\">\u00a0<\/span><span style=\"mso-spacerun: yes;\">\u00a0<\/span><span style=\"mso-spacerun: yes;\">\u00a0<\/span><\/p>\n<div class='epvc-post-count'><span class='epvc-eye'><\/span>  <span class=\"epvc-count\"> 1.434<\/span><span class='epvc-label'> veces le\u00edda<\/span><\/div>\n<div class=\"jwsharethis\">\nShare this: \n<br \/>\n<a href=\"mailto:?subject=El%20%E2%80%9CChory%E2%80%9D%20regresa%20al%20%E2%80%9CGran%20Premio%E2%80%9D&amp;body=https%3A%2F%2Flabestiadeportiva.com%2Flbd%2Fel-chory-regresa-al-gran-premio%2F\">\n<img src=\"https:\/\/labestiadeportiva.com\/lbd\/wp-content\/plugins\/jw-share-this\/email.png\" alt=\"Share this page via Email\" \/>\n<\/a>\n<a target=\"_blank\" href=\"http:\/\/www.stumbleupon.com\/submit?url=https%3A%2F%2Flabestiadeportiva.com%2Flbd%2Fel-chory-regresa-al-gran-premio%2F&amp;title=El+%E2%80%9CChory%E2%80%9D+regresa+al+%E2%80%9CGran+Premio%E2%80%9D\">\n<img src=\"https:\/\/labestiadeportiva.com\/lbd\/wp-content\/plugins\/jw-share-this\/su.png\" alt=\"Share this page via Stumble Upon\" \/>\n<\/a>\n<a target=\"_blank\" href=\"http:\/\/digg.com\/submit?url=https%3A%2F%2Flabestiadeportiva.com%2Flbd%2Fel-chory-regresa-al-gran-premio%2F&amp;title=El+%E2%80%9CChory%E2%80%9D+regresa+al+%E2%80%9CGran+Premio%E2%80%9D\">\n<img src=\"https:\/\/labestiadeportiva.com\/lbd\/wp-content\/plugins\/jw-share-this\/digg.png\" alt=\"Share this page via Digg this\" \/>\n<\/a>\n<a target=\"_blank\" href=\"http:\/\/www.facebook.com\/sharer.php?u=https%3A%2F%2Flabestiadeportiva.com%2Flbd%2Fel-chory-regresa-al-gran-premio%2F&amp;t=El+%E2%80%9CChory%E2%80%9D+regresa+al+%E2%80%9CGran+Premio%E2%80%9D\">\n<img src=\"https:\/\/labestiadeportiva.com\/lbd\/wp-content\/plugins\/jw-share-this\/fb.png\" alt=\"Share this page via Facebook\" \/>\n<\/a>\n<a target=\"_blank\" href=\"http:\/\/twitter.com\/intent\/tweet?text=I+like+https%3A%2F%2Flabestiadeportiva.com%2Flbd%2Fel-chory-regresa-al-gran-premio%2F&amp;title=El+%E2%80%9CChory%E2%80%9D+regresa+al+%E2%80%9CGran+Premio%E2%80%9D\">\n<img src=\"https:\/\/labestiadeportiva.com\/lbd\/wp-content\/plugins\/jw-share-this\/twitter.png\" alt=\"Share this page via Twitter\" \/>\n<\/a>\n<\/div>\n","protected":false},"excerpt":{"rendered":"<p>Luego de 13 a\u00f1os de ausencia Horacio Zentner ser\u00e1 de la partida en la edici\u00f3n n\u00famero 40 del \u201cGran Premio de la Hermandad Argentino Chilena\u201d. Lo har\u00e1 en el Honda Civic que hasta el a\u00f1o pasado utiliz\u00f3 Daniel Preto. El experimentado piloto ushuaiense llevar\u00e1 en la butaca derecha a su hijo Mauricio, periodista deportivo de &hellip; <a href=\"https:\/\/labestiadeportiva.com\/lbd\/el-chory-regresa-al-gran-premio\/\" class=\"more-link\">Seguir leyendo <span class=\"screen-reader-text\">El \u201cChory\u201d regresa al \u201cGran Premio\u201d<\/span> <span class=\"meta-nav\">&rarr;<\/span><\/a><\/p>\n","protected":false},"author":1,"featured_media":5655,"comment_status":"open","ping_status":"open","sticky":false,"template":"","format":"standard","meta":[],"categories":[5,4,6,60,1],"tags":[769,770,86,771],"_links":{"self":[{"href":"https:\/\/labestiadeportiva.com\/lbd\/wp-json\/wp\/v2\/posts\/5654"}],"collection":[{"href":"https:\/\/labestiadeportiva.com\/lbd\/wp-json\/wp\/v2\/posts"}],"about":[{"href":"https:\/\/labestiadeportiva.com\/lbd\/wp-json\/wp\/v2\/types\/post"}],"author":[{"embeddable":true,"href":"https:\/\/labestiadeportiva.com\/lbd\/wp-json\/wp\/v2\/users\/1"}],"replies":[{"embeddable":true,"href":"https:\/\/labestiadeportiva.com\/lbd\/wp-json\/wp\/v2\/comments?post=5654"}],"version-history":[{"count":1,"href":"https:\/\/labestiadeportiva.com\/lbd\/wp-json\/wp\/v2\/posts\/5654\/revisions"}],"predecessor-version":[{"id":5656,"href":"https:\/\/labestiadeportiva.com\/lbd\/wp-json\/wp\/v2\/posts\/5654\/revisions\/5656"}],"wp:featuredmedia":[{"embeddable":true,"href":"https:\/\/labestiadeportiva.com\/lbd\/wp-json\/wp\/v2\/media\/5655"}],"wp:attachment":[{"href":"https:\/\/labestiadeportiva.com\/lbd\/wp-json\/wp\/v2\/media?parent=5654"}],"wp:term":[{"taxonomy":"category","embeddable":true,"href":"https:\/\/labestiadeportiva.com\/lbd\/wp-json\/wp\/v2\/categories?post=5654"},{"taxonomy":"post_tag","embeddable":true,"href":"https:\/\/labestiadeportiva.com\/lbd\/wp-json\/wp\/v2\/tags?post=5654"}],"curies":[{"name":"wp","href":"https:\/\/api.w.org\/{rel}","templated":true}]}}