{"id":5819,"date":"2013-07-30T05:35:22","date_gmt":"2013-07-30T05:35:22","guid":{"rendered":"http:\/\/labestiadeportiva.com\/lbd\/?p=5819"},"modified":"2013-07-30T14:18:19","modified_gmt":"2013-07-30T14:18:19","slug":"el-chory-romero-es-de-primera","status":"publish","type":"post","link":"https:\/\/labestiadeportiva.com\/lbd\/el-chory-romero-es-de-primera\/","title":{"rendered":"El \u201cChory\u201d Romero es de primera"},"content":{"rendered":"<p class=\"MsoNormal\"><span style=\"color: #ff0000;\"><a href=\"http:\/\/labestiadeportiva.com\/lbd\/wp-content\/uploads\/2013\/07\/2500-1gr.jpg\"><img loading=\"lazy\" class=\"alignleft size-medium wp-image-5820\" title=\"2500-1gr\" src=\"http:\/\/labestiadeportiva.com\/lbd\/wp-content\/uploads\/2013\/07\/2500-1gr-300x268.jpg\" alt=\"\" width=\"300\" height=\"268\" srcset=\"https:\/\/labestiadeportiva.com\/lbd\/wp-content\/uploads\/2013\/07\/2500-1gr-300x268.jpg 300w, https:\/\/labestiadeportiva.com\/lbd\/wp-content\/uploads\/2013\/07\/2500-1gr.jpg 468w\" sizes=\"(max-width: 300px) 100vw, 300px\" \/><\/a>Diego Romero<\/span>, riograndense de nacimiento, forma parte del actual plantel profesional de Olimpo de Bah\u00eda Blanca. El volante de creaci\u00f3n de 25 a\u00f1os visti\u00f3 las camisetas de la CAI de Comodoro Rivadavia y Patronato de Paran\u00e1 en la primera B Nacional. En la actualidad defiende los colores del club bahiense con quien ascendi\u00f3 a la principal categor\u00eda el pasado torneo. Desde LBD nos comunicamos con el fueguino, estos son los principales pasajes de la charla lograda en la 94.1 FM del Sur.<!--morePara Leer Click Aqu\u00ed--><\/p>\n<p class=\"MsoNormal\"><span style=\"color: #0000ff;\">\u201cDebut\u00e9 en el Nacional B con la CAI, despu\u00e9s estuve en Patronato (Paran\u00e1) un a\u00f1o a pr\u00e9stamo y esta \u00faltima que pas\u00f3 en Olimpo. Ahora se logr\u00f3 el ascenso y estamos ac\u00e1 en el plantel de primera esperando por una chance.<\/span><\/p>\n<p class=\"MsoNormal\"><span style=\"color: #0000ff;\">Con respecto a la campa\u00f1a del \u00faltimo campeonato tuvimos una muy buena primera ronda donde terminamos primeros sacando una buena luz de diferencia que nos permiti\u00f3 mantenernos gracias al importante colch\u00f3n de puntos cuando la segunda parte no fue buena pudimos mantener la distancia con Sarmiento que al final s\u00ed peligr\u00f3 un poco porque se acercaron a cuatro puntos. Por suerte a pesar de que al final no se nos dieron los resultados a ellos tampoco y tres fechas antes del final logramos el ascenso.<\/span><\/p>\n<p class=\"MsoNormal\"><span style=\"color: #0000ff;\">Del plantel pasado solo quedamos 8, 10 jugadores el resto se fue incorporando con el correr de la pretemporada. Estuvimos un par de semanas en Mar del Plata donde hicimos la parte fuerte f\u00edsica y esta \u00faltima semana fuimos a Buenos Aires para hacer amistosos con Boca y Lan\u00fas as\u00ed que bien afinando los \u00faltimos detalles para el pr\u00f3ximo torneo que arranca la semana que viene.<\/span><\/p>\n<p class=\"MsoNormal\"><span style=\"color: #0000ff;\">Ya me cruc\u00e9 con Oliver (Ben\u00edtez) en el Nacional B, cuando estaba en Patronato y cambiamos camisetas. La verdad que es un logro grande para la isla tener jugadores que la puedan representa a nivel primera, reserva e inferiores, esto le hace muy bien al f\u00fatbol de la Tierra del Fuego porque quiz\u00e1s siempre se nos vio como jugadores de f\u00fatbol de sal\u00f3n pero con el tiempo se fue mejorando y demostrando que pod\u00edamos estar.<\/span><\/p>\n<p class=\"MsoNormal\"><span style=\"color: #0000ff;\">Compart\u00ed la pensi\u00f3n de la CAI con Franco Mendoza que ahora est\u00e1 en Chaco For Ever, \u201cRodri\u201d Arciero en la actualidad en la reserva de All Boys e inclusive con \u201cNico\u201d Bueno (Villa San Carlos).<\/span><\/p>\n<p class=\"MsoNormal\"><span style=\"color: #0000ff;\">Nos est\u00e1bamos olvidando de \u201cPablito\u201d Heredia (Belgrano de C\u00f3rdoba) el arquero, me cruc\u00e9 con \u00e9l en varias oportunidades. Un amigo y compa\u00f1ero en San Mart\u00edn a pesar de que es un par de a\u00f1os m\u00e1s chico que yo siempre compartimos equipo en R\u00edo Grande.<\/span><\/p>\n<p class=\"MsoNormal\"><span style=\"color: #0000ff;\">La verdad que desde muy chico tuve el objetivo de ser jugador de f\u00fatbol, era lo \u00fanico que hac\u00eda y so\u00f1aba con llegar. Nunca pens\u00e9 en dedicarme a otra cosa, se fue dando todo de chico me toc\u00f3 irme a Comodoro y ni lo pens\u00e9 cuando me dijeron de quedarme. Arranqu\u00e9 en la pensi\u00f3n, pas\u00e9 por las inferiores de Racing y tuve que volver a la CAI pero siempre ligado a esto que era lo que me gustaba y me iba a dedicar.<\/span><\/p>\n<p class=\"MsoNormal\"><span style=\"color: #0000ff;\">La familia la tengo bastante separada, mi hermano en R\u00edo Grande, mi hermana estudiando en C\u00f3rdoba, mi vieja en Chaco y mi viejo en Catamarca.<\/span><\/p>\n<p class=\"MsoNormal\"><span style=\"color: #0000ff;\">Con los refuerzos que han llegado y dem\u00e1s Walter (Perazzo) est\u00e1 probando un equipo que aunque no es nada definitivo no creo estar entre los 11 iniciales en las primeras fechas, veremos con el correr de los partidos si puedo ganarme un lugar. Espero si no juego poder estar en el banco de los relevos, en el peor de las casos si no me toca ir\u00e9 a reserva para no perder ritmo futbol\u00edstico que es lo que te mata.<\/span><\/p>\n<p class=\"MsoNormal\"><span style=\"color: #0000ff;\">El nuestro es un plantel corto al que por ah\u00ed pueden llegar dos o tres refuerzos m\u00e1s, el objetivo principal que tendremos ser\u00e1 sacar la mayor cantidad de puntos para no peligrar con el tema del descenso, esperemos tener una buena campa\u00f1a, hacernos fuertes de local la idea de Walter es salir a jugar de la misma forma en cualquier condici\u00f3n con la identidad de juego que tenemos, veremos c\u00f3mo arrancamos ante San Lorenzo.<\/span><\/p>\n<p class=\"MsoNormal\"><span style=\"color: #0000ff;\">Este a\u00f1o tengo que decidir entre el 17 o el 23 para llevar en la camiseta aunque el 21 tambi\u00e9n me gustaba, tendr\u00e9 que optar por uno de ellos en los pr\u00f3ximos d\u00edas. <\/span><\/p>\n<p class=\"MsoNormal\"><span style=\"color: #0000ff;\">Muchas gracias por acordarse y comunicarse conmigo, la verdad que es lindo recibir el cari\u00f1o de la gente de la isla que es de donde sal\u00ed. Mandarle saludo a mi familia y a todos en Tierra del Fuego, \u00a0amigos y compa\u00f1eros un abrazo grande, siempre en las vacaciones cuando puedo me doy una vuelta por all\u00e1.\u201d \u00a0\u00a0\u00a0\u00a0\u00a0\u00a0<\/span><\/p>\n<div class='epvc-post-count'><span class='epvc-eye'><\/span>  <span class=\"epvc-count\"> 1.364<\/span><span class='epvc-label'> veces le\u00edda<\/span><\/div>\n<div class=\"jwsharethis\">\nShare this: \n<br \/>\n<a href=\"mailto:?subject=El%20%E2%80%9CChory%E2%80%9D%20Romero%20es%20de%20primera&amp;body=https%3A%2F%2Flabestiadeportiva.com%2Flbd%2Fel-chory-romero-es-de-primera%2F\">\n<img src=\"https:\/\/labestiadeportiva.com\/lbd\/wp-content\/plugins\/jw-share-this\/email.png\" alt=\"Share this page via Email\" \/>\n<\/a>\n<a target=\"_blank\" href=\"http:\/\/www.stumbleupon.com\/submit?url=https%3A%2F%2Flabestiadeportiva.com%2Flbd%2Fel-chory-romero-es-de-primera%2F&amp;title=El+%E2%80%9CChory%E2%80%9D+Romero+es+de+primera\">\n<img src=\"https:\/\/labestiadeportiva.com\/lbd\/wp-content\/plugins\/jw-share-this\/su.png\" alt=\"Share this page via Stumble Upon\" \/>\n<\/a>\n<a target=\"_blank\" href=\"http:\/\/digg.com\/submit?url=https%3A%2F%2Flabestiadeportiva.com%2Flbd%2Fel-chory-romero-es-de-primera%2F&amp;title=El+%E2%80%9CChory%E2%80%9D+Romero+es+de+primera\">\n<img src=\"https:\/\/labestiadeportiva.com\/lbd\/wp-content\/plugins\/jw-share-this\/digg.png\" alt=\"Share this page via Digg this\" \/>\n<\/a>\n<a target=\"_blank\" href=\"http:\/\/www.facebook.com\/sharer.php?u=https%3A%2F%2Flabestiadeportiva.com%2Flbd%2Fel-chory-romero-es-de-primera%2F&amp;t=El+%E2%80%9CChory%E2%80%9D+Romero+es+de+primera\">\n<img src=\"https:\/\/labestiadeportiva.com\/lbd\/wp-content\/plugins\/jw-share-this\/fb.png\" alt=\"Share this page via Facebook\" \/>\n<\/a>\n<a target=\"_blank\" href=\"http:\/\/twitter.com\/intent\/tweet?text=I+like+https%3A%2F%2Flabestiadeportiva.com%2Flbd%2Fel-chory-romero-es-de-primera%2F&amp;title=El+%E2%80%9CChory%E2%80%9D+Romero+es+de+primera\">\n<img src=\"https:\/\/labestiadeportiva.com\/lbd\/wp-content\/plugins\/jw-share-this\/twitter.png\" alt=\"Share this page via Twitter\" \/>\n<\/a>\n<\/div>\n","protected":false},"excerpt":{"rendered":"<p>Diego Romero, riograndense de nacimiento, forma parte del actual plantel profesional de Olimpo de Bah\u00eda Blanca. El volante de creaci\u00f3n de 25 a\u00f1os visti\u00f3 las camisetas de la CAI de Comodoro Rivadavia y Patronato de Paran\u00e1 en la primera B Nacional. En la actualidad defiende los colores del club bahiense con quien ascendi\u00f3 a la &hellip; <a href=\"https:\/\/labestiadeportiva.com\/lbd\/el-chory-romero-es-de-primera\/\" class=\"more-link\">Seguir leyendo <span class=\"screen-reader-text\">El \u201cChory\u201d Romero es de primera<\/span> <span class=\"meta-nav\">&rarr;<\/span><\/a><\/p>\n","protected":false},"author":1,"featured_media":5820,"comment_status":"open","ping_status":"open","sticky":false,"template":"","format":"standard","meta":[],"categories":[5,6,60,1],"tags":[799,4838,17,800,798],"_links":{"self":[{"href":"https:\/\/labestiadeportiva.com\/lbd\/wp-json\/wp\/v2\/posts\/5819"}],"collection":[{"href":"https:\/\/labestiadeportiva.com\/lbd\/wp-json\/wp\/v2\/posts"}],"about":[{"href":"https:\/\/labestiadeportiva.com\/lbd\/wp-json\/wp\/v2\/types\/post"}],"author":[{"embeddable":true,"href":"https:\/\/labestiadeportiva.com\/lbd\/wp-json\/wp\/v2\/users\/1"}],"replies":[{"embeddable":true,"href":"https:\/\/labestiadeportiva.com\/lbd\/wp-json\/wp\/v2\/comments?post=5819"}],"version-history":[{"count":3,"href":"https:\/\/labestiadeportiva.com\/lbd\/wp-json\/wp\/v2\/posts\/5819\/revisions"}],"predecessor-version":[{"id":5827,"href":"https:\/\/labestiadeportiva.com\/lbd\/wp-json\/wp\/v2\/posts\/5819\/revisions\/5827"}],"wp:featuredmedia":[{"embeddable":true,"href":"https:\/\/labestiadeportiva.com\/lbd\/wp-json\/wp\/v2\/media\/5820"}],"wp:attachment":[{"href":"https:\/\/labestiadeportiva.com\/lbd\/wp-json\/wp\/v2\/media?parent=5819"}],"wp:term":[{"taxonomy":"category","embeddable":true,"href":"https:\/\/labestiadeportiva.com\/lbd\/wp-json\/wp\/v2\/categories?post=5819"},{"taxonomy":"post_tag","embeddable":true,"href":"https:\/\/labestiadeportiva.com\/lbd\/wp-json\/wp\/v2\/tags?post=5819"}],"curies":[{"name":"wp","href":"https:\/\/api.w.org\/{rel}","templated":true}]}}