{"id":6184,"date":"2013-08-16T14:06:53","date_gmt":"2013-08-16T14:06:53","guid":{"rendered":"http:\/\/labestiadeportiva.com\/lbd\/?p=6184"},"modified":"2013-08-16T14:17:24","modified_gmt":"2013-08-16T14:17:24","slug":"comienza-la-liga","status":"publish","type":"post","link":"https:\/\/labestiadeportiva.com\/lbd\/comienza-la-liga\/","title":{"rendered":"Comienza la Liga"},"content":{"rendered":"<p class=\"MsoNormal\"><span lang=\"ES\">Por Daniel Campos (Corresponsal LBD en Palma de Mallorca, Espa\u00f1a) <\/span><\/p>\n<p class=\"MsoNormal\"><span lang=\"ES\"><a href=\"http:\/\/labestiadeportiva.com\/lbd\/wp-content\/uploads\/2013\/08\/images.jpg\"><img loading=\"lazy\" class=\"alignleft size-full wp-image-6189\" title=\"images\" src=\"http:\/\/labestiadeportiva.com\/lbd\/wp-content\/uploads\/2013\/08\/images.jpg\" alt=\"\" width=\"300\" height=\"168\" \/><\/a>Este fin de semana comienza la Liga 2013\/14 en Espa\u00f1a, y el calendario local se mezcla con las dem\u00e1s competencias europeas y mundialistas. Tras 38 jornadas de torneo espa\u00f1ol con la Liga de Campeones, y con la clasificaci\u00f3n a\u00fan en juego de la actual campeona del mundo, Espa\u00f1a, <span style=\"mso-spacerun: yes;\">\u00a0<\/span>se llegar\u00e1 al 18 de mayo de 2014 a la \u00faltima jornada de la Liga de F\u00fatbol.<!--morePara leer Click Aqu\u00ed--> <\/span><\/p>\n<p class=\"MsoNormal\"><span lang=\"ES\">Menos de un mes para que en Brasil se dispute el primer partido del Mundial de selecciones, previo paso por Lisboa, para conocer, qui\u00e9n es el mejor equipo de clubes de Europa. Pero mejor no adelantarnos y veamos qu\u00e9 partidos se anuncian para este s\u00e1bado y domingo. <\/span><\/p>\n<p class=\"MsoNormal\"><span lang=\"ES\">En la primera jornada, el Barcelona recibe en el Camp Nou al Levante y el Real Madrid en el Bernab\u00e9u al Betis. El Atl\u00e9tico de Madrid viajar\u00e1 al sur para enfrentarse al Sevilla. Otro encuentro que centra mucha expectaci\u00f3n es el Valencia &#8211; M\u00e1laga, ambos conjuntos con nueva direcci\u00f3n t\u00e9cnica en el banquillo, se trata de Djukic y Schuster dirigiendo al conjunto \u201cche\u201d y al andaluz respectivamente. <\/span><\/p>\n<p class=\"MsoNormal\"><span lang=\"ES\">El reci\u00e9n ascendido Elche buscar\u00e1 en Madrid los primeros puntos ante el Rayo Vallecano. Otro dos que vuelven a la primera divisi\u00f3n del f\u00fatbol espa\u00f1ol son: el Villareal y el Almer\u00eda que se enfrentar\u00e1n en el estadio de los Juegos del Mediterr\u00e1neo. El Real Valladolid en su casa medir\u00e1 fuerzas con el Athletic de Bilbao. <\/span><\/p>\n<p class=\"MsoNormal\"><span lang=\"ES\">\u00a0<\/span><\/p>\n<p class=\"MsoNormal\"><span lang=\"ES\">En Vigo, el Celta recibe al Espanyol, en tanto en Pamplona el Osasuna har\u00e1 lo propio con el Granada. La Real Sociedad, en Anoeta, espera al Getafe. Con estos enfrentamientos el bal\u00f3n empieza su andadura en la pen\u00ednsula tras las vacaciones. <\/span><\/p>\n<div class='epvc-post-count'><span class='epvc-eye'><\/span>  <span class=\"epvc-count\"> 1.016<\/span><span class='epvc-label'> veces le\u00edda<\/span><\/div>\n<div class=\"jwsharethis\">\nShare this: \n<br \/>\n<a href=\"mailto:?subject=Comienza%20la%20Liga&amp;body=https%3A%2F%2Flabestiadeportiva.com%2Flbd%2Fcomienza-la-liga%2F\">\n<img src=\"https:\/\/labestiadeportiva.com\/lbd\/wp-content\/plugins\/jw-share-this\/email.png\" alt=\"Share this page via Email\" \/>\n<\/a>\n<a target=\"_blank\" href=\"http:\/\/www.stumbleupon.com\/submit?url=https%3A%2F%2Flabestiadeportiva.com%2Flbd%2Fcomienza-la-liga%2F&amp;title=Comienza+la+Liga\">\n<img src=\"https:\/\/labestiadeportiva.com\/lbd\/wp-content\/plugins\/jw-share-this\/su.png\" alt=\"Share this page via Stumble Upon\" \/>\n<\/a>\n<a target=\"_blank\" href=\"http:\/\/digg.com\/submit?url=https%3A%2F%2Flabestiadeportiva.com%2Flbd%2Fcomienza-la-liga%2F&amp;title=Comienza+la+Liga\">\n<img src=\"https:\/\/labestiadeportiva.com\/lbd\/wp-content\/plugins\/jw-share-this\/digg.png\" alt=\"Share this page via Digg this\" \/>\n<\/a>\n<a target=\"_blank\" href=\"http:\/\/www.facebook.com\/sharer.php?u=https%3A%2F%2Flabestiadeportiva.com%2Flbd%2Fcomienza-la-liga%2F&amp;t=Comienza+la+Liga\">\n<img src=\"https:\/\/labestiadeportiva.com\/lbd\/wp-content\/plugins\/jw-share-this\/fb.png\" alt=\"Share this page via Facebook\" \/>\n<\/a>\n<a target=\"_blank\" href=\"http:\/\/twitter.com\/intent\/tweet?text=I+like+https%3A%2F%2Flabestiadeportiva.com%2Flbd%2Fcomienza-la-liga%2F&amp;title=Comienza+la+Liga\">\n<img src=\"https:\/\/labestiadeportiva.com\/lbd\/wp-content\/plugins\/jw-share-this\/twitter.png\" alt=\"Share this page via Twitter\" \/>\n<\/a>\n<\/div>\n","protected":false},"excerpt":{"rendered":"<p>Por Daniel Campos (Corresponsal LBD en Palma de Mallorca, Espa\u00f1a) Este fin de semana comienza la Liga 2013\/14 en Espa\u00f1a, y el calendario local se mezcla con las dem\u00e1s competencias europeas y mundialistas. Tras 38 jornadas de torneo espa\u00f1ol con la Liga de Campeones, y con la clasificaci\u00f3n a\u00fan en juego de la actual campeona &hellip; <a href=\"https:\/\/labestiadeportiva.com\/lbd\/comienza-la-liga\/\" class=\"more-link\">Seguir leyendo <span class=\"screen-reader-text\">Comienza la Liga<\/span> <span class=\"meta-nav\">&rarr;<\/span><\/a><\/p>\n","protected":false},"author":1,"featured_media":6189,"comment_status":"open","ping_status":"open","sticky":false,"template":"","format":"standard","meta":[],"categories":[4,14,1],"tags":[4830,35],"_links":{"self":[{"href":"https:\/\/labestiadeportiva.com\/lbd\/wp-json\/wp\/v2\/posts\/6184"}],"collection":[{"href":"https:\/\/labestiadeportiva.com\/lbd\/wp-json\/wp\/v2\/posts"}],"about":[{"href":"https:\/\/labestiadeportiva.com\/lbd\/wp-json\/wp\/v2\/types\/post"}],"author":[{"embeddable":true,"href":"https:\/\/labestiadeportiva.com\/lbd\/wp-json\/wp\/v2\/users\/1"}],"replies":[{"embeddable":true,"href":"https:\/\/labestiadeportiva.com\/lbd\/wp-json\/wp\/v2\/comments?post=6184"}],"version-history":[{"count":3,"href":"https:\/\/labestiadeportiva.com\/lbd\/wp-json\/wp\/v2\/posts\/6184\/revisions"}],"predecessor-version":[{"id":6188,"href":"https:\/\/labestiadeportiva.com\/lbd\/wp-json\/wp\/v2\/posts\/6184\/revisions\/6188"}],"wp:featuredmedia":[{"embeddable":true,"href":"https:\/\/labestiadeportiva.com\/lbd\/wp-json\/wp\/v2\/media\/6189"}],"wp:attachment":[{"href":"https:\/\/labestiadeportiva.com\/lbd\/wp-json\/wp\/v2\/media?parent=6184"}],"wp:term":[{"taxonomy":"category","embeddable":true,"href":"https:\/\/labestiadeportiva.com\/lbd\/wp-json\/wp\/v2\/categories?post=6184"},{"taxonomy":"post_tag","embeddable":true,"href":"https:\/\/labestiadeportiva.com\/lbd\/wp-json\/wp\/v2\/tags?post=6184"}],"curies":[{"name":"wp","href":"https:\/\/api.w.org\/{rel}","templated":true}]}}