{"id":6192,"date":"2013-08-16T21:00:48","date_gmt":"2013-08-16T21:00:48","guid":{"rendered":"http:\/\/labestiadeportiva.com\/lbd\/?p=6192"},"modified":"2013-08-16T22:18:56","modified_gmt":"2013-08-16T22:18:56","slug":"agenda-deportiva-33","status":"publish","type":"post","link":"https:\/\/labestiadeportiva.com\/lbd\/agenda-deportiva-33\/","title":{"rendered":"Agenda Deportiva"},"content":{"rendered":"<p><a href=\"http:\/\/labestiadeportiva.com\/lbd\/wp-content\/uploads\/2013\/08\/Imagen-1834.jpg\"><img loading=\"lazy\" class=\"alignleft size-medium wp-image-6193\" title=\"Imagen 1834\" src=\"http:\/\/labestiadeportiva.com\/lbd\/wp-content\/uploads\/2013\/08\/Imagen-1834-300x199.jpg\" alt=\"\" width=\"300\" height=\"199\" srcset=\"https:\/\/labestiadeportiva.com\/lbd\/wp-content\/uploads\/2013\/08\/Imagen-1834-300x199.jpg 300w, https:\/\/labestiadeportiva.com\/lbd\/wp-content\/uploads\/2013\/08\/Imagen-1834.jpg 640w\" sizes=\"(max-width: 300px) 100vw, 300px\" \/><\/a>A partir de este viernes se ponen en marcha 96 horas donde el deporte se presentar\u00e1 en todas sus formas, en sin dudas el mejor fin de semana del segundo semestre de la temporada. El automovilismo y el esqu\u00ed de fondo a trav\u00e9s de la 40\u00b0 edici\u00f3n del \u00abGran Premio de la Hermandad\u00bb y la 27\u00b0 versi\u00f3n de la \u201cMarchablanca\u201d se llevan la principal atenci\u00f3n. Asimismo estar\u00e1n presentes esgrima, prueba atl\u00e9tica, futsal AFA, hockey pista, b\u00e1squet, patinaje art\u00edstico sobre hielo, vela, futsal federado y newcom que junto al handball y v\u00f3ley de los Juegos Intercolegiales completan una importante variedad de propuestas. Desde LBD los d\u00edas, lugares y horarios de competencia.<!--morePara leer Click Aqu\u00ed--><\/p>\n<p><span style=\"color: #ff0000;\">Automovilismo<\/span><\/p>\n<p>Este viernes por la ma\u00f1ana con el clasificatorio se puso en marcha una nueva edici\u00f3n de la tradicional prueba motor, el \u201cGran Premio de la Hermandad\u201d. El s\u00e1bado desde las 9 de la ma\u00f1ana se realizar\u00e1 la primera etapa R\u00edo Grande\/Porvenir que se repetir\u00e1 el domingo en sentido contrario. 838 kil\u00f3metros a pura adrenalina para 247 binomios, 31 de los cuales representar\u00e1n a la capital provincial.<\/p>\n<p><span style=\"color: #ff0000;\">Esqu\u00ed de Fondo<\/span><\/p>\n<p>El domingo desde las 11 de la ma\u00f1ana en el Centro Invernal Tierra Mayor se realizar\u00e1 la edici\u00f3n 27 de la fiesta de la nieve, la Marchablanca marca registrada del Club Andino Ushuaia. Como de costumbre el evento tendr\u00e1 tres recorridos 21K, 7.5 y 3.000 metros y deber\u00e1 ser realizada en t\u00e9cnica cl\u00e1sica. En este 2013 la \u201cMini Marchablanca\u201d estar\u00e1 dentro del evento que como de costumbre presentar\u00e1 la competencia de disfraces. Las inscripciones cerrar\u00e1n el viernes por la tarde.<\/p>\n<p><a href=\"http:\/\/labestiadeportiva.com\/lbd\/wp-content\/uploads\/2013\/08\/215196_1781995264033_1064005462_31672532_6551970_n1.jpg\"><img loading=\"lazy\" class=\"aligncenter size-medium wp-image-6194\" title=\"215196_1781995264033_1064005462_31672532_6551970_n[1]\" src=\"http:\/\/labestiadeportiva.com\/lbd\/wp-content\/uploads\/2013\/08\/215196_1781995264033_1064005462_31672532_6551970_n1-300x201.jpg\" alt=\"\" width=\"300\" height=\"201\" srcset=\"https:\/\/labestiadeportiva.com\/lbd\/wp-content\/uploads\/2013\/08\/215196_1781995264033_1064005462_31672532_6551970_n1-300x201.jpg 300w, https:\/\/labestiadeportiva.com\/lbd\/wp-content\/uploads\/2013\/08\/215196_1781995264033_1064005462_31672532_6551970_n1.jpg 306w\" sizes=\"(max-width: 300px) 100vw, 300px\" \/><\/a><span style=\"color: #ff0000;\">Esgrima<\/span><\/p>\n<p>La AEF organizar\u00e1 durante este fin de semana la VII edici\u00f3n de su Torneo Interpatag\u00f3nico, competencia que contar\u00e1 con practicantes locales, nacionales e internacionales. Las acciones deportivas se realizar\u00e1n el s\u00e1bado y domingo en la cancha 1 y 2 del gimnasio \u201cCochocho\u201d Vargas en ambas jornadas a partir de las nueve de la ma\u00f1ana.<\/p>\n<p><span style=\"color: #ff0000;\">Prueba atl\u00e9tica<\/span><\/p>\n<p>Este s\u00e1bado desde las 11 de la ma\u00f1ana se realizar\u00e1 la competencia organizada por Ushuaia Gym en conmemoraci\u00f3n a sus 10 a\u00f1os de vida. El recorrido m\u00e1s exigente ser\u00e1 de 12 K largando desde frente al hospital naval para luego subir por Yaganes hasta la rotonda del Polivalente, H\u00e9roes de Malvinas hasta la rotonda del Indio, Perito Moreno hasta Maip\u00fa y tomar Yaganes hasta el lugar de largada mientras que tambi\u00e9n habr\u00e1 una aer\u00f3bica familiar de 3.000 que bajar\u00e1 por Yaganes hasta los amarres del San Cr\u00edstofer regresando al lugar de inicio. La concentraci\u00f3n de atletas ser\u00e1 a partir de las 10 de la ma\u00f1ana.<\/p>\n<p><a href=\"http:\/\/labestiadeportiva.com\/lbd\/wp-content\/uploads\/2013\/08\/Imagen-1377.jpg\"><img loading=\"lazy\" class=\"aligncenter size-medium wp-image-6195\" title=\"Imagen 1377\" src=\"http:\/\/labestiadeportiva.com\/lbd\/wp-content\/uploads\/2013\/08\/Imagen-1377-300x141.jpg\" alt=\"\" width=\"300\" height=\"141\" srcset=\"https:\/\/labestiadeportiva.com\/lbd\/wp-content\/uploads\/2013\/08\/Imagen-1377-300x141.jpg 300w, https:\/\/labestiadeportiva.com\/lbd\/wp-content\/uploads\/2013\/08\/Imagen-1377.jpg 640w\" sizes=\"(max-width: 300px) 100vw, 300px\" \/><\/a><span style=\"color: #ff0000;\">Futsal AFA<\/span><\/p>\n<p>Durante este fin de semana se pondr\u00e1 en marcha en Ushuaia y R\u00edo Grande el torneo provincial que enfrentar\u00e1 a los mejores 8 equipos de cada ciudad. En el norte de la isla se jugar\u00e1 en el gimnasio de la M\u00e1rgen Sur mientras que en la capital provincial el escenario de juego ser\u00e1 el gimnasio del CECU. El s\u00e1bado se jugar\u00e1 en R\u00edo Grande desde las 17 horas mientras que la jornada dominguera ser\u00e1 para Ushuaia a partir de las 11 de la ma\u00f1ana. Los representantes ushuaienses son Mercantil, Juventud del Sur, Fundaci\u00f3n Metal\u00fargica, Centro Galicia, La UOM, Mutual BTF, Los Andes Jrs. y Camioneros.<\/p>\n<p><span style=\"color: #ff0000;\">Hockey Pista<\/span><\/p>\n<p>La Federaci\u00f3n TDF dispuso la continuidad de su 8\u00b0 fecha de la Liga Provincial que comenzar\u00e1 el s\u00e1bado pasado. En esta oportunidad se jugar\u00e1 el domingo en el gimnasio del URC con la llegada del club riograndense Panteras. Ser\u00e1n 14 encuentros que comenzar\u00e1n desde las 9 de la ma\u00f1ana finalizando alrededor de las siete y media de la tarde.<\/p>\n<p><a href=\"http:\/\/labestiadeportiva.com\/lbd\/wp-content\/uploads\/2013\/08\/MG_4412.jpg\"><img loading=\"lazy\" class=\"aligncenter size-medium wp-image-6196\" title=\"_MG_4412\" src=\"http:\/\/labestiadeportiva.com\/lbd\/wp-content\/uploads\/2013\/08\/MG_4412-300x169.jpg\" alt=\"\" width=\"300\" height=\"169\" srcset=\"https:\/\/labestiadeportiva.com\/lbd\/wp-content\/uploads\/2013\/08\/MG_4412-300x169.jpg 300w, https:\/\/labestiadeportiva.com\/lbd\/wp-content\/uploads\/2013\/08\/MG_4412.jpg 640w\" sizes=\"(max-width: 300px) 100vw, 300px\" \/><\/a><\/p>\n<p><span style=\"color: #ff0000;\">B\u00e1squet<\/span><\/p>\n<p>Este s\u00e1bado desde las 14 horas la actividad local se presentar\u00e1 sobre el parquet de la cancha 4 del \u201cHugo Italo Favale\u201d. Ser\u00e1n dos partidos del torneo de veteranos para desde las 17 dejar paso al comienzo de una nueva competencia de primera divisi\u00f3n que en esta oportunidad tendr\u00e1 la participaci\u00f3n de 6 equipos. Las acciones culminar\u00e1n alrededor de las nueve de la noche.<\/p>\n<p><span style=\"color: #ff0000;\">Patinaje Art\u00edstico sobre Hielo<\/span><\/p>\n<p>Este lunes feriado desde las 18 horas en la pista de hielo artificial Carlos \u201cTachuela\u201d Oyarz\u00fan el Club Andino Ushuaia organizar\u00e1 el torneo abierto de la especialidad. La instituci\u00f3n ushuaiense contar\u00e1 con el apoyo y experiencia de la escuela Ice Power de la Ciudad Aut\u00f3noma de Buenos Aires. La modalidad de la competencia ser\u00e1 de car\u00e1cter amistoso no calificativo permitiendo la participaci\u00f3n de patinadores de todos los niveles.<\/p>\n<p><a href=\"http:\/\/labestiadeportiva.com\/lbd\/wp-content\/uploads\/2013\/08\/Imagen-129.jpg\"><img loading=\"lazy\" class=\"aligncenter size-medium wp-image-6197\" title=\"Imagen 129\" src=\"http:\/\/labestiadeportiva.com\/lbd\/wp-content\/uploads\/2013\/08\/Imagen-129-300x199.jpg\" alt=\"\" width=\"300\" height=\"199\" srcset=\"https:\/\/labestiadeportiva.com\/lbd\/wp-content\/uploads\/2013\/08\/Imagen-129-300x199.jpg 300w, https:\/\/labestiadeportiva.com\/lbd\/wp-content\/uploads\/2013\/08\/Imagen-129.jpg 640w\" sizes=\"(max-width: 300px) 100vw, 300px\" \/><\/a><span style=\"color: #ff0000;\">Vela<\/span><\/p>\n<p>Este lunes feriado desde las 11 de la ma\u00f1ana se realizar\u00e1 la regata \u201cAniversario General Don Jos\u00e9 de San Mart\u00edn\u201d prueba n\u00e1utica perteneciente al presente campeonato fueguino de vela organizado por el AFASyN. La misma se efectuar\u00e1 en un recorrido frente a las aguas del club. Una hora antes de la largada llegar\u00e1 la reuni\u00f3n de timoneles.<\/p>\n<p><span style=\"color: #ff0000;\">Futsal Federado<\/span><\/p>\n<p>La actividad se ver\u00e1 afectada durante este fin de semana. No podr\u00e1 contar con su reducto natural y por ende realizar\u00e1 partidos para sus categor\u00edas principales los d\u00edas domingo y lunes utilizando la cancha 4 del \u201cHugo Italo Favale\u201d solamente el \u00faltimo podr\u00e1 acceder a la cancha 1 y 2 del \u201cCochocho\u201d Vargas. Los infantiles visitar\u00e1n s\u00e1bado y domingo los gimnasios \u201cIslas Malvinas\u201d y \u201cMirador de Los Andes\u201d.<\/p>\n<p><a href=\"http:\/\/labestiadeportiva.com\/lbd\/wp-content\/uploads\/2013\/08\/DSC01330.jpg\"><img loading=\"lazy\" class=\"aligncenter size-medium wp-image-6198\" title=\"DSC01330\" src=\"http:\/\/labestiadeportiva.com\/lbd\/wp-content\/uploads\/2013\/08\/DSC01330-300x144.jpg\" alt=\"\" width=\"300\" height=\"144\" srcset=\"https:\/\/labestiadeportiva.com\/lbd\/wp-content\/uploads\/2013\/08\/DSC01330-300x144.jpg 300w, https:\/\/labestiadeportiva.com\/lbd\/wp-content\/uploads\/2013\/08\/DSC01330.jpg 640w\" sizes=\"(max-width: 300px) 100vw, 300px\" \/><\/a><span style=\"color: #ff0000;\">Newcom<\/span><\/p>\n<p>Este s\u00e1bado desde las 12.30 del mediod\u00eda en el gimnasio Profesora Ana V. Gir\u00f3 del barrio 245 Viviendas se realizar\u00e1 la instancia local del v\u00f3ley adaptado para los adultos mayores en el marco de los Juegos Fueguinos.. Se enfrentar\u00e1n los dos equipos ushuaienses en busca de la representatividad para estar en la final provincial ante sus pares de la ciudad de R\u00edo Grande.<\/p>\n<p><span style=\"color: #ff0000;\">Juegos Intercolegiales<\/span><\/p>\n<p>La Coordinaci\u00f3n de Educaci\u00f3n F\u00edsica dispuso para este s\u00e1bado por la ma\u00f1ana una nueva fecha de sus torneos de handball y V\u00f3ley. En el caso del v\u00f3ley la actividad nuevamente ser\u00e1 en el complejo La Caldera donde se jugar\u00e1n encuentros amistosos preparatorios para el comienzo del segmento Sub 14, en el caso del balonmano, que ser\u00e1 masculino, se jugar\u00e1n tres encuentros en el gimnasio de la Escuela Provincial N\u00b0 3.<\/p>\n<p><a href=\"http:\/\/labestiadeportiva.com\/lbd\/wp-content\/uploads\/2013\/08\/MG_4369.jpg\"><img loading=\"lazy\" class=\"aligncenter size-medium wp-image-6199\" title=\"_MG_4369\" src=\"http:\/\/labestiadeportiva.com\/lbd\/wp-content\/uploads\/2013\/08\/MG_4369-300x170.jpg\" alt=\"\" width=\"300\" height=\"170\" srcset=\"https:\/\/labestiadeportiva.com\/lbd\/wp-content\/uploads\/2013\/08\/MG_4369-300x170.jpg 300w, https:\/\/labestiadeportiva.com\/lbd\/wp-content\/uploads\/2013\/08\/MG_4369.jpg 640w\" sizes=\"(max-width: 300px) 100vw, 300px\" \/><\/a><span style=\"color: #0000ff;\">Juegos Intercolegiales Handball Sub 14 Masculino<\/span><br \/>\nGimnasio Escuela Provincial N\u00b0 3<br \/>\nS\u00e1bado 17<br \/>\n9.00 Colegio Don Bosco\/Colegio Nacional<br \/>\n10.00 Olga B. de Arko\/Colegio Los Andes<br \/>\n11.00 CIEU\/Monse\u00f1or Aleman<\/p>\n<p><span style=\"color: #0000ff;\">Hockey Pista Liga Provincial<\/span><br \/>\n8\u00b0 Fecha Gimnasio URC<br \/>\nDomingo 18<br \/>\n09:00\u00a0 Sub-14\u00a0 Panteras\/Los \u00d1ires<br \/>\n09:45\u00a0 7\u00b0 Panteras\/Col.del Sur BLANCO<br \/>\n10:30\u00a0 5\u00b0 Panteras\/Col.del Sur AZUL<br \/>\n11:15\u00a0\u00a0 1\u00b0 Cab. Panteras\/Los \u00d1ires<br \/>\n12:00\u00a0\u00a0 6\u00b0 Panteras\/Col.del Sur VERDE<br \/>\n12:45\u00a0\u00a0 1\u00b0 Dam. Panteras\/Los Angeles<br \/>\n13:30\u00a0\u00a0 Sub-14 Panteras\/Los \u00d1ires<br \/>\n14:15\u00a0\u00a0\u00a0 7\u00b0\u00a0 Panteras\/Los \u00d1ires<br \/>\n15:00\u00a0\u00a0\u00a0 5\u00b0\u00a0 Panteras\/Los \u00d1ires<br \/>\n15:45\u00a0\u00a0\u00a0 1\u00b0Cab. Panteras\/U.R.C.<br \/>\n16:30\u00a0\u00a0\u00a0 6\u00b0 Panteras\/U.R.C.ROJO<br \/>\n17:45\u00a0\u00a0\u00a0 1\u00b0\u00a0 Panteras\/Col.del Sur<br \/>\n18:00\u00a0\u00a0\u00a0 7\u00b0 Panteras\/U.R.C.Rojo<br \/>\n18:45\u00a0\u00a0\u00a0 1\u00b0 Panteras\/Los \u00d1ires<\/p>\n<p><a href=\"http:\/\/labestiadeportiva.com\/lbd\/wp-content\/uploads\/2013\/08\/MG_4401.jpg\"><img loading=\"lazy\" class=\"aligncenter size-medium wp-image-6200\" title=\"_MG_4401\" src=\"http:\/\/labestiadeportiva.com\/lbd\/wp-content\/uploads\/2013\/08\/MG_4401-300x174.jpg\" alt=\"\" width=\"300\" height=\"174\" srcset=\"https:\/\/labestiadeportiva.com\/lbd\/wp-content\/uploads\/2013\/08\/MG_4401-300x174.jpg 300w, https:\/\/labestiadeportiva.com\/lbd\/wp-content\/uploads\/2013\/08\/MG_4401.jpg 640w\" sizes=\"(max-width: 300px) 100vw, 300px\" \/><\/a><\/p>\n<p><span style=\"color: #0000ff;\">Futsal AFA Provincial 1\u00b0 Fecha<\/span><br \/>\nSABADO 17 RIO GRANDE GIMNASIO DE LA MARGEN SUR<br \/>\n17:00 INSTITUTO\/LA U.O.M<br \/>\n18:30 METALURGICOS\/MUTUAL BTF<br \/>\n20:00 CAMIONEROS (RIO GRANDE)\/ LOS ANDES JRS.<br \/>\n21:30 SOLDASUR\/ CAMIONEROS (USHUAIA)<br \/>\nDOMINGO 18 USHUAIA POLIDEPORTIVO MERCANTIL<br \/>\n11:00 MERCANTIL\/SPORTING<br \/>\n13:00 FUNDACION METALURGICA\/ALBATROS<br \/>\n15:00 JUVENTUD DEL SUR\/CHACRA XIII<br \/>\n17:00 CENTRO DE GALICIA\/CLUB DE AMIGOS<\/p>\n<p><span style=\"color: #0000ff;\">B\u00e1squet Local<\/span><br \/>\nS\u00e1bado 17<br \/>\nCancha 4 \u00abHugo Italo Favale\u00bb<br \/>\n14.00 Vet. URC\/Puerto Ushuaia<br \/>\n15.30 Vet. Residentes Chaque\u00f1os\/Taragui<br \/>\n17.00 1\u00b0 Club de Amigos (Amarillo)\/Mutual BTF<br \/>\n19.00 1\u00b0 Escuela N\u00b03\/Club de Amigos (Negro)<\/p>\n<div class='epvc-post-count'><span class='epvc-eye'><\/span>  <span class=\"epvc-count\"> 1.309<\/span><span class='epvc-label'> veces le\u00edda<\/span><\/div>\n<div class=\"jwsharethis\">\nShare this: \n<br \/>\n<a href=\"mailto:?subject=Agenda%20Deportiva&amp;body=https%3A%2F%2Flabestiadeportiva.com%2Flbd%2Fagenda-deportiva-33%2F\">\n<img src=\"https:\/\/labestiadeportiva.com\/lbd\/wp-content\/plugins\/jw-share-this\/email.png\" alt=\"Share this page via Email\" \/>\n<\/a>\n<a target=\"_blank\" href=\"http:\/\/www.stumbleupon.com\/submit?url=https%3A%2F%2Flabestiadeportiva.com%2Flbd%2Fagenda-deportiva-33%2F&amp;title=Agenda+Deportiva\">\n<img src=\"https:\/\/labestiadeportiva.com\/lbd\/wp-content\/plugins\/jw-share-this\/su.png\" alt=\"Share this page via Stumble Upon\" \/>\n<\/a>\n<a target=\"_blank\" href=\"http:\/\/digg.com\/submit?url=https%3A%2F%2Flabestiadeportiva.com%2Flbd%2Fagenda-deportiva-33%2F&amp;title=Agenda+Deportiva\">\n<img src=\"https:\/\/labestiadeportiva.com\/lbd\/wp-content\/plugins\/jw-share-this\/digg.png\" alt=\"Share this page via Digg this\" \/>\n<\/a>\n<a target=\"_blank\" href=\"http:\/\/www.facebook.com\/sharer.php?u=https%3A%2F%2Flabestiadeportiva.com%2Flbd%2Fagenda-deportiva-33%2F&amp;t=Agenda+Deportiva\">\n<img src=\"https:\/\/labestiadeportiva.com\/lbd\/wp-content\/plugins\/jw-share-this\/fb.png\" alt=\"Share this page via Facebook\" \/>\n<\/a>\n<a target=\"_blank\" href=\"http:\/\/twitter.com\/intent\/tweet?text=I+like+https%3A%2F%2Flabestiadeportiva.com%2Flbd%2Fagenda-deportiva-33%2F&amp;title=Agenda+Deportiva\">\n<img src=\"https:\/\/labestiadeportiva.com\/lbd\/wp-content\/plugins\/jw-share-this\/twitter.png\" alt=\"Share this page via Twitter\" \/>\n<\/a>\n<\/div>\n","protected":false},"excerpt":{"rendered":"<p>A partir de este viernes se ponen en marcha 96 horas donde el deporte se presentar\u00e1 en todas sus formas, en sin dudas el mejor fin de semana del segundo semestre de la temporada. El automovilismo y el esqu\u00ed de fondo a trav\u00e9s de la 40\u00b0 edici\u00f3n del \u00abGran Premio de la Hermandad\u00bb y la &hellip; <a href=\"https:\/\/labestiadeportiva.com\/lbd\/agenda-deportiva-33\/\" class=\"more-link\">Seguir leyendo <span class=\"screen-reader-text\">Agenda Deportiva<\/span> <span class=\"meta-nav\">&rarr;<\/span><\/a><\/p>\n","protected":false},"author":1,"featured_media":6193,"comment_status":"open","ping_status":"open","sticky":false,"template":"","format":"standard","meta":[],"categories":[5,1],"tags":[62,83],"_links":{"self":[{"href":"https:\/\/labestiadeportiva.com\/lbd\/wp-json\/wp\/v2\/posts\/6192"}],"collection":[{"href":"https:\/\/labestiadeportiva.com\/lbd\/wp-json\/wp\/v2\/posts"}],"about":[{"href":"https:\/\/labestiadeportiva.com\/lbd\/wp-json\/wp\/v2\/types\/post"}],"author":[{"embeddable":true,"href":"https:\/\/labestiadeportiva.com\/lbd\/wp-json\/wp\/v2\/users\/1"}],"replies":[{"embeddable":true,"href":"https:\/\/labestiadeportiva.com\/lbd\/wp-json\/wp\/v2\/comments?post=6192"}],"version-history":[{"count":4,"href":"https:\/\/labestiadeportiva.com\/lbd\/wp-json\/wp\/v2\/posts\/6192\/revisions"}],"predecessor-version":[{"id":6202,"href":"https:\/\/labestiadeportiva.com\/lbd\/wp-json\/wp\/v2\/posts\/6192\/revisions\/6202"}],"wp:featuredmedia":[{"embeddable":true,"href":"https:\/\/labestiadeportiva.com\/lbd\/wp-json\/wp\/v2\/media\/6193"}],"wp:attachment":[{"href":"https:\/\/labestiadeportiva.com\/lbd\/wp-json\/wp\/v2\/media?parent=6192"}],"wp:term":[{"taxonomy":"category","embeddable":true,"href":"https:\/\/labestiadeportiva.com\/lbd\/wp-json\/wp\/v2\/categories?post=6192"},{"taxonomy":"post_tag","embeddable":true,"href":"https:\/\/labestiadeportiva.com\/lbd\/wp-json\/wp\/v2\/tags?post=6192"}],"curies":[{"name":"wp","href":"https:\/\/api.w.org\/{rel}","templated":true}]}}