{"id":640,"date":"2012-09-21T21:29:22","date_gmt":"2012-09-21T21:29:22","guid":{"rendered":"http:\/\/labestiadeportiva.com\/lbd\/?p=640"},"modified":"2012-09-21T21:29:22","modified_gmt":"2012-09-21T21:29:22","slug":"agenda-deportiva-4","status":"publish","type":"post","link":"https:\/\/labestiadeportiva.com\/lbd\/agenda-deportiva-4\/","title":{"rendered":"Agenda Deportiva"},"content":{"rendered":"<p><a href=\"http:\/\/labestiadeportiva.com\/lbd\/wp-content\/uploads\/2012\/09\/559063_217449828382242_10297384_n-300x196.jpg\"><img loading=\"lazy\" class=\"alignleft size-full wp-image-641\" title=\"559063_217449828382242_10297384_n-300x196\" src=\"http:\/\/labestiadeportiva.com\/lbd\/wp-content\/uploads\/2012\/09\/559063_217449828382242_10297384_n-300x196.jpg\" alt=\"\" width=\"300\" height=\"196\" \/><\/a>Por segundo fin de semana consecutivo la actividad volver\u00e1 a ser m\u00e1s que interesante. En el inicio de la primavera los deportistas tendr\u00e1n la posibilidad de contar con un d\u00eda extra para realizar sus competencias. El regional de handball juvenil se destaca entre las disciplinas presentes. Tambi\u00e9n se exhibir\u00e1n b\u00e1squet, futsal AFA, bicicletas de monta\u00f1a, f\u00fatbol 11, bochas, hockey pista, v\u00f3ley y futsal federado. Desde LBD te brindamos los detalles.<!--moreParfa leer Click Aqu\u00ed --><\/p>\n<p><span style=\"color: #ff0000;\">\u00a0Handball<\/span><\/p>\n<p>Esta disciplina ser\u00e1 la m\u00e1s importante del fin de semana. Por primera vez los locales de Centro Galicia ser\u00e1n anfitriones de una fecha del regional patag\u00f3nico.<\/p>\n<p>Las acciones se iniciar\u00e1n este viernes desde las 18.30 con el acto de apertura para luego dar paso a un par de partidos por rama.<\/p>\n<p>El s\u00e1bado por la ma\u00f1ana continuar\u00e1 la competencia durante todo el d\u00eda para finalizar el domingo en horas de la tarde.<\/p>\n<p>La modalidad de juego ser\u00e1 todas contra todos por puntos, se jugar\u00e1n 16 encuentros en la cancha 1 y 2 del gimnasio \u201cCochocho\u201d Vargas.<\/p>\n<p><span style=\"color: #ff6600;\">B\u00e1squet<\/span><\/p>\n<p>La actividad regresar\u00e1 este s\u00e1bado el parquet de la cancha 4 del \u201cHugo Italo Favale\u201d. La acci\u00f3n comenzar\u00e1 a las 14 con un partido de pre mini, luego a las 15 llegar\u00e1 el turno del mini en ambos casos para Colegio del Sur y Escuela N\u00b0 3.<\/p>\n<p>Desde las 16 comenzar\u00e1n los play off de veteranos. A modo de cierre desde las 20.30 se presentar\u00e1n las chicas de primera divisi\u00f3n de Club de Amigos y Escuela Deportiva \u201cAna Gir\u00f3\u201d.<\/p>\n<p>Asimismo el domingo en la ciudad de R\u00edo Grande se disputar\u00e1n las finales provinciales de los Juegos Fueguinos en sub 14 y sub 16 masculino entre Club de Amigos y Universitario. Los encuentros comenzar\u00e1n a las 15 en el gimnasio Jorge Muriel.<\/p>\n<p><a href=\"http:\/\/labestiadeportiva.com\/lbd\/wp-content\/uploads\/2012\/09\/Imagen-1696-300x127.jpg\"><img loading=\"lazy\" class=\"aligncenter size-full wp-image-642\" title=\"Imagen-1696-300x127\" src=\"http:\/\/labestiadeportiva.com\/lbd\/wp-content\/uploads\/2012\/09\/Imagen-1696-300x127.jpg\" alt=\"\" width=\"300\" height=\"127\" \/><\/a><span style=\"color: #99cc00;\">Futsal AFA<\/span><\/p>\n<p>Este viernes por la tarde noche la disciplina recibir\u00e1 en la ciudad de R\u00edo Grande la visita del seleccionado nacional Sub 20.<\/p>\n<p>Previamente desde las 20.30 se medir\u00e1n amistosamente los combinados de Ushuaia y R\u00edo Grande para desde las 22 realizar la exhibici\u00f3n el conjunto argentino frente a un equipo fueguino compuesto por jugadores de ambas ciudades. La actividad se efectuar\u00e1 en el gimnasio \u201cCarlos Margalot\u201d.<\/p>\n<p><span style=\"color: #ff00ff;\">Bicicletas de Monta\u00f1a<\/span><\/p>\n<p>Este domingo a partir de las 11 de la ma\u00f1ana en el circuito ubicado en el barrio Caiqu\u00e9n regresar\u00e1 la actividad oficial.<\/p>\n<p>En esta oportunidad se presentar\u00e1n dos segmentos, Downhill (bicicletas de descenso) y Cross Country.<\/p>\n<p>El campeonato que se inicia, organizado por la Asociaci\u00f3n Ciclismo Monta\u00f1a Extremo, tendr\u00e1 tres fechas una por mes hasta noviembre.<\/p>\n<p>La jornada se extender\u00e1 hasta alrededor de las tres de la tarde.<\/p>\n<p><a href=\"http:\/\/labestiadeportiva.com\/lbd\/wp-content\/uploads\/2012\/09\/Imagen-2258.jpg\"><img loading=\"lazy\" class=\"aligncenter size-medium wp-image-643\" title=\"Imagen-2258\" src=\"http:\/\/labestiadeportiva.com\/lbd\/wp-content\/uploads\/2012\/09\/Imagen-2258-300x152.jpg\" alt=\"\" width=\"300\" height=\"152\" srcset=\"https:\/\/labestiadeportiva.com\/lbd\/wp-content\/uploads\/2012\/09\/Imagen-2258-300x152.jpg 300w, https:\/\/labestiadeportiva.com\/lbd\/wp-content\/uploads\/2012\/09\/Imagen-2258.jpg 640w\" sizes=\"(max-width: 300px) 100vw, 300px\" \/><\/a><span style=\"color: #993366;\">F\u00fatbol 11<\/span><\/p>\n<p>En el marco de la instancia local de los Juegos Fueguinos se realizar\u00e1 durante este fin de semana, s\u00e1bado y domingo, la 3\u00b0 y 4\u00b0 fecha para los segmentos sub 14 y sub 16.<\/p>\n<p>Los partidos se realizar\u00e1n sobre el sint\u00e9tico del \u201cHugo Lumbreras\u201d en ambos d\u00edas a partir de las 9 de la ma\u00f1ana jug\u00e1ndose 14 encuentros.<\/p>\n<p><span style=\"color: #0000ff;\">Bochas<\/span><\/p>\n<p>Durante el fin de semana largo se realizar\u00e1 en las canchas de sint\u00e9tico municipal una competencia por tr\u00edos preparatoria para el patag\u00f3nico que se realizar\u00e1 en nuestra ciudad el mes de noviembre.<\/p>\n<p>Estar\u00e1n presentes 5 equipos de R\u00edo Grande y 4 de Ushuaia quienes competir\u00e1n el s\u00e1bado, domingo y lunes.<\/p>\n<p><span style=\"color: #00ffff;\">Hockey Pista<\/span><\/p>\n<p>Este domingo desde las 13 en el gimnasio del URC se realizar\u00e1 una competencia mixta para jugadores mayores de 16 a\u00f1os enrolados en las 5\u00b0 y 1\u00b0 divisiones donde los organizadores pusieron en juego la Copa Edelweiss de Chocolate.<\/p>\n<p>Asimismo el domingo en el gimnasio de la Base Naval de 14 a 20 horas y el lunes de 9 a 16 en el URC la entrenadora nacional Patricia Campos trabajar\u00e1 con un grupo de jugadoras de 5\u00b0 y 6\u00b0 divisi\u00f3n seleccionadas por la Faderaci\u00f3n de TDF.<\/p>\n<p><a href=\"http:\/\/labestiadeportiva.com\/lbd\/wp-content\/uploads\/2012\/09\/Imagen-2402-300x199.jpg\"><img loading=\"lazy\" class=\"aligncenter size-full wp-image-644\" title=\"Imagen-2402-300x199\" src=\"http:\/\/labestiadeportiva.com\/lbd\/wp-content\/uploads\/2012\/09\/Imagen-2402-300x199.jpg\" alt=\"\" width=\"300\" height=\"199\" \/><\/a><span style=\"color: #ff6600;\">V\u00f3ley<\/span><\/p>\n<p>En el marco de los Juegos Intercolegiales se disputar\u00e1 este s\u00e1bado desde las 9 de la ma\u00f1ana una nueva jornada oficial para el segmento sub 16.<\/p>\n<p>Se disputar\u00e1n 9 partidos en los gimnasios Profesora Ana V. Gir\u00f3 del barrio 245 Viviendas y Escuela Provincial N\u00b0 13. La actividad finalizar\u00e1 cerca de las dos de la tarde.<\/p>\n<p><span style=\"color: #993366;\">Futsal Federado<\/span><\/p>\n<p>La Federaci\u00f3n Ushuaiense desplegar\u00e1 durante este fin de semana largo una extensa actividad para todas sus divisionales compitiendo s\u00e1bado, domingo y lunes.<\/p>\n<p>Los infantiles disputar\u00e1n sus encuentros en los gimnasios \u201cIslas Malvinas\u201d, Escuela Provincial N\u00b0 15, \u201cMirador de Los Andes\u201d y cancha 4 mientras que las superiores lo har\u00e1n en la cancha 1 y 2 del \u201cCochocho\u201d Vargas y cancha 4 del \u201cHugo Italo Favale\u201d.<\/p>\n<p>El s\u00e1bado a las 22 se medir\u00e1n amisgtosamente las selecciones mayor y juvenil festejando el t\u00edtulo obtenido en la provincia de Mendoza.<\/p>\n<p><a href=\"http:\/\/labestiadeportiva.com\/lbd\/wp-content\/uploads\/2012\/09\/MG_7618-300x231.jpg\"><img loading=\"lazy\" class=\"aligncenter size-full wp-image-645\" title=\"MG_7618-300x231\" src=\"http:\/\/labestiadeportiva.com\/lbd\/wp-content\/uploads\/2012\/09\/MG_7618-300x231.jpg\" alt=\"\" width=\"300\" height=\"231\" \/><\/a><\/p>\n<div class='epvc-post-count'><span class='epvc-eye'><\/span>  <span class=\"epvc-count\"> 1.072<\/span><span class='epvc-label'> veces le\u00edda<\/span><\/div>\n<div class=\"jwsharethis\">\nShare this: \n<br \/>\n<a href=\"mailto:?subject=Agenda%20Deportiva&amp;body=https%3A%2F%2Flabestiadeportiva.com%2Flbd%2Fagenda-deportiva-4%2F\">\n<img src=\"https:\/\/labestiadeportiva.com\/lbd\/wp-content\/plugins\/jw-share-this\/email.png\" alt=\"Share this page via Email\" \/>\n<\/a>\n<a target=\"_blank\" href=\"http:\/\/www.stumbleupon.com\/submit?url=https%3A%2F%2Flabestiadeportiva.com%2Flbd%2Fagenda-deportiva-4%2F&amp;title=Agenda+Deportiva\">\n<img src=\"https:\/\/labestiadeportiva.com\/lbd\/wp-content\/plugins\/jw-share-this\/su.png\" alt=\"Share this page via Stumble Upon\" \/>\n<\/a>\n<a target=\"_blank\" href=\"http:\/\/digg.com\/submit?url=https%3A%2F%2Flabestiadeportiva.com%2Flbd%2Fagenda-deportiva-4%2F&amp;title=Agenda+Deportiva\">\n<img src=\"https:\/\/labestiadeportiva.com\/lbd\/wp-content\/plugins\/jw-share-this\/digg.png\" alt=\"Share this page via Digg this\" \/>\n<\/a>\n<a target=\"_blank\" href=\"http:\/\/www.facebook.com\/sharer.php?u=https%3A%2F%2Flabestiadeportiva.com%2Flbd%2Fagenda-deportiva-4%2F&amp;t=Agenda+Deportiva\">\n<img src=\"https:\/\/labestiadeportiva.com\/lbd\/wp-content\/plugins\/jw-share-this\/fb.png\" alt=\"Share this page via Facebook\" \/>\n<\/a>\n<a target=\"_blank\" href=\"http:\/\/twitter.com\/intent\/tweet?text=I+like+https%3A%2F%2Flabestiadeportiva.com%2Flbd%2Fagenda-deportiva-4%2F&amp;title=Agenda+Deportiva\">\n<img src=\"https:\/\/labestiadeportiva.com\/lbd\/wp-content\/plugins\/jw-share-this\/twitter.png\" alt=\"Share this page via Twitter\" \/>\n<\/a>\n<\/div>\n","protected":false},"excerpt":{"rendered":"<p>Por segundo fin de semana consecutivo la actividad volver\u00e1 a ser m\u00e1s que interesante. En el inicio de la primavera los deportistas tendr\u00e1n la posibilidad de contar con un d\u00eda extra para realizar sus competencias. El regional de handball juvenil se destaca entre las disciplinas presentes. Tambi\u00e9n se exhibir\u00e1n b\u00e1squet, futsal AFA, bicicletas de monta\u00f1a, &hellip; <a href=\"https:\/\/labestiadeportiva.com\/lbd\/agenda-deportiva-4\/\" class=\"more-link\">Seguir leyendo <span class=\"screen-reader-text\">Agenda Deportiva<\/span> <span class=\"meta-nav\">&rarr;<\/span><\/a><\/p>\n","protected":false},"author":1,"featured_media":641,"comment_status":"open","ping_status":"open","sticky":false,"template":"","format":"standard","meta":[],"categories":[5,1],"tags":[62],"_links":{"self":[{"href":"https:\/\/labestiadeportiva.com\/lbd\/wp-json\/wp\/v2\/posts\/640"}],"collection":[{"href":"https:\/\/labestiadeportiva.com\/lbd\/wp-json\/wp\/v2\/posts"}],"about":[{"href":"https:\/\/labestiadeportiva.com\/lbd\/wp-json\/wp\/v2\/types\/post"}],"author":[{"embeddable":true,"href":"https:\/\/labestiadeportiva.com\/lbd\/wp-json\/wp\/v2\/users\/1"}],"replies":[{"embeddable":true,"href":"https:\/\/labestiadeportiva.com\/lbd\/wp-json\/wp\/v2\/comments?post=640"}],"version-history":[{"count":1,"href":"https:\/\/labestiadeportiva.com\/lbd\/wp-json\/wp\/v2\/posts\/640\/revisions"}],"predecessor-version":[{"id":646,"href":"https:\/\/labestiadeportiva.com\/lbd\/wp-json\/wp\/v2\/posts\/640\/revisions\/646"}],"wp:featuredmedia":[{"embeddable":true,"href":"https:\/\/labestiadeportiva.com\/lbd\/wp-json\/wp\/v2\/media\/641"}],"wp:attachment":[{"href":"https:\/\/labestiadeportiva.com\/lbd\/wp-json\/wp\/v2\/media?parent=640"}],"wp:term":[{"taxonomy":"category","embeddable":true,"href":"https:\/\/labestiadeportiva.com\/lbd\/wp-json\/wp\/v2\/categories?post=640"},{"taxonomy":"post_tag","embeddable":true,"href":"https:\/\/labestiadeportiva.com\/lbd\/wp-json\/wp\/v2\/tags?post=640"}],"curies":[{"name":"wp","href":"https:\/\/api.w.org\/{rel}","templated":true}]}}