{"id":6406,"date":"2013-08-25T23:31:51","date_gmt":"2013-08-25T23:31:51","guid":{"rendered":"http:\/\/labestiadeportiva.com\/lbd\/?p=6406"},"modified":"2013-08-25T23:31:51","modified_gmt":"2013-08-25T23:31:51","slug":"todo-listo-para-el-us-open","status":"publish","type":"post","link":"https:\/\/labestiadeportiva.com\/lbd\/todo-listo-para-el-us-open\/","title":{"rendered":"Todo listo para el US Open"},"content":{"rendered":"<p>Por Mat\u00edas Pouso (Corresponsal LBD en la Ciudad Aut\u00f3noma de Buenos Aires)<\/p>\n<p><a href=\"http:\/\/labestiadeportiva.com\/lbd\/wp-content\/uploads\/2013\/08\/2013_US_Open_Program_Cover-2.jpg\"><img loading=\"lazy\" class=\"alignleft size-medium wp-image-6407\" title=\"2013_US_Open_Program_Cover-2\" src=\"http:\/\/labestiadeportiva.com\/lbd\/wp-content\/uploads\/2013\/08\/2013_US_Open_Program_Cover-2-231x300.jpg\" alt=\"\" width=\"231\" height=\"300\" srcset=\"https:\/\/labestiadeportiva.com\/lbd\/wp-content\/uploads\/2013\/08\/2013_US_Open_Program_Cover-2-231x300.jpg 231w, https:\/\/labestiadeportiva.com\/lbd\/wp-content\/uploads\/2013\/08\/2013_US_Open_Program_Cover-2.jpg 480w\" sizes=\"(max-width: 231px) 100vw, 231px\" \/><\/a>El lunes dar\u00e1 comienzo el \u00faltimo Grand Slam de la temporada ten\u00edstica, Flushing Meadows ser\u00e1 la sede del torneo en el que Juan Mart\u00edn Del Potro toc\u00f3 el cielo con las manos en 2009. Con distintas realidades y diferentes objetivos, los jugadores\u00a0 ya est\u00e1n listos para la gran cita.<!--morePara leer Click Aqu\u00ed--><\/p>\n<p>En esta edici\u00f3n del Abierto de los Estados Unidos ser\u00e1n siete los argentinos que formar\u00e1n parte del cuadro principal. Cada uno con un objetivo particular y personal, algunos luchar\u00e1n por dar el gran salto de su carrera, y otros sue\u00f1an con pelear el t\u00edtulo con las grandes estrellas del circuito.<\/p>\n<p>Juan Mart\u00edn Del Potro ser\u00e1 una vez m\u00e1s el abanderado albiceleste, en \u00e9l se posan las esperanzas de los seguidores argentinos del deporte blanco. Su primer escollo en el camino a cumplir un nuevo sue\u00f1o ser\u00e1 el espa\u00f1ol Guillermo Garc\u00eda L\u00f3pez, en lo que ser\u00e1 el primer duelo entre ambos.<\/p>\n<p>Escoltando a la Torre de Tandil, estar\u00e1n sus coterr\u00e1neos Juan M\u00f3naco y M\u00e1ximo Gonz\u00e1lez. Pico debutar\u00e1 contra el alem\u00e1n Florian Mayer, el n\u00famero 32 del ranking buscar\u00e1 superar la cuarta ronda a la que accedi\u00f3 en 2007 y en 2011 y que son sus mejores actuaciones en este tipo de torneos. Machi, proveniente de la qualy, har\u00e1 lo propio contra el polaco Jerzy Janowicz.<\/p>\n<p><a href=\"http:\/\/labestiadeportiva.com\/lbd\/wp-content\/uploads\/2013\/08\/argentinosusopen2013.jpg\"><img loading=\"lazy\" class=\"aligncenter size-medium wp-image-6408\" title=\"argentinosusopen2013\" src=\"http:\/\/labestiadeportiva.com\/lbd\/wp-content\/uploads\/2013\/08\/argentinosusopen2013-300x106.jpg\" alt=\"\" width=\"300\" height=\"106\" srcset=\"https:\/\/labestiadeportiva.com\/lbd\/wp-content\/uploads\/2013\/08\/argentinosusopen2013-300x106.jpg 300w, https:\/\/labestiadeportiva.com\/lbd\/wp-content\/uploads\/2013\/08\/argentinosusopen2013.jpg 640w\" sizes=\"(max-width: 300px) 100vw, 300px\" \/><\/a>Por su parte, el correntino Leo Mayer se las ver\u00e1 en primera rueda contra el rumano Victor Hanescu; Charly Berlocq lo har\u00e1 contra el colombiano Santiago Giraldo; Horacio Zeballos enfrentar\u00e1 al franc\u00e9s Adrian Mannarino; y por \u00faltimo, Guido Pella se enfrentar\u00e1 al local Sam Querrey.<\/p>\n<p>Los tenistas top buscar\u00e1n coronarse y as\u00ed concretar objetivos muy dispares. El n\u00famero 1 del mundo, Novak Djokovic buscar\u00e1 reconquistar este t\u00edtulo que no gana desde 2011. Su escolta Rafael Nadal sabe que de ganar el torneo, destronar\u00eda al serbio del tope del ranking. Ferrer sue\u00f1a con ganar su primer torneo grande, Murray buscar\u00e1 el bicampeonato y Roger Federer luchar\u00e1 por recuperar el terreno perdido en los \u00faltimos meses.<\/p>\n<p>Paula Ormaechea ser\u00e1 la \u00fanica argentina en el cuadro de damas, su rival en primera ronda ser\u00e1 la japonesa Kimiko Date, la jugadora m\u00e1s veterana del circuito 42 a\u00f1os y quien fuera rival de Gabriela Sabatini en la d\u00e9cada del 90.<\/p>\n<p>En el \u00fanico torneo disputado esta semana, el austr\u00edaco Jurgen Melzer se qued\u00f3 con el t\u00edtulo luego de que Gael Monfils, su rival en la final, se retirara por una lesi\u00f3n en la cadera cuando el marcador se encontraba 6-3 y 2-1 en favor del campe\u00f3n.<\/p>\n<p><a href=\"http:\/\/labestiadeportiva.com\/lbd\/wp-content\/uploads\/2013\/08\/melzer.jpg\"><img loading=\"lazy\" class=\"aligncenter size-medium wp-image-6409\" title=\"melzer\" src=\"http:\/\/labestiadeportiva.com\/lbd\/wp-content\/uploads\/2013\/08\/melzer-227x300.jpg\" alt=\"\" width=\"227\" height=\"300\" srcset=\"https:\/\/labestiadeportiva.com\/lbd\/wp-content\/uploads\/2013\/08\/melzer-227x300.jpg 227w, https:\/\/labestiadeportiva.com\/lbd\/wp-content\/uploads\/2013\/08\/melzer.jpg 570w\" sizes=\"(max-width: 227px) 100vw, 227px\" \/><\/a><\/p>\n<div class='epvc-post-count'><span class='epvc-eye'><\/span>  <span class=\"epvc-count\"> 950<\/span><span class='epvc-label'> veces le\u00edda<\/span><\/div>\n<div class=\"jwsharethis\">\nShare this: \n<br \/>\n<a href=\"mailto:?subject=Todo%20listo%20para%20el%20US%20Open&amp;body=https%3A%2F%2Flabestiadeportiva.com%2Flbd%2Ftodo-listo-para-el-us-open%2F\">\n<img src=\"https:\/\/labestiadeportiva.com\/lbd\/wp-content\/plugins\/jw-share-this\/email.png\" alt=\"Share this page via Email\" \/>\n<\/a>\n<a target=\"_blank\" href=\"http:\/\/www.stumbleupon.com\/submit?url=https%3A%2F%2Flabestiadeportiva.com%2Flbd%2Ftodo-listo-para-el-us-open%2F&amp;title=Todo+listo+para+el+US+Open\">\n<img src=\"https:\/\/labestiadeportiva.com\/lbd\/wp-content\/plugins\/jw-share-this\/su.png\" alt=\"Share this page via Stumble Upon\" \/>\n<\/a>\n<a target=\"_blank\" href=\"http:\/\/digg.com\/submit?url=https%3A%2F%2Flabestiadeportiva.com%2Flbd%2Ftodo-listo-para-el-us-open%2F&amp;title=Todo+listo+para+el+US+Open\">\n<img src=\"https:\/\/labestiadeportiva.com\/lbd\/wp-content\/plugins\/jw-share-this\/digg.png\" alt=\"Share this page via Digg this\" \/>\n<\/a>\n<a target=\"_blank\" href=\"http:\/\/www.facebook.com\/sharer.php?u=https%3A%2F%2Flabestiadeportiva.com%2Flbd%2Ftodo-listo-para-el-us-open%2F&amp;t=Todo+listo+para+el+US+Open\">\n<img src=\"https:\/\/labestiadeportiva.com\/lbd\/wp-content\/plugins\/jw-share-this\/fb.png\" alt=\"Share this page via Facebook\" \/>\n<\/a>\n<a target=\"_blank\" href=\"http:\/\/twitter.com\/intent\/tweet?text=I+like+https%3A%2F%2Flabestiadeportiva.com%2Flbd%2Ftodo-listo-para-el-us-open%2F&amp;title=Todo+listo+para+el+US+Open\">\n<img src=\"https:\/\/labestiadeportiva.com\/lbd\/wp-content\/plugins\/jw-share-this\/twitter.png\" alt=\"Share this page via Twitter\" \/>\n<\/a>\n<\/div>\n","protected":false},"excerpt":{"rendered":"<p>Por Mat\u00edas Pouso (Corresponsal LBD en la Ciudad Aut\u00f3noma de Buenos Aires) El lunes dar\u00e1 comienzo el \u00faltimo Grand Slam de la temporada ten\u00edstica, Flushing Meadows ser\u00e1 la sede del torneo en el que Juan Mart\u00edn Del Potro toc\u00f3 el cielo con las manos en 2009. Con distintas realidades y diferentes objetivos, los jugadores\u00a0 ya &hellip; <a href=\"https:\/\/labestiadeportiva.com\/lbd\/todo-listo-para-el-us-open\/\" class=\"more-link\">Seguir leyendo <span class=\"screen-reader-text\">Todo listo para el US Open<\/span> <span class=\"meta-nav\">&rarr;<\/span><\/a><\/p>\n","protected":false},"author":1,"featured_media":6407,"comment_status":"open","ping_status":"open","sticky":false,"template":"","format":"standard","meta":[],"categories":[4,1,39],"tags":[4835],"_links":{"self":[{"href":"https:\/\/labestiadeportiva.com\/lbd\/wp-json\/wp\/v2\/posts\/6406"}],"collection":[{"href":"https:\/\/labestiadeportiva.com\/lbd\/wp-json\/wp\/v2\/posts"}],"about":[{"href":"https:\/\/labestiadeportiva.com\/lbd\/wp-json\/wp\/v2\/types\/post"}],"author":[{"embeddable":true,"href":"https:\/\/labestiadeportiva.com\/lbd\/wp-json\/wp\/v2\/users\/1"}],"replies":[{"embeddable":true,"href":"https:\/\/labestiadeportiva.com\/lbd\/wp-json\/wp\/v2\/comments?post=6406"}],"version-history":[{"count":1,"href":"https:\/\/labestiadeportiva.com\/lbd\/wp-json\/wp\/v2\/posts\/6406\/revisions"}],"predecessor-version":[{"id":6410,"href":"https:\/\/labestiadeportiva.com\/lbd\/wp-json\/wp\/v2\/posts\/6406\/revisions\/6410"}],"wp:featuredmedia":[{"embeddable":true,"href":"https:\/\/labestiadeportiva.com\/lbd\/wp-json\/wp\/v2\/media\/6407"}],"wp:attachment":[{"href":"https:\/\/labestiadeportiva.com\/lbd\/wp-json\/wp\/v2\/media?parent=6406"}],"wp:term":[{"taxonomy":"category","embeddable":true,"href":"https:\/\/labestiadeportiva.com\/lbd\/wp-json\/wp\/v2\/categories?post=6406"},{"taxonomy":"post_tag","embeddable":true,"href":"https:\/\/labestiadeportiva.com\/lbd\/wp-json\/wp\/v2\/tags?post=6406"}],"curies":[{"name":"wp","href":"https:\/\/api.w.org\/{rel}","templated":true}]}}