{"id":649,"date":"2012-09-22T03:35:04","date_gmt":"2012-09-22T03:35:04","guid":{"rendered":"http:\/\/labestiadeportiva.com\/lbd\/?p=649"},"modified":"2012-09-22T03:37:56","modified_gmt":"2012-09-22T03:37:56","slug":"se-lanzaron-los-juegos-intermunicipales","status":"publish","type":"post","link":"https:\/\/labestiadeportiva.com\/lbd\/se-lanzaron-los-juegos-intermunicipales\/","title":{"rendered":"Se lanzaron los Juegos Intermunicipales"},"content":{"rendered":"<p><a href=\"http:\/\/labestiadeportiva.com\/lbd\/wp-content\/uploads\/2012\/09\/intermunicipales-35.jpg\"><img loading=\"lazy\" class=\"alignleft size-medium wp-image-650\" title=\"intermunicipales (35)\" src=\"http:\/\/labestiadeportiva.com\/lbd\/wp-content\/uploads\/2012\/09\/intermunicipales-35-300x180.jpg\" alt=\"\" width=\"300\" height=\"180\" srcset=\"https:\/\/labestiadeportiva.com\/lbd\/wp-content\/uploads\/2012\/09\/intermunicipales-35-300x180.jpg 300w, https:\/\/labestiadeportiva.com\/lbd\/wp-content\/uploads\/2012\/09\/intermunicipales-35.jpg 640w\" sizes=\"(max-width: 300px) 100vw, 300px\" \/><\/a>El pasado mi\u00e9rcoles por la tarde en la cancha 4 del \u201cHugo Italo Favale\u201d fue presenta en sociedad la competencia que reunir\u00e1 a j\u00f3venes deportistas de ambas ciudades. Se competir\u00e1 durante dos meses en al menos 7 disciplinas.<\/p>\n<p>La Subsecretar\u00eda de Deportes Municipal en conjunto con la Agencia Municipal de Deportes del norte de la isla idearon esta novedosa cita deportiva, es la primera vez que se realizar\u00e1 un evento de estas caracter\u00edsticas.<!--morePara leer Click Aqu\u00ed--><\/p>\n<p>La misma tendr\u00e1 como principal objetivo el de fomentar la pr\u00e1ctica del deporte y generar la uni\u00f3n de los j\u00f3venes de ambas localidades a trav\u00e9s de la sana competencia.<\/p>\n<p>El lanzamiento de los Juegos se produjo en simult\u00e1neo en ambas ciudades. Las actividades e realizar\u00e1n entre el s\u00e1bado 22 de septiembre y el s\u00e1bado 24 de noviembre.<\/p>\n<p>Entre los deportes principales que formar\u00e1n parte de la competencia se encuentran futsal, b\u00e1squet masculino y femenino, v\u00f3ley mixto, gimnasia deportiva, esgrima, judo y karate.<\/p>\n<div class='epvc-post-count'><span class='epvc-eye'><\/span>  <span class=\"epvc-count\"> 1.003<\/span><span class='epvc-label'> veces le\u00edda<\/span><\/div>\n<div class=\"jwsharethis\">\nShare this: \n<br \/>\n<a href=\"mailto:?subject=Se%20lanzaron%20los%20Juegos%20Intermunicipales&amp;body=https%3A%2F%2Flabestiadeportiva.com%2Flbd%2Fse-lanzaron-los-juegos-intermunicipales%2F\">\n<img src=\"https:\/\/labestiadeportiva.com\/lbd\/wp-content\/plugins\/jw-share-this\/email.png\" alt=\"Share this page via Email\" \/>\n<\/a>\n<a target=\"_blank\" href=\"http:\/\/www.stumbleupon.com\/submit?url=https%3A%2F%2Flabestiadeportiva.com%2Flbd%2Fse-lanzaron-los-juegos-intermunicipales%2F&amp;title=Se+lanzaron+los+Juegos+Intermunicipales\">\n<img src=\"https:\/\/labestiadeportiva.com\/lbd\/wp-content\/plugins\/jw-share-this\/su.png\" alt=\"Share this page via Stumble Upon\" \/>\n<\/a>\n<a target=\"_blank\" href=\"http:\/\/digg.com\/submit?url=https%3A%2F%2Flabestiadeportiva.com%2Flbd%2Fse-lanzaron-los-juegos-intermunicipales%2F&amp;title=Se+lanzaron+los+Juegos+Intermunicipales\">\n<img src=\"https:\/\/labestiadeportiva.com\/lbd\/wp-content\/plugins\/jw-share-this\/digg.png\" alt=\"Share this page via Digg this\" \/>\n<\/a>\n<a target=\"_blank\" href=\"http:\/\/www.facebook.com\/sharer.php?u=https%3A%2F%2Flabestiadeportiva.com%2Flbd%2Fse-lanzaron-los-juegos-intermunicipales%2F&amp;t=Se+lanzaron+los+Juegos+Intermunicipales\">\n<img src=\"https:\/\/labestiadeportiva.com\/lbd\/wp-content\/plugins\/jw-share-this\/fb.png\" alt=\"Share this page via Facebook\" \/>\n<\/a>\n<a target=\"_blank\" href=\"http:\/\/twitter.com\/intent\/tweet?text=I+like+https%3A%2F%2Flabestiadeportiva.com%2Flbd%2Fse-lanzaron-los-juegos-intermunicipales%2F&amp;title=Se+lanzaron+los+Juegos+Intermunicipales\">\n<img src=\"https:\/\/labestiadeportiva.com\/lbd\/wp-content\/plugins\/jw-share-this\/twitter.png\" alt=\"Share this page via Twitter\" \/>\n<\/a>\n<\/div>\n","protected":false},"excerpt":{"rendered":"<p>El pasado mi\u00e9rcoles por la tarde en la cancha 4 del \u201cHugo Italo Favale\u201d fue presenta en sociedad la competencia que reunir\u00e1 a j\u00f3venes deportistas de ambas ciudades. Se competir\u00e1 durante dos meses en al menos 7 disciplinas. La Subsecretar\u00eda de Deportes Municipal en conjunto con la Agencia Municipal de Deportes del norte de la &hellip; <a href=\"https:\/\/labestiadeportiva.com\/lbd\/se-lanzaron-los-juegos-intermunicipales\/\" class=\"more-link\">Seguir leyendo <span class=\"screen-reader-text\">Se lanzaron los Juegos Intermunicipales<\/span> <span class=\"meta-nav\">&rarr;<\/span><\/a><\/p>\n","protected":false},"author":1,"featured_media":650,"comment_status":"open","ping_status":"open","sticky":false,"template":"","format":"standard","meta":[],"categories":[5,1],"tags":[119],"_links":{"self":[{"href":"https:\/\/labestiadeportiva.com\/lbd\/wp-json\/wp\/v2\/posts\/649"}],"collection":[{"href":"https:\/\/labestiadeportiva.com\/lbd\/wp-json\/wp\/v2\/posts"}],"about":[{"href":"https:\/\/labestiadeportiva.com\/lbd\/wp-json\/wp\/v2\/types\/post"}],"author":[{"embeddable":true,"href":"https:\/\/labestiadeportiva.com\/lbd\/wp-json\/wp\/v2\/users\/1"}],"replies":[{"embeddable":true,"href":"https:\/\/labestiadeportiva.com\/lbd\/wp-json\/wp\/v2\/comments?post=649"}],"version-history":[{"count":2,"href":"https:\/\/labestiadeportiva.com\/lbd\/wp-json\/wp\/v2\/posts\/649\/revisions"}],"predecessor-version":[{"id":653,"href":"https:\/\/labestiadeportiva.com\/lbd\/wp-json\/wp\/v2\/posts\/649\/revisions\/653"}],"wp:featuredmedia":[{"embeddable":true,"href":"https:\/\/labestiadeportiva.com\/lbd\/wp-json\/wp\/v2\/media\/650"}],"wp:attachment":[{"href":"https:\/\/labestiadeportiva.com\/lbd\/wp-json\/wp\/v2\/media?parent=649"}],"wp:term":[{"taxonomy":"category","embeddable":true,"href":"https:\/\/labestiadeportiva.com\/lbd\/wp-json\/wp\/v2\/categories?post=649"},{"taxonomy":"post_tag","embeddable":true,"href":"https:\/\/labestiadeportiva.com\/lbd\/wp-json\/wp\/v2\/tags?post=649"}],"curies":[{"name":"wp","href":"https:\/\/api.w.org\/{rel}","templated":true}]}}