{"id":6795,"date":"2013-09-12T15:44:56","date_gmt":"2013-09-12T15:44:56","guid":{"rendered":"http:\/\/labestiadeportiva.com\/lbd\/?p=6795"},"modified":"2013-09-12T15:47:49","modified_gmt":"2013-09-12T15:47:49","slug":"kimi-regresa-a-maranello","status":"publish","type":"post","link":"https:\/\/labestiadeportiva.com\/lbd\/kimi-regresa-a-maranello\/","title":{"rendered":"Kimi regresa a Maranello"},"content":{"rendered":"<p>Por Daniel Campos (Corresponsal LBD en Palma de Mallorca, Espa\u00f1a)<\/p>\n<p class=\"MsoNormal\"><span lang=\"ES\"><a href=\"http:\/\/labestiadeportiva.com\/lbd\/wp-content\/uploads\/2013\/09\/vuelve-Kimi.jpg\"><img loading=\"lazy\" class=\"alignleft size-medium wp-image-6796\" title=\"vuelve Kimi\" src=\"http:\/\/labestiadeportiva.com\/lbd\/wp-content\/uploads\/2013\/09\/vuelve-Kimi-300x168.jpg\" alt=\"\" width=\"300\" height=\"168\" srcset=\"https:\/\/labestiadeportiva.com\/lbd\/wp-content\/uploads\/2013\/09\/vuelve-Kimi-300x168.jpg 300w, https:\/\/labestiadeportiva.com\/lbd\/wp-content\/uploads\/2013\/09\/vuelve-Kimi.jpg 640w\" sizes=\"(max-width: 300px) 100vw, 300px\" \/><\/a>Kimi Raikkonen ser\u00e1 el compa\u00f1ero de Fernando Alonso en Ferrari. As\u00ed lo inform\u00f3 ayer mi\u00e9rcoles la escuder\u00eda Ferrari en un breve comunicado. <\/span><\/p>\n<p class=\"MsoNormal\"><span lang=\"ES\">Seg\u00fan pudo saberse el finland\u00e9s, que actualmente corre para Lotus,<span style=\"mso-spacerun: yes;\">\u00a0 <\/span>ha firmado un acuerdo por las pr\u00f3ximas dos temporadas.<\/p>\n<p class=\"MsoNormal\"><span lang=\"ES\">La noticia del fichaje del piloto n\u00f3rdico, llega tras el anuncio de alejarse del equipo Ferrari por parte del brasile\u00f1o Felipe Massa al finalizar la temporada en curso. <!--morePara leer Click Aqu\u00ed-->De esta manera Kimi Raikkonen vuelva a la escuder\u00eda con la que conquist\u00f3 su \u00fanico t\u00edtulo mundial en el a\u00f1o 2007.<span style=\"mso-spacerun: yes;\">\u00a0 <\/span><\/span><\/p>\n<p class=\"MsoNormal\"><span lang=\"ES\">\u00a0<\/span><\/p>\n<div class='epvc-post-count'><span class='epvc-eye'><\/span>  <span class=\"epvc-count\"> 1.877<\/span><span class='epvc-label'> veces le\u00edda<\/span><\/div>\n<div class=\"jwsharethis\">\nShare this: \n<br \/>\n<a href=\"mailto:?subject=Kimi%20regresa%20a%20Maranello&amp;body=https%3A%2F%2Flabestiadeportiva.com%2Flbd%2Fkimi-regresa-a-maranello%2F\">\n<img src=\"https:\/\/labestiadeportiva.com\/lbd\/wp-content\/plugins\/jw-share-this\/email.png\" alt=\"Share this page via Email\" \/>\n<\/a>\n<a target=\"_blank\" href=\"http:\/\/www.stumbleupon.com\/submit?url=https%3A%2F%2Flabestiadeportiva.com%2Flbd%2Fkimi-regresa-a-maranello%2F&amp;title=Kimi+regresa+a+Maranello\">\n<img src=\"https:\/\/labestiadeportiva.com\/lbd\/wp-content\/plugins\/jw-share-this\/su.png\" alt=\"Share this page via Stumble Upon\" \/>\n<\/a>\n<a target=\"_blank\" href=\"http:\/\/digg.com\/submit?url=https%3A%2F%2Flabestiadeportiva.com%2Flbd%2Fkimi-regresa-a-maranello%2F&amp;title=Kimi+regresa+a+Maranello\">\n<img src=\"https:\/\/labestiadeportiva.com\/lbd\/wp-content\/plugins\/jw-share-this\/digg.png\" alt=\"Share this page via Digg this\" \/>\n<\/a>\n<a target=\"_blank\" href=\"http:\/\/www.facebook.com\/sharer.php?u=https%3A%2F%2Flabestiadeportiva.com%2Flbd%2Fkimi-regresa-a-maranello%2F&amp;t=Kimi+regresa+a+Maranello\">\n<img src=\"https:\/\/labestiadeportiva.com\/lbd\/wp-content\/plugins\/jw-share-this\/fb.png\" alt=\"Share this page via Facebook\" \/>\n<\/a>\n<a target=\"_blank\" href=\"http:\/\/twitter.com\/intent\/tweet?text=I+like+https%3A%2F%2Flabestiadeportiva.com%2Flbd%2Fkimi-regresa-a-maranello%2F&amp;title=Kimi+regresa+a+Maranello\">\n<img src=\"https:\/\/labestiadeportiva.com\/lbd\/wp-content\/plugins\/jw-share-this\/twitter.png\" alt=\"Share this page via Twitter\" \/>\n<\/a>\n<\/div>\n","protected":false},"excerpt":{"rendered":"<p>Por Daniel Campos (Corresponsal LBD en Palma de Mallorca, Espa\u00f1a) Kimi Raikkonen ser\u00e1 el compa\u00f1ero de Fernando Alonso en Ferrari. As\u00ed lo inform\u00f3 ayer mi\u00e9rcoles la escuder\u00eda Ferrari en un breve comunicado. Seg\u00fan pudo saberse el finland\u00e9s, que actualmente corre para Lotus,\u00a0 ha firmado un acuerdo por las pr\u00f3ximas dos temporadas. La noticia del fichaje &hellip; <a href=\"https:\/\/labestiadeportiva.com\/lbd\/kimi-regresa-a-maranello\/\" class=\"more-link\">Seguir leyendo <span class=\"screen-reader-text\">Kimi regresa a Maranello<\/span> <span class=\"meta-nav\">&rarr;<\/span><\/a><\/p>\n","protected":false},"author":1,"featured_media":6796,"comment_status":"open","ping_status":"open","sticky":false,"template":"","format":"standard","meta":[],"categories":[4,1],"tags":[154,148],"_links":{"self":[{"href":"https:\/\/labestiadeportiva.com\/lbd\/wp-json\/wp\/v2\/posts\/6795"}],"collection":[{"href":"https:\/\/labestiadeportiva.com\/lbd\/wp-json\/wp\/v2\/posts"}],"about":[{"href":"https:\/\/labestiadeportiva.com\/lbd\/wp-json\/wp\/v2\/types\/post"}],"author":[{"embeddable":true,"href":"https:\/\/labestiadeportiva.com\/lbd\/wp-json\/wp\/v2\/users\/1"}],"replies":[{"embeddable":true,"href":"https:\/\/labestiadeportiva.com\/lbd\/wp-json\/wp\/v2\/comments?post=6795"}],"version-history":[{"count":3,"href":"https:\/\/labestiadeportiva.com\/lbd\/wp-json\/wp\/v2\/posts\/6795\/revisions"}],"predecessor-version":[{"id":6798,"href":"https:\/\/labestiadeportiva.com\/lbd\/wp-json\/wp\/v2\/posts\/6795\/revisions\/6798"}],"wp:featuredmedia":[{"embeddable":true,"href":"https:\/\/labestiadeportiva.com\/lbd\/wp-json\/wp\/v2\/media\/6796"}],"wp:attachment":[{"href":"https:\/\/labestiadeportiva.com\/lbd\/wp-json\/wp\/v2\/media?parent=6795"}],"wp:term":[{"taxonomy":"category","embeddable":true,"href":"https:\/\/labestiadeportiva.com\/lbd\/wp-json\/wp\/v2\/categories?post=6795"},{"taxonomy":"post_tag","embeddable":true,"href":"https:\/\/labestiadeportiva.com\/lbd\/wp-json\/wp\/v2\/tags?post=6795"}],"curies":[{"name":"wp","href":"https:\/\/api.w.org\/{rel}","templated":true}]}}