{"id":6949,"date":"2013-09-18T21:02:59","date_gmt":"2013-09-18T21:02:59","guid":{"rendered":"http:\/\/labestiadeportiva.com\/lbd\/?p=6949"},"modified":"2013-09-18T21:12:49","modified_gmt":"2013-09-18T21:12:49","slug":"descollante-actuacion","status":"publish","type":"post","link":"https:\/\/labestiadeportiva.com\/lbd\/descollante-actuacion\/","title":{"rendered":"Descollante actuaci\u00f3n"},"content":{"rendered":"<p><a href=\"http:\/\/labestiadeportiva.com\/lbd\/wp-content\/uploads\/2013\/09\/Asalto-en-la-barcaza.jpg\"><img loading=\"lazy\" class=\"alignleft size-medium wp-image-6950\" title=\"Asalto en la barcaza\" src=\"http:\/\/labestiadeportiva.com\/lbd\/wp-content\/uploads\/2013\/09\/Asalto-en-la-barcaza-300x226.jpg\" alt=\"\" width=\"300\" height=\"226\" srcset=\"https:\/\/labestiadeportiva.com\/lbd\/wp-content\/uploads\/2013\/09\/Asalto-en-la-barcaza-300x226.jpg 300w, https:\/\/labestiadeportiva.com\/lbd\/wp-content\/uploads\/2013\/09\/Asalto-en-la-barcaza.jpg 636w\" sizes=\"(max-width: 300px) 100vw, 300px\" \/><\/a>En su participaci\u00f3n en Rio Gallegos en el marco del Torneo Regional realizado el 7 y 8 de septiembre pasado la delegaci\u00f3n de la Asociaci\u00f3n Fueguina de Esgrima cosecho, once medallas doradas, cinco plateadas y diez de bronce. Fuente y fotos prensa AEF.<\/p>\n<p>El encuentro se desarroll\u00f3 en las modernas instalaciones del Club Boca R\u00edo Gallegos, donde funciona la escuela de esgrima santacruce\u00f1a, a cargo del instructor Waldir Tuesta.<!--morePara leer Click Aqu\u00ed--><\/p>\n<p>Del evento participaron numerosos esgrimistas del club anfitri\u00f3n, sum\u00e1ndose a ellos las delegaciones chilenas del \u201cClub Austral de Esgrima de Punta Arenas\u201d, del Regimiento Reforzado N\u00ba 5 \u201cLanceros\u201d de Puerto Natales, como as\u00ed tambi\u00e9n representantes del Club de Esgrima de la ciudad de Coyhaique.<\/p>\n<p>Seg\u00fan su organizador cada categor\u00eda cont\u00f3 con un aproximado de 11 o 12 participantes, considerando pre infantil, infantil, pre cadetes, cadetes, mayores y veteranos, lo que se tradujo en unos 60 tiradores por arma.<\/p>\n<p>La comitiva fueguina estuvo integrada por los deportistas Lucas Portoese, Constanza Fatechi, y las hermanas Valentina, Josefina y Joaquina Vergara. De parte de los mayores, fueron de la partida Franco Leal, Alejandro Fotheringham y Jorge Tenaillon, quienes, a parte de competir, colaboraron con en el arbitraje del torneo como as\u00ed tambi\u00e9n asistiendo en la parte t\u00e9cnica a los m\u00e1s j\u00f3venes.<\/p>\n<p><a href=\"http:\/\/labestiadeportiva.com\/lbd\/wp-content\/uploads\/2013\/09\/1267049_550519051682053_1440027102_o.jpg\"><img loading=\"lazy\" class=\"aligncenter size-medium wp-image-6951\" title=\"1267049_550519051682053_1440027102_o\" src=\"http:\/\/labestiadeportiva.com\/lbd\/wp-content\/uploads\/2013\/09\/1267049_550519051682053_1440027102_o-300x178.jpg\" alt=\"\" width=\"300\" height=\"178\" srcset=\"https:\/\/labestiadeportiva.com\/lbd\/wp-content\/uploads\/2013\/09\/1267049_550519051682053_1440027102_o-300x178.jpg 300w, https:\/\/labestiadeportiva.com\/lbd\/wp-content\/uploads\/2013\/09\/1267049_550519051682053_1440027102_o.jpg 640w\" sizes=\"(max-width: 300px) 100vw, 300px\" \/><\/a>Un entusiasta grupo de padres acompa\u00f1\u00f3 la comitiva, brindando el sost\u00e9n y la log\u00edstica que apoy\u00f3 y permiti\u00f3 que no faltaran insumos ni contenci\u00f3n a los m\u00e1s chicos, consiguiendo que todo estuviera bien organizado y la comodidad y el disfrute garantizados.<\/p>\n<p>Los deportistas de la Asociaci\u00f3n Fueguina, se destacaron en cada una de las categor\u00edas en las que participaron.<\/p>\n<p>Entre los varones, Lucas Portoese, en florete masculino sum\u00f3 una medalla dorada -categor\u00eda preinfantil-; una plateada -categor\u00eda infantil- y otra de bronce -en precadetes, donde se midi\u00f3 de igual a igual con tiradores de mayor edad-. En espada obtuvo el tercer puesto, con la correspondiente medalla de bronce.<\/p>\n<p>Las damas tambi\u00e9n sumaron sus logros al medallero de la delegaci\u00f3n. Valentina Vergara, tanto en espada como en florete, particip\u00f3 en las categor\u00edas precadetes, cadetes, y fue habilitada por los organizadores para participar en la categor\u00eda mayores (m\u00e1s de veinte a\u00f1os), logrando as\u00ed la impresionante friolera de cinco medallas doradas y una plateada.<\/p>\n<p>Por su parte, Josefina Vergara, en espada, disput\u00f3 las categor\u00edas de infantiles, pre cadetes y cadetes, logrando una medalla dorada y dos de bronce. En florete, luego de obtener dos medallas de bronce por sus terceros puestos en categor\u00eda infantil y cadetes, una lesi\u00f3n muscular la dej\u00f3 al margen de la competencia mientras disputaba un asalto en categor\u00eda precadetes.<\/p>\n<p><a href=\"http:\/\/labestiadeportiva.com\/lbd\/wp-content\/uploads\/2013\/09\/Joaquina-Rio-Gallegos.jpg\"><img loading=\"lazy\" class=\"aligncenter size-medium wp-image-6953\" title=\"Joaquina Rio Gallegos\" src=\"http:\/\/labestiadeportiva.com\/lbd\/wp-content\/uploads\/2013\/09\/Joaquina-Rio-Gallegos-300x195.jpg\" alt=\"\" width=\"300\" height=\"195\" srcset=\"https:\/\/labestiadeportiva.com\/lbd\/wp-content\/uploads\/2013\/09\/Joaquina-Rio-Gallegos-300x195.jpg 300w, https:\/\/labestiadeportiva.com\/lbd\/wp-content\/uploads\/2013\/09\/Joaquina-Rio-Gallegos.jpg 640w\" sizes=\"(max-width: 300px) 100vw, 300px\" \/><\/a>Menci\u00f3n aparte merecen las actuaciones de Joaquina Vergara y Constanza Fratechi, quienes siendo las m\u00e1s peque\u00f1as\u00a0 del grupo, participaron no solo su categor\u00eda de preinfantiles, sino que lo hicieron tanto en espada como en florete, en infantiles y precadetes, donde al igual que Lucas\u00a0 Portoese, se midieron con rivales de mayor edad.<\/p>\n<p>Joaquina Vergara qued\u00f3 en segundo lugar entre las floretistas pre infantiles y tercera entre las infantiles, sumando adem\u00e1s a las dos anteriores, una medalla de bronce en espada pre infantil.<\/p>\n<p>Constanza Fratechi hace poco menos de un a\u00f1o que abraza este deporte, y pese a ello su actuaci\u00f3n fue m\u00e1s que satisfactoria, aportando\u00a0 dos medallas de bronce por los terceros puestos conseguidos en la categor\u00eda pre infantiles tanto en espada como en florete.<\/p>\n<p>Entre los mayores, Franco Leal, excelente esgrimista que est\u00e1 tambi\u00e9n colaborando en la sala como monitor de los chicos, demostr\u00f3 su crecimiento deportivo con el importante logro de haber conseguido (cosa poco com\u00fan) el primer puesto en las tres armas \u2013sable, espada y florete- sumando tres medallas doradas a la comitiva fueguina.<\/p>\n<p>Por otra parte, Alejandro Fotheringham obtuvo un bronce en espada mayor y oro entre los m\u00e1s veteranos y Jorge Tenaillon logr\u00f3 su medalla plateada, por el segundo puesto en su especialidad, el sable, arma en la cual viene trabajando este a\u00f1o con gran ah\u00ednco.<\/p>\n<p>Una vez m\u00e1s, la esgrima fueguina trasciende la provincia, esta vez en la vecina ciudad de R\u00edo Gallegos, demostrando que este deporte sigue en expansi\u00f3n, creciendo en cantidad y calidad con gran auge.<\/p>\n<p><a href=\"http:\/\/labestiadeportiva.com\/lbd\/wp-content\/uploads\/2013\/09\/Podio-espada-cadetes-jose-dorada-valen-plata.jpg\"><img loading=\"lazy\" class=\"aligncenter size-medium wp-image-6952\" title=\"Podio espada cadetes jose dorada, valen plata\" src=\"http:\/\/labestiadeportiva.com\/lbd\/wp-content\/uploads\/2013\/09\/Podio-espada-cadetes-jose-dorada-valen-plata-300x172.jpg\" alt=\"\" width=\"300\" height=\"172\" srcset=\"https:\/\/labestiadeportiva.com\/lbd\/wp-content\/uploads\/2013\/09\/Podio-espada-cadetes-jose-dorada-valen-plata-300x172.jpg 300w, https:\/\/labestiadeportiva.com\/lbd\/wp-content\/uploads\/2013\/09\/Podio-espada-cadetes-jose-dorada-valen-plata.jpg 640w\" sizes=\"(max-width: 300px) 100vw, 300px\" \/><\/a><span style=\"color: #0000ff;\">Categor\u00edas y pruebas disputadas:<\/span><br \/>\nPre Infantil: edad de 7 a 11 a\u00f1os: florete y espada<br \/>\nInfantil: edad de 12 a 13 a\u00f1os: florete y espada<br \/>\nPre Cadetes: edad de 14 a 15 a\u00f1os: florete y espada<br \/>\nCadetes: edad de 16 a 17 a\u00f1os: florete y espada<br \/>\nJuveniles: edad de 18 a 20 a\u00f1os: florete, espada y sable<br \/>\nMayores: edad de +21: florete, espada y sable<br \/>\nPrevet. y Vet.: edad de + 40 a\u00f1os: florete, espada y sable<\/p>\n<div class='epvc-post-count'><span class='epvc-eye'><\/span>  <span class=\"epvc-count\"> 1.065<\/span><span class='epvc-label'> veces le\u00edda<\/span><\/div>\n<div class=\"jwsharethis\">\nShare this: \n<br \/>\n<a href=\"mailto:?subject=Descollante%20actuaci%C3%B3n&amp;body=https%3A%2F%2Flabestiadeportiva.com%2Flbd%2Fdescollante-actuacion%2F\">\n<img src=\"https:\/\/labestiadeportiva.com\/lbd\/wp-content\/plugins\/jw-share-this\/email.png\" alt=\"Share this page via Email\" \/>\n<\/a>\n<a target=\"_blank\" href=\"http:\/\/www.stumbleupon.com\/submit?url=https%3A%2F%2Flabestiadeportiva.com%2Flbd%2Fdescollante-actuacion%2F&amp;title=Descollante+actuaci%C3%B3n\">\n<img src=\"https:\/\/labestiadeportiva.com\/lbd\/wp-content\/plugins\/jw-share-this\/su.png\" alt=\"Share this page via Stumble Upon\" \/>\n<\/a>\n<a target=\"_blank\" href=\"http:\/\/digg.com\/submit?url=https%3A%2F%2Flabestiadeportiva.com%2Flbd%2Fdescollante-actuacion%2F&amp;title=Descollante+actuaci%C3%B3n\">\n<img src=\"https:\/\/labestiadeportiva.com\/lbd\/wp-content\/plugins\/jw-share-this\/digg.png\" alt=\"Share this page via Digg this\" \/>\n<\/a>\n<a target=\"_blank\" href=\"http:\/\/www.facebook.com\/sharer.php?u=https%3A%2F%2Flabestiadeportiva.com%2Flbd%2Fdescollante-actuacion%2F&amp;t=Descollante+actuaci%C3%B3n\">\n<img src=\"https:\/\/labestiadeportiva.com\/lbd\/wp-content\/plugins\/jw-share-this\/fb.png\" alt=\"Share this page via Facebook\" \/>\n<\/a>\n<a target=\"_blank\" href=\"http:\/\/twitter.com\/intent\/tweet?text=I+like+https%3A%2F%2Flabestiadeportiva.com%2Flbd%2Fdescollante-actuacion%2F&amp;title=Descollante+actuaci%C3%B3n\">\n<img src=\"https:\/\/labestiadeportiva.com\/lbd\/wp-content\/plugins\/jw-share-this\/twitter.png\" alt=\"Share this page via Twitter\" \/>\n<\/a>\n<\/div>\n","protected":false},"excerpt":{"rendered":"<p>En su participaci\u00f3n en Rio Gallegos en el marco del Torneo Regional realizado el 7 y 8 de septiembre pasado la delegaci\u00f3n de la Asociaci\u00f3n Fueguina de Esgrima cosecho, once medallas doradas, cinco plateadas y diez de bronce. Fuente y fotos prensa AEF. El encuentro se desarroll\u00f3 en las modernas instalaciones del Club Boca R\u00edo &hellip; <a href=\"https:\/\/labestiadeportiva.com\/lbd\/descollante-actuacion\/\" class=\"more-link\">Seguir leyendo <span class=\"screen-reader-text\">Descollante actuaci\u00f3n<\/span> <span class=\"meta-nav\">&rarr;<\/span><\/a><\/p>\n","protected":false},"author":1,"featured_media":6950,"comment_status":"open","ping_status":"open","sticky":false,"template":"","format":"standard","meta":[],"categories":[5,6,1],"tags":[881,342,714,1000],"_links":{"self":[{"href":"https:\/\/labestiadeportiva.com\/lbd\/wp-json\/wp\/v2\/posts\/6949"}],"collection":[{"href":"https:\/\/labestiadeportiva.com\/lbd\/wp-json\/wp\/v2\/posts"}],"about":[{"href":"https:\/\/labestiadeportiva.com\/lbd\/wp-json\/wp\/v2\/types\/post"}],"author":[{"embeddable":true,"href":"https:\/\/labestiadeportiva.com\/lbd\/wp-json\/wp\/v2\/users\/1"}],"replies":[{"embeddable":true,"href":"https:\/\/labestiadeportiva.com\/lbd\/wp-json\/wp\/v2\/comments?post=6949"}],"version-history":[{"count":5,"href":"https:\/\/labestiadeportiva.com\/lbd\/wp-json\/wp\/v2\/posts\/6949\/revisions"}],"predecessor-version":[{"id":6958,"href":"https:\/\/labestiadeportiva.com\/lbd\/wp-json\/wp\/v2\/posts\/6949\/revisions\/6958"}],"wp:featuredmedia":[{"embeddable":true,"href":"https:\/\/labestiadeportiva.com\/lbd\/wp-json\/wp\/v2\/media\/6950"}],"wp:attachment":[{"href":"https:\/\/labestiadeportiva.com\/lbd\/wp-json\/wp\/v2\/media?parent=6949"}],"wp:term":[{"taxonomy":"category","embeddable":true,"href":"https:\/\/labestiadeportiva.com\/lbd\/wp-json\/wp\/v2\/categories?post=6949"},{"taxonomy":"post_tag","embeddable":true,"href":"https:\/\/labestiadeportiva.com\/lbd\/wp-json\/wp\/v2\/tags?post=6949"}],"curies":[{"name":"wp","href":"https:\/\/api.w.org\/{rel}","templated":true}]}}