{"id":7003,"date":"2013-09-20T20:40:33","date_gmt":"2013-09-20T20:40:33","guid":{"rendered":"http:\/\/labestiadeportiva.com\/lbd\/?p=7003"},"modified":"2013-09-20T20:42:25","modified_gmt":"2013-09-20T20:42:25","slug":"agenda-deportiva-38","status":"publish","type":"post","link":"https:\/\/labestiadeportiva.com\/lbd\/agenda-deportiva-38\/","title":{"rendered":"Agenda Deportiva"},"content":{"rendered":"<p><a href=\"http:\/\/labestiadeportiva.com\/lbd\/wp-content\/uploads\/2013\/09\/Imagen-275.jpg\"><img loading=\"lazy\" class=\"alignleft size-medium wp-image-7004\" title=\"Imagen 275\" src=\"http:\/\/labestiadeportiva.com\/lbd\/wp-content\/uploads\/2013\/09\/Imagen-275-300x152.jpg\" alt=\"\" width=\"300\" height=\"152\" srcset=\"https:\/\/labestiadeportiva.com\/lbd\/wp-content\/uploads\/2013\/09\/Imagen-275-300x152.jpg 300w, https:\/\/labestiadeportiva.com\/lbd\/wp-content\/uploads\/2013\/09\/Imagen-275.jpg 640w\" sizes=\"(max-width: 300px) 100vw, 300px\" \/><\/a>A partir de este viernes se desplegar\u00e1n 48 horas para el deporte competitivo. Dentro de las principales disciplinas que ver\u00e1n acci\u00f3n estar\u00e1n F\u00fatbol 11, atletismo, rugby, futsal AFA, hockey pista, b\u00e1squet y futsal federado. Desde LBD todos los detalles.<\/p>\n<p><span style=\"color: #0000ff;\">F\u00fatbol 11<\/span><br \/>\nEste fin de semana marcar\u00e1 el inicio de la competencia local dentro de los Juegos Fueguinos, torneo que se jugar\u00e1 \u00edntegramente sobre el sint\u00e9tico del \u201cHugo Lumbreras\u201d. Nueve equipos Sub 14 ser\u00e1n de la partida divididos en tres zonas. En el caso de los Sub 16 ser\u00e1n seis quienes se dividir\u00e1n en dos grupos. El s\u00e1bado se jugar\u00e1n tres encuentros de 12 a 15.30 mientras que la jornada dominguera tendr\u00e1 otros tres encuentros que se disputar\u00e1n de 10 a 13 horas.<!--morePara leer Click Aqu\u00ed--><\/p>\n<p><span style=\"color: #0000ff;\">Atletismo<\/span><br \/>\nEste s\u00e1bado desde las 11 de la ma\u00f1ana se realizar\u00e1 la prueba atl\u00e9tica \u201cD\u00eda de la Primavera\u201d organizada por la Agrupaci\u00f3n Atl\u00e9tica Fin del Mundo Ushuaia. La concentraci\u00f3n ser\u00e1 en el sector de la glorieta del \u201cPaseo de las Rosas\u201d. La prueba tendr\u00e1 dos recorridos, el m\u00e1s exigente de 8 k y un circuito aer\u00f3bico complementario de 3.000 metros.<\/p>\n<p><a href=\"http:\/\/labestiadeportiva.com\/lbd\/wp-content\/uploads\/2013\/09\/MG_2662.jpg\"><img loading=\"lazy\" class=\"aligncenter size-medium wp-image-7005\" title=\"_MG_2662\" src=\"http:\/\/labestiadeportiva.com\/lbd\/wp-content\/uploads\/2013\/09\/MG_2662-300x217.jpg\" alt=\"\" width=\"300\" height=\"217\" srcset=\"https:\/\/labestiadeportiva.com\/lbd\/wp-content\/uploads\/2013\/09\/MG_2662-300x217.jpg 300w, https:\/\/labestiadeportiva.com\/lbd\/wp-content\/uploads\/2013\/09\/MG_2662.jpg 640w\" sizes=\"(max-width: 300px) 100vw, 300px\" \/><\/a><span style=\"color: #0000ff;\">Rugby<\/span><br \/>\nLa URTF program\u00f3 para este domingo la segunda fecha de su campeonato oficial 2013\/2014 para sus planteles superiores. Los encuentros volver\u00e1n a realizarse en la ciudad de R\u00edo Grande. El domingo desde las 13 Universitario recibir\u00e1 a URC en su cancha mientras que desde las 15 den el mismo reducto Orcas se enfrentar\u00e1 al Club Colegio del Sur. Asimismo R\u00edo Grande RHC recibir\u00e1 en su cancha del ex campamento YPF desde las 15 a los ushuaienses de Las \u00c1guilas.<\/p>\n<p><span style=\"color: #0000ff;\">Futsal AFA<\/span><br \/>\nLa Liga Ushuaiense program\u00f3 cuatro partidos correspondientes a su torneo oficial bajo techo. La acci\u00f3n comenzar\u00e1 el s\u00e1bado a las 21 en la cancha 4 del \u201cHugo Italo Favale\u201d con el partido semifinal de ida entre Camioneros y Mercantil. La actividad del domingo se trasladar\u00e1 al gimnasio del CECU, los dos primeros encuentros ser\u00e1n por el ascenso mientras que desde las 16 jugar\u00e1n la segunda semifinal Centro Galicia y Fundaci\u00f3n Metal\u00fargica. La fecha concluir\u00e1 cerca de las seis de la tarde.<\/p>\n<p><a href=\"http:\/\/labestiadeportiva.com\/lbd\/wp-content\/uploads\/2013\/09\/MG_1923.jpg\"><img loading=\"lazy\" class=\"aligncenter size-medium wp-image-7006\" title=\"_MG_1923\" src=\"http:\/\/labestiadeportiva.com\/lbd\/wp-content\/uploads\/2013\/09\/MG_1923-300x157.jpg\" alt=\"\" width=\"300\" height=\"157\" srcset=\"https:\/\/labestiadeportiva.com\/lbd\/wp-content\/uploads\/2013\/09\/MG_1923-300x157.jpg 300w, https:\/\/labestiadeportiva.com\/lbd\/wp-content\/uploads\/2013\/09\/MG_1923.jpg 640w\" sizes=\"(max-width: 300px) 100vw, 300px\" \/><\/a><\/p>\n<p><span style=\"color: #0000ff;\">Hockey Pista<\/span><br \/>\nCon los equipos clasificados en cada una de las ciudades se realizar\u00e1n este domingo las finales provinciales de los Juegos Fueguinos en las categor\u00edas Sub 14 y Sub 16 damas y Sub 14 Caballeros. Los representantes ushuaienses ser\u00e1n URC Rojo en sub 14 damas, Colegio del Sur en sub 16 y el combinado de URC\/Los \u00d1ires en sub 14 caballeros. Ellos se enfrentar\u00e1n a Universitario, Serpientes y Panteras en busca de la clasificaci\u00f3n a los Juegos Nacionales Evita donde la disciplina har\u00e1 su debut. Los encuentros comenzar\u00e1n a partir de las 10.40 en el gimnasio del URC.<\/p>\n<p><span style=\"color: #0000ff;\">B\u00e1squet<\/span><br \/>\nA partir de este viernes retornar\u00e1 la actividad local. Desde las 20 se completar\u00e1 en la cancha 4 del polideportivo municipal la tercera fecha del torneo de primera divisi\u00f3n entre Club de Amigos Blanco y su par Amarillo para desde las 22 cerrar con Escuela N\u00b0 3 y B\u00e1squet 13. El s\u00e1bado en la misma cancha desde las 14 encuentros U13, para desde las 18 dejar paso a la primera final local de los Juegos Fueguinos entre Club de Amigos y Escuela N\u00b0 3 en el segmento U16.<\/p>\n<p><a href=\"http:\/\/labestiadeportiva.com\/lbd\/wp-content\/uploads\/2013\/09\/MG_6847-copia1.jpg\"><img loading=\"lazy\" class=\"aligncenter size-medium wp-image-7008\" title=\"_MG_6847 - copia\" src=\"http:\/\/labestiadeportiva.com\/lbd\/wp-content\/uploads\/2013\/09\/MG_6847-copia1-300x186.jpg\" alt=\"\" width=\"300\" height=\"186\" srcset=\"https:\/\/labestiadeportiva.com\/lbd\/wp-content\/uploads\/2013\/09\/MG_6847-copia1-300x186.jpg 300w, https:\/\/labestiadeportiva.com\/lbd\/wp-content\/uploads\/2013\/09\/MG_6847-copia1.jpg 640w\" sizes=\"(max-width: 300px) 100vw, 300px\" \/><\/a><span style=\"color: #0000ff;\">Futsal Federado<\/span><br \/>\nLa Federaci\u00f3n Ushuaiense volver\u00e1 a tener un fixture limitado para sus categor\u00edas superiores dado que solo podr\u00e1 contar con la cancha 4 para realizar sus encuentros que en esta oportunidad ser\u00e1n en menores, cadetes, femenino y 1\u00b0 \u201cC\u201d. Los de los infantiles ser\u00e1 diametralmente opuesto dado que estar\u00e1n presente s\u00e1bado y domingo en los gimnasios \u201cIslas Malvinas\u201d y \u201cMirador de Los Andes\u201d con innumerable cantidad de partidos.<\/p>\n<p><span style=\"color: #ff0000;\">Rugby URTF<\/span><br \/>\nPlanteles Superiores<br \/>\n2\u00b0 Fecha Torneo Oficial 2013\/2014<br \/>\nDomingo 22<br \/>\n13.00 Universitario\/URC (Cancha Universitario)<br \/>\n15.00 Orcas\/Club Colegio del Sur (Cancha Universitario)<br \/>\n15.00 R\u00edo Grande RHC\/Las \u00c1guilas (Cancha R\u00edo Grande RHC)<\/p>\n<p><span style=\"color: #ff0000;\">Futsal\u00a0 AFA<\/span><br \/>\nS\u00e1bado 21<br \/>\nCancha 4 Polideportivo Municipal<br \/>\n21.00 Camioneros\/Mercantil (Semifinal Ida)<br \/>\nDomingo 22<br \/>\nCancha CECU<br \/>\n13.40 Fundaci\u00f3n Deportiva K\u00b4Mal\/El Fort\u00edn (Ascenso)<br \/>\n15.00 G\u00fcemes\/Arturo Prat (Ascenso)<br \/>\n16.20 Centro Galicia\/Fundaci\u00f3n Metal\u00fargica (Semifinal Ida)<\/p>\n<p><a href=\"http:\/\/labestiadeportiva.com\/lbd\/wp-content\/uploads\/2013\/09\/MG_6091.jpg\"><img loading=\"lazy\" class=\"aligncenter size-medium wp-image-7009\" title=\"_MG_6091\" src=\"http:\/\/labestiadeportiva.com\/lbd\/wp-content\/uploads\/2013\/09\/MG_6091-300x180.jpg\" alt=\"\" width=\"300\" height=\"180\" srcset=\"https:\/\/labestiadeportiva.com\/lbd\/wp-content\/uploads\/2013\/09\/MG_6091-300x180.jpg 300w, https:\/\/labestiadeportiva.com\/lbd\/wp-content\/uploads\/2013\/09\/MG_6091.jpg 640w\" sizes=\"(max-width: 300px) 100vw, 300px\" \/><\/a><span style=\"color: #ff0000;\">F\u00fatbol 11 Juegos Fueguinos Instancia Local<\/span><br \/>\nCancha Sint\u00e9tico \u201cHugo Lumbreras\u201d<br \/>\nS\u00e1bado 21<br \/>\n12.00 Sub 14 Zona \u201cA\u201d Los Cuervos\/Andes del Sur \u201c1\u201d.<br \/>\n13.10 Sub 14 Zona \u201cC\u201d Andes del Sur \u201c2\u201d\/Mercantil<br \/>\n14.20 Sub 16 Zona \u201cB\u201d Santos F.C.\/Lasserre<br \/>\nDomingo 22<br \/>\n10.00 Sub 14 Zona \u201cA\u201d Ateneo\/Los Cuervos<br \/>\n11.10 Sub 14 Zona \u201cC\u201d Lasserre\/Andes del Sur \u201c2\u201d<br \/>\n12.00 Sub 16 Zona \u201cB\u201d Mercantil\/Santos F.C.<\/p>\n<p><span style=\"color: #ff0000;\">Hockey Pista Juegos Fueguinos<\/span><br \/>\nFinales Provinciales Gimnasio URC<br \/>\nDomingo 22<br \/>\n10:40\u00a0\u00a0\u00a0 Sub14 Dam. UNIVERSITARIO\/SERPIENTES<br \/>\n11.20\u00a0\u00a0\u00a0 Sub14 Cab.\u00a0\u00a0 SERPIENTES\/PANTERAS<br \/>\n12:00\u00a0\u00a0\u00a0 Sub16 Dam.\u00a0 SERPIENTES\/UNIVERSITARIO<br \/>\n12:40\u00a0\u00a0\u00a0 Sub14 Dam.\u00a0 U.R.C.\/SERPIENTES<br \/>\n13:20\u00a0\u00a0\u00a0 Sub14 Cab.\u00a0\u00a0 Ushuaia\/SERPIENTES<br \/>\n14:00\u00a0\u00a0\u00a0 Sub16 Dam. UNIVERSITARIO\/Colegio del Sur<br \/>\n14:40\u00a0\u00a0\u00a0 Sub14 Dam. U.R.C.\/UNIVERSITARIO<br \/>\n15:20\u00a0\u00a0\u00a0 Sub14 Cab.\u00a0 Ushuaia\/Panteras<br \/>\n16:00\u00a0\u00a0\u00a0 Sub16 Dam. Colegio del Sur\/SERPIENTES<br \/>\n16:40\u00a0\u00a0\u00a0 FINAL Sub14 Dam. 1\u00b0\/2\u00b0<br \/>\n17:20\u00a0\u00a0\u00a0 FINAL Sub14 Cab. 1\u00b0\/2\u00b0<br \/>\n18:00\u00a0\u00a0\u00a0 FINAL Sub16 Dam. 1\u00b0\/2\u00b0<\/p>\n<p><a href=\"http:\/\/labestiadeportiva.com\/lbd\/wp-content\/uploads\/2013\/09\/MG_3112.jpg\"><img loading=\"lazy\" class=\"aligncenter size-medium wp-image-7010\" title=\"_MG_3112\" src=\"http:\/\/labestiadeportiva.com\/lbd\/wp-content\/uploads\/2013\/09\/MG_3112-300x127.jpg\" alt=\"\" width=\"300\" height=\"127\" srcset=\"https:\/\/labestiadeportiva.com\/lbd\/wp-content\/uploads\/2013\/09\/MG_3112-300x127.jpg 300w, https:\/\/labestiadeportiva.com\/lbd\/wp-content\/uploads\/2013\/09\/MG_3112.jpg 640w\" sizes=\"(max-width: 300px) 100vw, 300px\" \/><\/a><\/p>\n<div class='epvc-post-count'><span class='epvc-eye'><\/span>  <span class=\"epvc-count\"> 932<\/span><span class='epvc-label'> veces le\u00edda<\/span><\/div>\n<div class=\"jwsharethis\">\nShare this: \n<br \/>\n<a href=\"mailto:?subject=Agenda%20Deportiva&amp;body=https%3A%2F%2Flabestiadeportiva.com%2Flbd%2Fagenda-deportiva-38%2F\">\n<img src=\"https:\/\/labestiadeportiva.com\/lbd\/wp-content\/plugins\/jw-share-this\/email.png\" alt=\"Share this page via Email\" \/>\n<\/a>\n<a target=\"_blank\" href=\"http:\/\/www.stumbleupon.com\/submit?url=https%3A%2F%2Flabestiadeportiva.com%2Flbd%2Fagenda-deportiva-38%2F&amp;title=Agenda+Deportiva\">\n<img src=\"https:\/\/labestiadeportiva.com\/lbd\/wp-content\/plugins\/jw-share-this\/su.png\" alt=\"Share this page via Stumble Upon\" \/>\n<\/a>\n<a target=\"_blank\" href=\"http:\/\/digg.com\/submit?url=https%3A%2F%2Flabestiadeportiva.com%2Flbd%2Fagenda-deportiva-38%2F&amp;title=Agenda+Deportiva\">\n<img src=\"https:\/\/labestiadeportiva.com\/lbd\/wp-content\/plugins\/jw-share-this\/digg.png\" alt=\"Share this page via Digg this\" \/>\n<\/a>\n<a target=\"_blank\" href=\"http:\/\/www.facebook.com\/sharer.php?u=https%3A%2F%2Flabestiadeportiva.com%2Flbd%2Fagenda-deportiva-38%2F&amp;t=Agenda+Deportiva\">\n<img src=\"https:\/\/labestiadeportiva.com\/lbd\/wp-content\/plugins\/jw-share-this\/fb.png\" alt=\"Share this page via Facebook\" \/>\n<\/a>\n<a target=\"_blank\" href=\"http:\/\/twitter.com\/intent\/tweet?text=I+like+https%3A%2F%2Flabestiadeportiva.com%2Flbd%2Fagenda-deportiva-38%2F&amp;title=Agenda+Deportiva\">\n<img src=\"https:\/\/labestiadeportiva.com\/lbd\/wp-content\/plugins\/jw-share-this\/twitter.png\" alt=\"Share this page via Twitter\" \/>\n<\/a>\n<\/div>\n","protected":false},"excerpt":{"rendered":"<p>A partir de este viernes se desplegar\u00e1n 48 horas para el deporte competitivo. Dentro de las principales disciplinas que ver\u00e1n acci\u00f3n estar\u00e1n F\u00fatbol 11, atletismo, rugby, futsal AFA, hockey pista, b\u00e1squet y futsal federado. Desde LBD todos los detalles. F\u00fatbol 11 Este fin de semana marcar\u00e1 el inicio de la competencia local dentro de los &hellip; <a href=\"https:\/\/labestiadeportiva.com\/lbd\/agenda-deportiva-38\/\" class=\"more-link\">Seguir leyendo <span class=\"screen-reader-text\">Agenda Deportiva<\/span> <span class=\"meta-nav\">&rarr;<\/span><\/a><\/p>\n","protected":false},"author":1,"featured_media":7004,"comment_status":"open","ping_status":"open","sticky":false,"template":"","format":"standard","meta":[],"categories":[5,1],"tags":[62],"_links":{"self":[{"href":"https:\/\/labestiadeportiva.com\/lbd\/wp-json\/wp\/v2\/posts\/7003"}],"collection":[{"href":"https:\/\/labestiadeportiva.com\/lbd\/wp-json\/wp\/v2\/posts"}],"about":[{"href":"https:\/\/labestiadeportiva.com\/lbd\/wp-json\/wp\/v2\/types\/post"}],"author":[{"embeddable":true,"href":"https:\/\/labestiadeportiva.com\/lbd\/wp-json\/wp\/v2\/users\/1"}],"replies":[{"embeddable":true,"href":"https:\/\/labestiadeportiva.com\/lbd\/wp-json\/wp\/v2\/comments?post=7003"}],"version-history":[{"count":2,"href":"https:\/\/labestiadeportiva.com\/lbd\/wp-json\/wp\/v2\/posts\/7003\/revisions"}],"predecessor-version":[{"id":7012,"href":"https:\/\/labestiadeportiva.com\/lbd\/wp-json\/wp\/v2\/posts\/7003\/revisions\/7012"}],"wp:featuredmedia":[{"embeddable":true,"href":"https:\/\/labestiadeportiva.com\/lbd\/wp-json\/wp\/v2\/media\/7004"}],"wp:attachment":[{"href":"https:\/\/labestiadeportiva.com\/lbd\/wp-json\/wp\/v2\/media?parent=7003"}],"wp:term":[{"taxonomy":"category","embeddable":true,"href":"https:\/\/labestiadeportiva.com\/lbd\/wp-json\/wp\/v2\/categories?post=7003"},{"taxonomy":"post_tag","embeddable":true,"href":"https:\/\/labestiadeportiva.com\/lbd\/wp-json\/wp\/v2\/tags?post=7003"}],"curies":[{"name":"wp","href":"https:\/\/api.w.org\/{rel}","templated":true}]}}