{"id":7031,"date":"2013-09-23T12:39:14","date_gmt":"2013-09-23T12:39:14","guid":{"rendered":"http:\/\/labestiadeportiva.com\/lbd\/?p=7031"},"modified":"2013-09-23T12:43:06","modified_gmt":"2013-09-23T12:43:06","slug":"se-dividieron-la-plata","status":"publish","type":"post","link":"https:\/\/labestiadeportiva.com\/lbd\/se-dividieron-la-plata\/","title":{"rendered":"Se dividieron La Plata"},"content":{"rendered":"<p class=\"MsoNormal\">Por Isidoro \u201cChory\u201d Aramburu (Corresponsal LBD en La Plata)<\/p>\n<p class=\"MsoNormal\"><a href=\"http:\/\/labestiadeportiva.com\/lbd\/wp-content\/uploads\/2013\/09\/clasico.jpg\"><img loading=\"lazy\" class=\"alignleft size-medium wp-image-7032\" title=\"clasico\" src=\"http:\/\/labestiadeportiva.com\/lbd\/wp-content\/uploads\/2013\/09\/clasico-300x168.jpg\" alt=\"\" width=\"300\" height=\"168\" srcset=\"https:\/\/labestiadeportiva.com\/lbd\/wp-content\/uploads\/2013\/09\/clasico-300x168.jpg 300w, https:\/\/labestiadeportiva.com\/lbd\/wp-content\/uploads\/2013\/09\/clasico.jpg 640w\" sizes=\"(max-width: 300px) 100vw, 300px\" \/><\/a>La ciudad de las diagonales volvi\u00f3 a vivir una nueva edici\u00f3n del cl\u00e1sico entre Estudiantes y Gimnasia, despu\u00e9s de dos a\u00f1os de espera. El colombiano Erik Correa marc\u00f3 primero para el \u201cLobo\u201d y el uruguayo Mat\u00edas Aguirregaray empat\u00f3 luego para el \u201cPincha\u201d. Oreja y Damonte se fueron expulsados en el segundo tiempo. La foto es gentileza de www.infobae.com<\/p>\n<p><!--morePara leer Click Aqu\u00ed--><\/p>\n<p class=\"MsoNormal\">Estudiantes comenz\u00f3 jugando mejor el partido, tratando de hacerse protagonista de las acciones y por momentos lo lograba, aunque sin inquietar demasiado a Monetti, exceptuando un mano a mano que el \u201cMono\u201d le tap\u00f3 a Auzqui.<\/p>\n<p class=\"MsoNormal\">Sin embargo, fue Gimnasia quien abri\u00f3 el marcador, por medio de la pelota parada. Mediante un corner desde la izquierda, Barsottini cabece\u00f3 y tras un rebote corto de Geronimo Rulli, el delantero Erik Correa la mand\u00f3 a guardar.<\/p>\n<p class=\"MsoNormal\">A partir de ah\u00ed, con el partido abierto, Gimnasia encontr\u00f3 su juego. Comenz\u00f3 a ganar las pelotas divididas y a inclinar la cancha desde lo an\u00edmico. La presi\u00f3n de los 30.000 \u201cpinchas\u201d que copaban el Estadio \u00danico pesaba en los jugadores del equipo pincha que encima se qued\u00f3 sin Ver\u00f3n, quien se fue lesionado, a los 39 minutos.<\/p>\n<p class=\"MsoNormal\">En el segundo tiempo Estudiantes emparej\u00f3 el tr\u00e1mite del partido, aunque no parec\u00eda estar cerca del empate. Pero a los 14 minutos se produjo el momento trascendental del encuentro. El \u00e1rbitro Laverni cobr\u00f3 mano de Oreja, cuando claramente el defensor tripero se hab\u00eda llevado la pelota con el hombro y como ya ten\u00eda amarilla, recibi\u00f3 la segunda y se fue expulsado.<\/p>\n<p class=\"MsoNormal\">El tiro libre, cerca del borde del \u00e1rea, fue ejecutado por Luna, quien pate\u00f3 al primer palo. Monetti ataj\u00f3 y tras el rebote, Carrillo tiro un centro atr\u00e1s para que el \u201cVasquito\u201d Aguirregaray pusiera el empate. Pedro Troglio indignado por esta situaci\u00f3n que consideraba injusta, se quej\u00f3 con el \u00e1rbitro y tambi\u00e9n se fue expulsado.<\/p>\n<p class=\"MsoNormal\"><span style=\"mso-spacerun: yes;\">\u00a0<\/span>Los \u00faltimos 30 minutos tuvieron a Gimnasia bien parado en defensa y tratando de generar alguna contra. Los dirigidos por Pellegrino tomaron posesi\u00f3n del bal\u00f3n pero no pudieron capitalizar la ventaja que les daba el hombre de mas. En el ocaso del partido Damonte, que hab\u00eda ingresado por Ver\u00f3n, se fue expulsado por agredir al capit\u00e1n tripero, Lucas Licht. <span style=\"mso-spacerun: yes;\">\u00a0<\/span><\/p>\n<p class=\"MsoNormal\">Fue un empate rotundo en La Plata y aunque ninguno de los dos equipos festej\u00f3, ambos t\u00e9cnicos rescataron el punto obtenido, ya que en un cl\u00e1sico lo primordial es no perder.<\/p>\n<p class=\"MsoNormal\">Dos a\u00f1os se hizo esperar el cl\u00e1sico y la ciudad se paraliz\u00f3 por un par de horas. Pero la fiesta no pudo se completa porque a pesar de jugarse sin hinchas visitantes, simpatizantes de ambos equipos se pelearon en inmediaciones del Estadio situado en Tolosa. La polic\u00eda dispar\u00f3 balas de goma y hubo hinchas heridos.<\/p>\n<p class=\"MsoNormal\"><span style=\"color: #0000ff;\">Formaciones:<\/span><\/p>\n<p class=\"MsoNormal\"><span style=\"mso-bidi-font-family: Calibri; mso-bidi-theme-font: minor-latin; color: black; background: white;\"><span style=\"color: #ff0000;\">Estudiantes (1)<\/span>: Ger\u00f3nimo Rulli; Mat\u00edas Aguirregaray, Santiago Vergini, Leandro Des\u00e1bato, Jonathan Silva; Gast\u00f3n Gil Romero, Juan Sebasti\u00e1n Ver\u00f3n; Joaqu\u00edn Correa, Carlos Auzqui, Patricio Rodr\u00edguez; y Guido Carrillo. DT: Mauricio Pellegrino.<\/span><\/p>\n<p><span style=\"background: white;\"><span style=\"color: #ff0000;\">Gimnasia (1)<\/span>: Fernando Monetti; Facundo Oreja, Osvaldo Barsottini, Juan Carlos Blengio, Lucas Licht; Gast\u00f3n D\u00edaz, Franco Mussis, Omar Pouso, Maximiliano Meza; Facundo Pereyra y Javier Correa. DT: Pedro Troglio.<\/span><\/p>\n<div class='epvc-post-count'><span class='epvc-eye'><\/span>  <span class=\"epvc-count\"> 929<\/span><span class='epvc-label'> veces le\u00edda<\/span><\/div>\n<div class=\"jwsharethis\">\nShare this: \n<br \/>\n<a href=\"mailto:?subject=Se%20dividieron%20La%20Plata&amp;body=https%3A%2F%2Flabestiadeportiva.com%2Flbd%2Fse-dividieron-la-plata%2F\">\n<img src=\"https:\/\/labestiadeportiva.com\/lbd\/wp-content\/plugins\/jw-share-this\/email.png\" alt=\"Share this page via Email\" \/>\n<\/a>\n<a target=\"_blank\" href=\"http:\/\/www.stumbleupon.com\/submit?url=https%3A%2F%2Flabestiadeportiva.com%2Flbd%2Fse-dividieron-la-plata%2F&amp;title=Se+dividieron+La+Plata\">\n<img src=\"https:\/\/labestiadeportiva.com\/lbd\/wp-content\/plugins\/jw-share-this\/su.png\" alt=\"Share this page via Stumble Upon\" \/>\n<\/a>\n<a target=\"_blank\" href=\"http:\/\/digg.com\/submit?url=https%3A%2F%2Flabestiadeportiva.com%2Flbd%2Fse-dividieron-la-plata%2F&amp;title=Se+dividieron+La+Plata\">\n<img src=\"https:\/\/labestiadeportiva.com\/lbd\/wp-content\/plugins\/jw-share-this\/digg.png\" alt=\"Share this page via Digg this\" \/>\n<\/a>\n<a target=\"_blank\" href=\"http:\/\/www.facebook.com\/sharer.php?u=https%3A%2F%2Flabestiadeportiva.com%2Flbd%2Fse-dividieron-la-plata%2F&amp;t=Se+dividieron+La+Plata\">\n<img src=\"https:\/\/labestiadeportiva.com\/lbd\/wp-content\/plugins\/jw-share-this\/fb.png\" alt=\"Share this page via Facebook\" \/>\n<\/a>\n<a target=\"_blank\" href=\"http:\/\/twitter.com\/intent\/tweet?text=I+like+https%3A%2F%2Flabestiadeportiva.com%2Flbd%2Fse-dividieron-la-plata%2F&amp;title=Se+dividieron+La+Plata\">\n<img src=\"https:\/\/labestiadeportiva.com\/lbd\/wp-content\/plugins\/jw-share-this\/twitter.png\" alt=\"Share this page via Twitter\" \/>\n<\/a>\n<\/div>\n","protected":false},"excerpt":{"rendered":"<p>Por Isidoro \u201cChory\u201d Aramburu (Corresponsal LBD en La Plata) La ciudad de las diagonales volvi\u00f3 a vivir una nueva edici\u00f3n del cl\u00e1sico entre Estudiantes y Gimnasia, despu\u00e9s de dos a\u00f1os de espera. El colombiano Erik Correa marc\u00f3 primero para el \u201cLobo\u201d y el uruguayo Mat\u00edas Aguirregaray empat\u00f3 luego para el \u201cPincha\u201d. Oreja y Damonte se &hellip; <a href=\"https:\/\/labestiadeportiva.com\/lbd\/se-dividieron-la-plata\/\" class=\"more-link\">Seguir leyendo <span class=\"screen-reader-text\">Se dividieron La Plata<\/span> <span class=\"meta-nav\">&rarr;<\/span><\/a><\/p>\n","protected":false},"author":1,"featured_media":7032,"comment_status":"open","ping_status":"open","sticky":false,"template":"","format":"standard","meta":[],"categories":[6,1],"tags":[1006,61],"_links":{"self":[{"href":"https:\/\/labestiadeportiva.com\/lbd\/wp-json\/wp\/v2\/posts\/7031"}],"collection":[{"href":"https:\/\/labestiadeportiva.com\/lbd\/wp-json\/wp\/v2\/posts"}],"about":[{"href":"https:\/\/labestiadeportiva.com\/lbd\/wp-json\/wp\/v2\/types\/post"}],"author":[{"embeddable":true,"href":"https:\/\/labestiadeportiva.com\/lbd\/wp-json\/wp\/v2\/users\/1"}],"replies":[{"embeddable":true,"href":"https:\/\/labestiadeportiva.com\/lbd\/wp-json\/wp\/v2\/comments?post=7031"}],"version-history":[{"count":2,"href":"https:\/\/labestiadeportiva.com\/lbd\/wp-json\/wp\/v2\/posts\/7031\/revisions"}],"predecessor-version":[{"id":7034,"href":"https:\/\/labestiadeportiva.com\/lbd\/wp-json\/wp\/v2\/posts\/7031\/revisions\/7034"}],"wp:featuredmedia":[{"embeddable":true,"href":"https:\/\/labestiadeportiva.com\/lbd\/wp-json\/wp\/v2\/media\/7032"}],"wp:attachment":[{"href":"https:\/\/labestiadeportiva.com\/lbd\/wp-json\/wp\/v2\/media?parent=7031"}],"wp:term":[{"taxonomy":"category","embeddable":true,"href":"https:\/\/labestiadeportiva.com\/lbd\/wp-json\/wp\/v2\/categories?post=7031"},{"taxonomy":"post_tag","embeddable":true,"href":"https:\/\/labestiadeportiva.com\/lbd\/wp-json\/wp\/v2\/tags?post=7031"}],"curies":[{"name":"wp","href":"https:\/\/api.w.org\/{rel}","templated":true}]}}