{"id":7342,"date":"2013-10-09T18:44:51","date_gmt":"2013-10-09T18:44:51","guid":{"rendered":"http:\/\/labestiadeportiva.com\/lbd\/?p=7342"},"modified":"2013-10-09T18:44:51","modified_gmt":"2013-10-09T18:44:51","slug":"despedida-de-lujo","status":"publish","type":"post","link":"https:\/\/labestiadeportiva.com\/lbd\/despedida-de-lujo\/","title":{"rendered":"Despedida de Lujo"},"content":{"rendered":"<p><a href=\"http:\/\/labestiadeportiva.com\/lbd\/wp-content\/uploads\/2013\/10\/DSC_0302.jpg\"><img loading=\"lazy\" class=\"alignleft size-medium wp-image-7343\" title=\"DSC_0302\" src=\"http:\/\/labestiadeportiva.com\/lbd\/wp-content\/uploads\/2013\/10\/DSC_0302-300x148.jpg\" alt=\"\" width=\"300\" height=\"148\" srcset=\"https:\/\/labestiadeportiva.com\/lbd\/wp-content\/uploads\/2013\/10\/DSC_0302-300x148.jpg 300w, https:\/\/labestiadeportiva.com\/lbd\/wp-content\/uploads\/2013\/10\/DSC_0302.jpg 640w\" sizes=\"(max-width: 300px) 100vw, 300px\" \/><\/a>El lunes por la ma\u00f1ana los deportistas paral\u00edmpicos Juan G\u00f3mez, Nicol\u00e1s Lima, y Carlos Ludue\u00f1a, fueron recibidos por la Gobernadora Fabiana R\u00edos y el Vice Gobernador Roberto Crocianelli quienes junto con el Secretario de Deportes de la Provincia, Adri\u00e1n Morane, despidieron \u00a0a los ushuaienses quienes estar\u00e1n presentes en los III Juegos Parapanamericanos Juveniles Buenos Aires 2013. La foto es gentileza de la Subsecretar\u00eda de Comunicaci\u00f3n Institucional.<!--morePara leer Click Aqu\u00ed--><\/p>\n<p>La cita tuvo lugar en el despacho de la gobernadora en casa de gobierno de la capital provincial y cont\u00f3 con la presencia del entrenador Lisandro Muhoberac y el coordinador del centro de actividades alternativas para discapacitados, CAAD, Jos\u00e9 Luis Alonso, en dicha cita los funcionarios tuvieron una mena charla donde alentaron a los j\u00f3venes deportistas y se comprometieron a recibirlos en el regreso.<\/p>\n<p>El martes Juan G\u00f3mez, Carlos Ludue\u00f1a y Lisandro Muhoberac viajaron a la Ciudad Aut\u00f3noma de Buenos Aires a comenzar con la puesta a punto, mientras que el joven nadador Nicol\u00e1s Lima partir\u00e1 este s\u00e1bado 12. La inauguraci\u00f3n ser\u00e1\u00a0el martes 15 en horas de la tarde en Tecn\u00f3polis, las competencias se pondr\u00e1n en marcha desde\u00a0el lunes 14 al s\u00e1bado 19.<\/p>\n<div class='epvc-post-count'><span class='epvc-eye'><\/span>  <span class=\"epvc-count\"> 961<\/span><span class='epvc-label'> veces le\u00edda<\/span><\/div>\n<div class=\"jwsharethis\">\nShare this: \n<br \/>\n<a href=\"mailto:?subject=Despedida%20de%20Lujo&amp;body=https%3A%2F%2Flabestiadeportiva.com%2Flbd%2Fdespedida-de-lujo%2F\">\n<img src=\"https:\/\/labestiadeportiva.com\/lbd\/wp-content\/plugins\/jw-share-this\/email.png\" alt=\"Share this page via Email\" \/>\n<\/a>\n<a target=\"_blank\" href=\"http:\/\/www.stumbleupon.com\/submit?url=https%3A%2F%2Flabestiadeportiva.com%2Flbd%2Fdespedida-de-lujo%2F&amp;title=Despedida+de+Lujo\">\n<img src=\"https:\/\/labestiadeportiva.com\/lbd\/wp-content\/plugins\/jw-share-this\/su.png\" alt=\"Share this page via Stumble Upon\" \/>\n<\/a>\n<a target=\"_blank\" href=\"http:\/\/digg.com\/submit?url=https%3A%2F%2Flabestiadeportiva.com%2Flbd%2Fdespedida-de-lujo%2F&amp;title=Despedida+de+Lujo\">\n<img src=\"https:\/\/labestiadeportiva.com\/lbd\/wp-content\/plugins\/jw-share-this\/digg.png\" alt=\"Share this page via Digg this\" \/>\n<\/a>\n<a target=\"_blank\" href=\"http:\/\/www.facebook.com\/sharer.php?u=https%3A%2F%2Flabestiadeportiva.com%2Flbd%2Fdespedida-de-lujo%2F&amp;t=Despedida+de+Lujo\">\n<img src=\"https:\/\/labestiadeportiva.com\/lbd\/wp-content\/plugins\/jw-share-this\/fb.png\" alt=\"Share this page via Facebook\" \/>\n<\/a>\n<a target=\"_blank\" href=\"http:\/\/twitter.com\/intent\/tweet?text=I+like+https%3A%2F%2Flabestiadeportiva.com%2Flbd%2Fdespedida-de-lujo%2F&amp;title=Despedida+de+Lujo\">\n<img src=\"https:\/\/labestiadeportiva.com\/lbd\/wp-content\/plugins\/jw-share-this\/twitter.png\" alt=\"Share this page via Twitter\" \/>\n<\/a>\n<\/div>\n","protected":false},"excerpt":{"rendered":"<p>El lunes por la ma\u00f1ana los deportistas paral\u00edmpicos Juan G\u00f3mez, Nicol\u00e1s Lima, y Carlos Ludue\u00f1a, fueron recibidos por la Gobernadora Fabiana R\u00edos y el Vice Gobernador Roberto Crocianelli quienes junto con el Secretario de Deportes de la Provincia, Adri\u00e1n Morane, despidieron \u00a0a los ushuaienses quienes estar\u00e1n presentes en los III Juegos Parapanamericanos Juveniles Buenos Aires &hellip; <a href=\"https:\/\/labestiadeportiva.com\/lbd\/despedida-de-lujo\/\" class=\"more-link\">Seguir leyendo <span class=\"screen-reader-text\">Despedida de Lujo<\/span> <span class=\"meta-nav\">&rarr;<\/span><\/a><\/p>\n","protected":false},"author":1,"featured_media":7343,"comment_status":"open","ping_status":"open","sticky":false,"template":"","format":"standard","meta":[],"categories":[22,5,4,6,1],"tags":[1004,1047,20],"_links":{"self":[{"href":"https:\/\/labestiadeportiva.com\/lbd\/wp-json\/wp\/v2\/posts\/7342"}],"collection":[{"href":"https:\/\/labestiadeportiva.com\/lbd\/wp-json\/wp\/v2\/posts"}],"about":[{"href":"https:\/\/labestiadeportiva.com\/lbd\/wp-json\/wp\/v2\/types\/post"}],"author":[{"embeddable":true,"href":"https:\/\/labestiadeportiva.com\/lbd\/wp-json\/wp\/v2\/users\/1"}],"replies":[{"embeddable":true,"href":"https:\/\/labestiadeportiva.com\/lbd\/wp-json\/wp\/v2\/comments?post=7342"}],"version-history":[{"count":1,"href":"https:\/\/labestiadeportiva.com\/lbd\/wp-json\/wp\/v2\/posts\/7342\/revisions"}],"predecessor-version":[{"id":7344,"href":"https:\/\/labestiadeportiva.com\/lbd\/wp-json\/wp\/v2\/posts\/7342\/revisions\/7344"}],"wp:featuredmedia":[{"embeddable":true,"href":"https:\/\/labestiadeportiva.com\/lbd\/wp-json\/wp\/v2\/media\/7343"}],"wp:attachment":[{"href":"https:\/\/labestiadeportiva.com\/lbd\/wp-json\/wp\/v2\/media?parent=7342"}],"wp:term":[{"taxonomy":"category","embeddable":true,"href":"https:\/\/labestiadeportiva.com\/lbd\/wp-json\/wp\/v2\/categories?post=7342"},{"taxonomy":"post_tag","embeddable":true,"href":"https:\/\/labestiadeportiva.com\/lbd\/wp-json\/wp\/v2\/tags?post=7342"}],"curies":[{"name":"wp","href":"https:\/\/api.w.org\/{rel}","templated":true}]}}