{"id":7373,"date":"2013-10-10T22:54:03","date_gmt":"2013-10-10T22:54:03","guid":{"rendered":"http:\/\/labestiadeportiva.com\/lbd\/?p=7373"},"modified":"2013-10-10T23:54:11","modified_gmt":"2013-10-10T23:54:11","slug":"sabella-tiene-todo-listo-para-recibir-a-peru","status":"publish","type":"post","link":"https:\/\/labestiadeportiva.com\/lbd\/sabella-tiene-todo-listo-para-recibir-a-peru\/","title":{"rendered":"Sabella tiene todo listo para recibir a Per\u00fa"},"content":{"rendered":"<p><em><strong><a href=\"http:\/\/labestiadeportiva.com\/lbd\/wp-content\/uploads\/2013\/10\/Sabella.jpg\"><img loading=\"lazy\" class=\"size-medium wp-image-7374 alignleft\" style=\"margin: 5px;\" title=\"Sabella\" src=\"http:\/\/labestiadeportiva.com\/lbd\/wp-content\/uploads\/2013\/10\/Sabella-300x179.jpg\" alt=\"\" width=\"300\" height=\"179\" srcset=\"https:\/\/labestiadeportiva.com\/lbd\/wp-content\/uploads\/2013\/10\/Sabella-300x179.jpg 300w, https:\/\/labestiadeportiva.com\/lbd\/wp-content\/uploads\/2013\/10\/Sabella.jpg 681w\" sizes=\"(max-width: 300px) 100vw, 300px\" \/><\/a>Por Mart\u00edn Velasco (Corresponsal LBD en C\u00f3rdoba) Este viernes a partir de las 20 en el Estadio Monumental, Argentina comenzar\u00e1 su ante\u00faltimo partido en estas Eliminatorias. Lavezzi, Palacio y Ag\u00fcero ser\u00e1n los delanteros, mientras que Biglia y Banega estar\u00e1n en el mediocampo.<\/strong><\/em><\/p>\n<p>La selecci\u00f3n nacional ya est\u00e1 clasificada, pero el entrenador planea poner lo mejor para el primer duelo de esta doble fecha, que culminar\u00e1 el martes en el Centenario ante Uruguay. Dentro de ese equipo no se podr\u00e1 ver a Messi, Higua\u00edn, Mascherano y Gago, todos lesionados, pero que encuadran en el 11 \u201cideal\u201d que Pachorra tiene pensado para Brasil 2014.<!--morePara leer Click Aqu\u00ed--><\/p>\n<p>En el sector defensivo, los nombres ser\u00e1n los mismos que jugaron gran parte del torneo clasificatorio, mientras que en el arco estar\u00e1 Sergio Romero, qui\u00e9n corre con ventaja sobre Mariano Andujar y Agust\u00edn Ori\u00f3n.<\/p>\n<p>En consecuencia, la alineaci\u00f3n titular para enfrentar al conjunto peruano ser\u00e1: Romero; Pablo Zabaleta, Federico Fern\u00e1ndez, Ezequiel Garay y Marcos Rojo; Lucas Biglia, Ever Banega y \u00c1ngel Di Mar\u00eda; Ezequiel Lavezzi, Sergio Ag\u00fcero y Rodrigo Palacio.<\/p>\n<div class='epvc-post-count'><span class='epvc-eye'><\/span>  <span class=\"epvc-count\"> 1.252<\/span><span class='epvc-label'> veces le\u00edda<\/span><\/div>\n<div class=\"jwsharethis\">\nShare this: \n<br \/>\n<a href=\"mailto:?subject=Sabella%20tiene%20todo%20listo%20para%20recibir%20a%20Per%C3%BA&amp;body=https%3A%2F%2Flabestiadeportiva.com%2Flbd%2Fsabella-tiene-todo-listo-para-recibir-a-peru%2F\">\n<img src=\"https:\/\/labestiadeportiva.com\/lbd\/wp-content\/plugins\/jw-share-this\/email.png\" alt=\"Share this page via Email\" \/>\n<\/a>\n<a target=\"_blank\" href=\"http:\/\/www.stumbleupon.com\/submit?url=https%3A%2F%2Flabestiadeportiva.com%2Flbd%2Fsabella-tiene-todo-listo-para-recibir-a-peru%2F&amp;title=Sabella+tiene+todo+listo+para+recibir+a+Per%C3%BA\">\n<img src=\"https:\/\/labestiadeportiva.com\/lbd\/wp-content\/plugins\/jw-share-this\/su.png\" alt=\"Share this page via Stumble Upon\" \/>\n<\/a>\n<a target=\"_blank\" href=\"http:\/\/digg.com\/submit?url=https%3A%2F%2Flabestiadeportiva.com%2Flbd%2Fsabella-tiene-todo-listo-para-recibir-a-peru%2F&amp;title=Sabella+tiene+todo+listo+para+recibir+a+Per%C3%BA\">\n<img src=\"https:\/\/labestiadeportiva.com\/lbd\/wp-content\/plugins\/jw-share-this\/digg.png\" alt=\"Share this page via Digg this\" \/>\n<\/a>\n<a target=\"_blank\" href=\"http:\/\/www.facebook.com\/sharer.php?u=https%3A%2F%2Flabestiadeportiva.com%2Flbd%2Fsabella-tiene-todo-listo-para-recibir-a-peru%2F&amp;t=Sabella+tiene+todo+listo+para+recibir+a+Per%C3%BA\">\n<img src=\"https:\/\/labestiadeportiva.com\/lbd\/wp-content\/plugins\/jw-share-this\/fb.png\" alt=\"Share this page via Facebook\" \/>\n<\/a>\n<a target=\"_blank\" href=\"http:\/\/twitter.com\/intent\/tweet?text=I+like+https%3A%2F%2Flabestiadeportiva.com%2Flbd%2Fsabella-tiene-todo-listo-para-recibir-a-peru%2F&amp;title=Sabella+tiene+todo+listo+para+recibir+a+Per%C3%BA\">\n<img src=\"https:\/\/labestiadeportiva.com\/lbd\/wp-content\/plugins\/jw-share-this\/twitter.png\" alt=\"Share this page via Twitter\" \/>\n<\/a>\n<\/div>\n","protected":false},"excerpt":{"rendered":"<p>Por Mart\u00edn Velasco (Corresponsal LBD en C\u00f3rdoba) Este viernes a partir de las 20 en el Estadio Monumental, Argentina comenzar\u00e1 su ante\u00faltimo partido en estas Eliminatorias. Lavezzi, Palacio y Ag\u00fcero ser\u00e1n los delanteros, mientras que Biglia y Banega estar\u00e1n en el mediocampo. La selecci\u00f3n nacional ya est\u00e1 clasificada, pero el entrenador planea poner lo mejor &hellip; <a href=\"https:\/\/labestiadeportiva.com\/lbd\/sabella-tiene-todo-listo-para-recibir-a-peru\/\" class=\"more-link\">Seguir leyendo <span class=\"screen-reader-text\">Sabella tiene todo listo para recibir a Per\u00fa<\/span> <span class=\"meta-nav\">&rarr;<\/span><\/a><\/p>\n","protected":false},"author":1,"featured_media":7374,"comment_status":"open","ping_status":"open","sticky":false,"template":"","format":"standard","meta":[],"categories":[4,57,14,1],"tags":[144,1054,177,1053],"_links":{"self":[{"href":"https:\/\/labestiadeportiva.com\/lbd\/wp-json\/wp\/v2\/posts\/7373"}],"collection":[{"href":"https:\/\/labestiadeportiva.com\/lbd\/wp-json\/wp\/v2\/posts"}],"about":[{"href":"https:\/\/labestiadeportiva.com\/lbd\/wp-json\/wp\/v2\/types\/post"}],"author":[{"embeddable":true,"href":"https:\/\/labestiadeportiva.com\/lbd\/wp-json\/wp\/v2\/users\/1"}],"replies":[{"embeddable":true,"href":"https:\/\/labestiadeportiva.com\/lbd\/wp-json\/wp\/v2\/comments?post=7373"}],"version-history":[{"count":4,"href":"https:\/\/labestiadeportiva.com\/lbd\/wp-json\/wp\/v2\/posts\/7373\/revisions"}],"predecessor-version":[{"id":7382,"href":"https:\/\/labestiadeportiva.com\/lbd\/wp-json\/wp\/v2\/posts\/7373\/revisions\/7382"}],"wp:featuredmedia":[{"embeddable":true,"href":"https:\/\/labestiadeportiva.com\/lbd\/wp-json\/wp\/v2\/media\/7374"}],"wp:attachment":[{"href":"https:\/\/labestiadeportiva.com\/lbd\/wp-json\/wp\/v2\/media?parent=7373"}],"wp:term":[{"taxonomy":"category","embeddable":true,"href":"https:\/\/labestiadeportiva.com\/lbd\/wp-json\/wp\/v2\/categories?post=7373"},{"taxonomy":"post_tag","embeddable":true,"href":"https:\/\/labestiadeportiva.com\/lbd\/wp-json\/wp\/v2\/tags?post=7373"}],"curies":[{"name":"wp","href":"https:\/\/api.w.org\/{rel}","templated":true}]}}