{"id":7501,"date":"2013-10-16T23:42:08","date_gmt":"2013-10-16T23:42:08","guid":{"rendered":"http:\/\/labestiadeportiva.com\/lbd\/?p=7501"},"modified":"2013-10-16T23:43:31","modified_gmt":"2013-10-16T23:43:31","slug":"ajustando-detalles","status":"publish","type":"post","link":"https:\/\/labestiadeportiva.com\/lbd\/ajustando-detalles\/","title":{"rendered":"Ajustando detalles"},"content":{"rendered":"<p><a href=\"http:\/\/labestiadeportiva.com\/lbd\/wp-content\/uploads\/2013\/10\/MG_64801.jpg\"><img loading=\"lazy\" class=\"alignleft size-medium wp-image-7507\" title=\"_MG_6480\" src=\"http:\/\/labestiadeportiva.com\/lbd\/wp-content\/uploads\/2013\/10\/MG_64801-300x200.jpg\" alt=\"\" width=\"300\" height=\"200\" srcset=\"https:\/\/labestiadeportiva.com\/lbd\/wp-content\/uploads\/2013\/10\/MG_64801-300x200.jpg 300w, https:\/\/labestiadeportiva.com\/lbd\/wp-content\/uploads\/2013\/10\/MG_64801.jpg 640w\" sizes=\"(max-width: 300px) 100vw, 300px\" \/><\/a>El s\u00e1bado en doble turno ensayaron en la capital provincial los planteles araucanos de f\u00fatbol 11 y v\u00f3ley femenino. Los entrenadores Ra\u00fal Ralinqueo y V\u00edctor Flores tendr\u00e1n la posibilidad de experimentar con parte de los jugadores que estar\u00e1n en Santa Cruz pues tienen por delante Patag\u00f3nico, Liga Sur y Nacionales del Evita.<\/p>\n<p>El sint\u00e9tico del \u201cHugo Lumbreras\u201d y el gimnasio \u201cMirador de Los Andes\u201d fueron los escenarios elegidos para una nueva concentraci\u00f3n de estas dos disciplinas. Lo hicieron ma\u00f1ana y tarde del s\u00e1bado con jugadores de ambas ciudades.<!--morePara leer Click Aqu\u00ed--><\/p>\n<p><a href=\"http:\/\/labestiadeportiva.com\/lbd\/wp-content\/uploads\/2013\/10\/MG_6490.jpg\"><img loading=\"lazy\" class=\"aligncenter size-medium wp-image-7504\" title=\"_MG_6490\" src=\"http:\/\/labestiadeportiva.com\/lbd\/wp-content\/uploads\/2013\/10\/MG_6490-300x164.jpg\" alt=\"\" width=\"300\" height=\"164\" srcset=\"https:\/\/labestiadeportiva.com\/lbd\/wp-content\/uploads\/2013\/10\/MG_6490-300x164.jpg 300w, https:\/\/labestiadeportiva.com\/lbd\/wp-content\/uploads\/2013\/10\/MG_6490.jpg 640w\" sizes=\"(max-width: 300px) 100vw, 300px\" \/><\/a>En el caso del v\u00f3ley las chicas fueron 19, donde V\u00edctor \u201cLuchi\u201d Flores comenz\u00f3 a reducir el plantel de cara a fines del mes de noviembre.\u00a0De cualquier forma para llegar a las 12 jugadoras definitivas que estar\u00e1n en R\u00edo Gallegos tendr\u00e1 para evaluar la fecha de la Liga Regional Sur como as\u00ed tambi\u00e9n la participaci\u00f3n del Sub 16 y Sub 18 en la ciudad de Mar del Plata.<\/p>\n<p>Lo de Ralinqueo, quien estuvo junto a su ayudante riograndense Nacaratto, fue un poco m\u00e1s numeroso. Los chicos fueron 27 dado que varios elementos presentes en el sint\u00e9tico capitalino no ser\u00e1n de la partida para los tradicionales juegos araucanos \u00a0de este a\u00f1o pero\u00a0 se trabaja a futuro. El seleccionador local jugar\u00e1 este fin de semana el patag\u00f3nico dirigiendo la selecci\u00f3n ushuaiense ante las provincias de R\u00edo Negro, Chubut y Santa Cruz.<\/p>\n<p><a href=\"http:\/\/labestiadeportiva.com\/lbd\/wp-content\/uploads\/2013\/10\/MG_6488.jpg\"><img loading=\"lazy\" class=\"aligncenter size-medium wp-image-7503\" title=\"_MG_6488\" src=\"http:\/\/labestiadeportiva.com\/lbd\/wp-content\/uploads\/2013\/10\/MG_6488-300x162.jpg\" alt=\"\" width=\"300\" height=\"162\" srcset=\"https:\/\/labestiadeportiva.com\/lbd\/wp-content\/uploads\/2013\/10\/MG_6488-300x162.jpg 300w, https:\/\/labestiadeportiva.com\/lbd\/wp-content\/uploads\/2013\/10\/MG_6488.jpg 640w\" sizes=\"(max-width: 300px) 100vw, 300px\" \/><\/a><\/p>\n<p>Asimismo aunque no fue confirmada la cantidad podr\u00edan llegar varios jugadores que act\u00faan en clubes nacionales para reforzar el plantel en los Binacionales de la Araucan\u00eda.<\/p>\n<p>Cuando resta poco m\u00e1s de un mes para el compromiso m\u00e1s importante de los deportistas de Tierra del Fuego se sigue trabajando para llegar de la mejor forma en cada una de las disciplinas que conformar\u00e1n la delegaci\u00f3n fueguina .<\/p>\n<p><a href=\"http:\/\/labestiadeportiva.com\/lbd\/wp-content\/uploads\/2013\/10\/MG_6485.jpg\"><img loading=\"lazy\" class=\"aligncenter size-medium wp-image-7505\" title=\"_MG_6485\" src=\"http:\/\/labestiadeportiva.com\/lbd\/wp-content\/uploads\/2013\/10\/MG_6485-300x200.jpg\" alt=\"\" width=\"300\" height=\"200\" srcset=\"https:\/\/labestiadeportiva.com\/lbd\/wp-content\/uploads\/2013\/10\/MG_6485-300x200.jpg 300w, https:\/\/labestiadeportiva.com\/lbd\/wp-content\/uploads\/2013\/10\/MG_6485.jpg 640w\" sizes=\"(max-width: 300px) 100vw, 300px\" \/><\/a><\/p>\n<div class='epvc-post-count'><span class='epvc-eye'><\/span>  <span class=\"epvc-count\"> 1.130<\/span><span class='epvc-label'> veces le\u00edda<\/span><\/div>\n<div class=\"jwsharethis\">\nShare this: \n<br \/>\n<a href=\"mailto:?subject=Ajustando%20detalles&amp;body=https%3A%2F%2Flabestiadeportiva.com%2Flbd%2Fajustando-detalles%2F\">\n<img src=\"https:\/\/labestiadeportiva.com\/lbd\/wp-content\/plugins\/jw-share-this\/email.png\" alt=\"Share this page via Email\" \/>\n<\/a>\n<a target=\"_blank\" href=\"http:\/\/www.stumbleupon.com\/submit?url=https%3A%2F%2Flabestiadeportiva.com%2Flbd%2Fajustando-detalles%2F&amp;title=Ajustando+detalles\">\n<img src=\"https:\/\/labestiadeportiva.com\/lbd\/wp-content\/plugins\/jw-share-this\/su.png\" alt=\"Share this page via Stumble Upon\" \/>\n<\/a>\n<a target=\"_blank\" href=\"http:\/\/digg.com\/submit?url=https%3A%2F%2Flabestiadeportiva.com%2Flbd%2Fajustando-detalles%2F&amp;title=Ajustando+detalles\">\n<img src=\"https:\/\/labestiadeportiva.com\/lbd\/wp-content\/plugins\/jw-share-this\/digg.png\" alt=\"Share this page via Digg this\" \/>\n<\/a>\n<a target=\"_blank\" href=\"http:\/\/www.facebook.com\/sharer.php?u=https%3A%2F%2Flabestiadeportiva.com%2Flbd%2Fajustando-detalles%2F&amp;t=Ajustando+detalles\">\n<img src=\"https:\/\/labestiadeportiva.com\/lbd\/wp-content\/plugins\/jw-share-this\/fb.png\" alt=\"Share this page via Facebook\" \/>\n<\/a>\n<a target=\"_blank\" href=\"http:\/\/twitter.com\/intent\/tweet?text=I+like+https%3A%2F%2Flabestiadeportiva.com%2Flbd%2Fajustando-detalles%2F&amp;title=Ajustando+detalles\">\n<img src=\"https:\/\/labestiadeportiva.com\/lbd\/wp-content\/plugins\/jw-share-this\/twitter.png\" alt=\"Share this page via Twitter\" \/>\n<\/a>\n<\/div>\n","protected":false},"excerpt":{"rendered":"<p>El s\u00e1bado en doble turno ensayaron en la capital provincial los planteles araucanos de f\u00fatbol 11 y v\u00f3ley femenino. Los entrenadores Ra\u00fal Ralinqueo y V\u00edctor Flores tendr\u00e1n la posibilidad de experimentar con parte de los jugadores que estar\u00e1n en Santa Cruz pues tienen por delante Patag\u00f3nico, Liga Sur y Nacionales del Evita. El sint\u00e9tico del &hellip; <a href=\"https:\/\/labestiadeportiva.com\/lbd\/ajustando-detalles\/\" class=\"more-link\">Seguir leyendo <span class=\"screen-reader-text\">Ajustando detalles<\/span> <span class=\"meta-nav\">&rarr;<\/span><\/a><\/p>\n","protected":false},"author":1,"featured_media":7507,"comment_status":"open","ping_status":"open","sticky":false,"template":"","format":"standard","meta":[],"categories":[5,1],"tags":[851,852,103,162],"_links":{"self":[{"href":"https:\/\/labestiadeportiva.com\/lbd\/wp-json\/wp\/v2\/posts\/7501"}],"collection":[{"href":"https:\/\/labestiadeportiva.com\/lbd\/wp-json\/wp\/v2\/posts"}],"about":[{"href":"https:\/\/labestiadeportiva.com\/lbd\/wp-json\/wp\/v2\/types\/post"}],"author":[{"embeddable":true,"href":"https:\/\/labestiadeportiva.com\/lbd\/wp-json\/wp\/v2\/users\/1"}],"replies":[{"embeddable":true,"href":"https:\/\/labestiadeportiva.com\/lbd\/wp-json\/wp\/v2\/comments?post=7501"}],"version-history":[{"count":2,"href":"https:\/\/labestiadeportiva.com\/lbd\/wp-json\/wp\/v2\/posts\/7501\/revisions"}],"predecessor-version":[{"id":7508,"href":"https:\/\/labestiadeportiva.com\/lbd\/wp-json\/wp\/v2\/posts\/7501\/revisions\/7508"}],"wp:featuredmedia":[{"embeddable":true,"href":"https:\/\/labestiadeportiva.com\/lbd\/wp-json\/wp\/v2\/media\/7507"}],"wp:attachment":[{"href":"https:\/\/labestiadeportiva.com\/lbd\/wp-json\/wp\/v2\/media?parent=7501"}],"wp:term":[{"taxonomy":"category","embeddable":true,"href":"https:\/\/labestiadeportiva.com\/lbd\/wp-json\/wp\/v2\/categories?post=7501"},{"taxonomy":"post_tag","embeddable":true,"href":"https:\/\/labestiadeportiva.com\/lbd\/wp-json\/wp\/v2\/tags?post=7501"}],"curies":[{"name":"wp","href":"https:\/\/api.w.org\/{rel}","templated":true}]}}