{"id":7619,"date":"2013-10-23T13:46:36","date_gmt":"2013-10-23T13:46:36","guid":{"rendered":"http:\/\/labestiadeportiva.com\/lbd\/?p=7619"},"modified":"2013-10-23T13:46:36","modified_gmt":"2013-10-23T13:46:36","slug":"el-sabado-en-doble-turno","status":"publish","type":"post","link":"https:\/\/labestiadeportiva.com\/lbd\/el-sabado-en-doble-turno\/","title":{"rendered":"El s\u00e1bado en doble turno"},"content":{"rendered":"<p class=\"MsoNormal\"><a href=\"http:\/\/labestiadeportiva.com\/lbd\/wp-content\/uploads\/2013\/10\/MG_6639.jpg\"><img loading=\"lazy\" class=\"alignleft size-medium wp-image-7620\" title=\"_MG_6639\" src=\"http:\/\/labestiadeportiva.com\/lbd\/wp-content\/uploads\/2013\/10\/MG_6639-300x142.jpg\" alt=\"\" width=\"300\" height=\"142\" srcset=\"https:\/\/labestiadeportiva.com\/lbd\/wp-content\/uploads\/2013\/10\/MG_6639-300x142.jpg 300w, https:\/\/labestiadeportiva.com\/lbd\/wp-content\/uploads\/2013\/10\/MG_6639.jpg 640w\" sizes=\"(max-width: 300px) 100vw, 300px\" \/><\/a>Contin\u00faan los trabajos de los planteles araucanos de cara a la cita de fines de noviembre en la provincia de Santa Cruz. Esta vez fue el turno del b\u00e1squet y v\u00f3ley masculino quienes ensayaron en la capital provincial. El plantel conducido por Gustavo \u201cZurdo\u201d Salazar lo hizo de corrido mientras que los muchachos de Garc\u00eda entrenaron por la ma\u00f1ana para luego por la tarde realizar en juego amistoso ente la primera de Club de Amigos.<!--morePara leer Click Aqu\u00ed--><\/p>\n<p class=\"MsoNormal\">Nuevamente fue el s\u00e1bado el d\u00eda elegido para continuar con las concentraciones de los planteles que se preparan para los Binacionales. En la ciudad de Ushuaia los escenarios fueron los gimnasios Profesora Ana V. Gir\u00f3 del barrio 245 Viviendas y Mirador de Los Andes de las 640 Viviendas.<\/p>\n<p class=\"MsoNormal\"><a href=\"http:\/\/labestiadeportiva.com\/lbd\/wp-content\/uploads\/2013\/10\/MG_6653.jpg\"><img loading=\"lazy\" class=\"aligncenter size-medium wp-image-7621\" title=\"_MG_6653\" src=\"http:\/\/labestiadeportiva.com\/lbd\/wp-content\/uploads\/2013\/10\/MG_6653-300x226.jpg\" alt=\"\" width=\"300\" height=\"226\" srcset=\"https:\/\/labestiadeportiva.com\/lbd\/wp-content\/uploads\/2013\/10\/MG_6653-300x226.jpg 300w, https:\/\/labestiadeportiva.com\/lbd\/wp-content\/uploads\/2013\/10\/MG_6653.jpg 637w\" sizes=\"(max-width: 300px) 100vw, 300px\" \/><\/a>Los basquetbolistas realizaron algunos movimientos t\u00e9cnicos y t\u00e1cticos por la ma\u00f1ana, de 11 a 13, <span style=\"mso-spacerun: yes;\">\u00a0<\/span>con un plantel de 12 jugadores dos de ellos oriundos de la ciudad de R\u00edo Grande.<\/p>\n<p class=\"MsoNormal\">Por la tarde, minutos despu\u00e9s de las 14.30, lleg\u00f3 el turno del encuentro amistoso ante el primer equipo de Club de Amigos. Estos encuentros sirven y mucho para simular situaciones de juego real que contribuyen en la b\u00fasqueda del volumen de juego de los juveniles.<\/p>\n<p class=\"MsoNormal\">En nuestro paso por el gimnasio pudimos dialogar brevemente con el entrenador <span style=\"color: #ff0000;\">Garc\u00eda<\/span> quien nos dijo: <span style=\"color: #0000ff;\">\u201cAgradecemos la predisposici\u00f3n de los equipos de primera para jugar con nosotros, esto es fundamental vamos a hacerlo cada vez que podamos. Tenemos confianza de poder hacer un buen papel en Santa Cruz, mantener el nivel del a\u00f1o pasado e incluso mejorarlo. Para ello traeremos cinco chicos que est\u00e1n jugando fuera de la provincia, ellos son Lucas Lucero (Temperley), Francisco \u201cPancho\u201d D\u00edaz (Platense), Mart\u00edn N\u00fa\u00f1ez (Banda Norte, C\u00f3rdoba TNA), Federico L\u00f3pez (San Mart\u00edn Corrientes TNA) y Francisco De Los Santos (Rosario)\u201d<\/span><\/p>\n<p class=\"MsoNormal\"><a href=\"http:\/\/labestiadeportiva.com\/lbd\/wp-content\/uploads\/2013\/10\/MG_6638.jpg\"><img loading=\"lazy\" class=\"aligncenter size-medium wp-image-7622\" title=\"_MG_6638\" src=\"http:\/\/labestiadeportiva.com\/lbd\/wp-content\/uploads\/2013\/10\/MG_6638-300x175.jpg\" alt=\"\" width=\"300\" height=\"175\" srcset=\"https:\/\/labestiadeportiva.com\/lbd\/wp-content\/uploads\/2013\/10\/MG_6638-300x175.jpg 300w, https:\/\/labestiadeportiva.com\/lbd\/wp-content\/uploads\/2013\/10\/MG_6638.jpg 640w\" sizes=\"(max-width: 300px) 100vw, 300px\" \/><\/a>En el barrio 640 Viviendas la cosa fue m\u00e1s numerosa, 23 jugadores, dado que <span style=\"color: #ff0000;\">Gustavo Salazar<\/span> y sus colaboradores tomaron la tesitura de ensayar con elementos comprendidos en EPADE y Araucan\u00eda. Asimismo lo hicieron de corrido de 10 a 18 horas, ajustando detalles en recepci\u00f3n y ataque. A la hora de las declaraciones el entrenador ushuaiense expres\u00f3: <span style=\"color: #0000ff;\">\u201cDurante el tiempo que quede para los juegos vamos a participar en todas las competencias, estaremos en el torneo \u201cFavale\u201d. En cuanto a la conformaci\u00f3n final del plantel para los Binacionales de la Araucan\u00eda restar\u00eda definir dos o tres lugares, vamos a enfrentar este compromiso con jugadores de la provincia. El objetivo es mejorar lo realizado el a\u00f1o pasado intentando acercarnos al nivel que exhibimos cuando nos quedamos con el EPADE\u201d .<\/span> <span style=\"mso-spacerun: yes;\">\u00a0<\/span><span style=\"mso-spacerun: yes;\">\u00a0<\/span><span style=\"mso-spacerun: yes;\">\u00a0<\/span><span style=\"mso-spacerun: yes;\">\u00a0<\/span><span style=\"mso-spacerun: yes;\">\u00a0<\/span><span style=\"mso-spacerun: yes;\">\u00a0<\/span><\/p>\n<p class=\"MsoNormal\"><a href=\"http:\/\/labestiadeportiva.com\/lbd\/wp-content\/uploads\/2013\/10\/MG_6656.jpg\"><img loading=\"lazy\" class=\"aligncenter size-medium wp-image-7623\" title=\"_MG_6656\" src=\"http:\/\/labestiadeportiva.com\/lbd\/wp-content\/uploads\/2013\/10\/MG_6656-300x177.jpg\" alt=\"\" width=\"300\" height=\"177\" srcset=\"https:\/\/labestiadeportiva.com\/lbd\/wp-content\/uploads\/2013\/10\/MG_6656-300x177.jpg 300w, https:\/\/labestiadeportiva.com\/lbd\/wp-content\/uploads\/2013\/10\/MG_6656.jpg 640w\" sizes=\"(max-width: 300px) 100vw, 300px\" \/><\/a><\/p>\n<div class='epvc-post-count'><span class='epvc-eye'><\/span>  <span class=\"epvc-count\"> 1.060<\/span><span class='epvc-label'> veces le\u00edda<\/span><\/div>\n<div class=\"jwsharethis\">\nShare this: \n<br \/>\n<a href=\"mailto:?subject=El%20s%C3%A1bado%20en%20doble%20turno&amp;body=https%3A%2F%2Flabestiadeportiva.com%2Flbd%2Fel-sabado-en-doble-turno%2F\">\n<img src=\"https:\/\/labestiadeportiva.com\/lbd\/wp-content\/plugins\/jw-share-this\/email.png\" alt=\"Share this page via Email\" \/>\n<\/a>\n<a target=\"_blank\" href=\"http:\/\/www.stumbleupon.com\/submit?url=https%3A%2F%2Flabestiadeportiva.com%2Flbd%2Fel-sabado-en-doble-turno%2F&amp;title=El+s%C3%A1bado+en+doble+turno\">\n<img src=\"https:\/\/labestiadeportiva.com\/lbd\/wp-content\/plugins\/jw-share-this\/su.png\" alt=\"Share this page via Stumble Upon\" \/>\n<\/a>\n<a target=\"_blank\" href=\"http:\/\/digg.com\/submit?url=https%3A%2F%2Flabestiadeportiva.com%2Flbd%2Fel-sabado-en-doble-turno%2F&amp;title=El+s%C3%A1bado+en+doble+turno\">\n<img src=\"https:\/\/labestiadeportiva.com\/lbd\/wp-content\/plugins\/jw-share-this\/digg.png\" alt=\"Share this page via Digg this\" \/>\n<\/a>\n<a target=\"_blank\" href=\"http:\/\/www.facebook.com\/sharer.php?u=https%3A%2F%2Flabestiadeportiva.com%2Flbd%2Fel-sabado-en-doble-turno%2F&amp;t=El+s%C3%A1bado+en+doble+turno\">\n<img src=\"https:\/\/labestiadeportiva.com\/lbd\/wp-content\/plugins\/jw-share-this\/fb.png\" alt=\"Share this page via Facebook\" \/>\n<\/a>\n<a target=\"_blank\" href=\"http:\/\/twitter.com\/intent\/tweet?text=I+like+https%3A%2F%2Flabestiadeportiva.com%2Flbd%2Fel-sabado-en-doble-turno%2F&amp;title=El+s%C3%A1bado+en+doble+turno\">\n<img src=\"https:\/\/labestiadeportiva.com\/lbd\/wp-content\/plugins\/jw-share-this\/twitter.png\" alt=\"Share this page via Twitter\" \/>\n<\/a>\n<\/div>\n","protected":false},"excerpt":{"rendered":"<p>Contin\u00faan los trabajos de los planteles araucanos de cara a la cita de fines de noviembre en la provincia de Santa Cruz. Esta vez fue el turno del b\u00e1squet y v\u00f3ley masculino quienes ensayaron en la capital provincial. El plantel conducido por Gustavo \u201cZurdo\u201d Salazar lo hizo de corrido mientras que los muchachos de Garc\u00eda &hellip; <a href=\"https:\/\/labestiadeportiva.com\/lbd\/el-sabado-en-doble-turno\/\" class=\"more-link\">Seguir leyendo <span class=\"screen-reader-text\">El s\u00e1bado en doble turno<\/span> <span class=\"meta-nav\">&rarr;<\/span><\/a><\/p>\n","protected":false},"author":1,"featured_media":7620,"comment_status":"open","ping_status":"open","sticky":false,"template":"","format":"standard","meta":[],"categories":[5,1],"tags":[851,1083,852,640],"_links":{"self":[{"href":"https:\/\/labestiadeportiva.com\/lbd\/wp-json\/wp\/v2\/posts\/7619"}],"collection":[{"href":"https:\/\/labestiadeportiva.com\/lbd\/wp-json\/wp\/v2\/posts"}],"about":[{"href":"https:\/\/labestiadeportiva.com\/lbd\/wp-json\/wp\/v2\/types\/post"}],"author":[{"embeddable":true,"href":"https:\/\/labestiadeportiva.com\/lbd\/wp-json\/wp\/v2\/users\/1"}],"replies":[{"embeddable":true,"href":"https:\/\/labestiadeportiva.com\/lbd\/wp-json\/wp\/v2\/comments?post=7619"}],"version-history":[{"count":1,"href":"https:\/\/labestiadeportiva.com\/lbd\/wp-json\/wp\/v2\/posts\/7619\/revisions"}],"predecessor-version":[{"id":7624,"href":"https:\/\/labestiadeportiva.com\/lbd\/wp-json\/wp\/v2\/posts\/7619\/revisions\/7624"}],"wp:featuredmedia":[{"embeddable":true,"href":"https:\/\/labestiadeportiva.com\/lbd\/wp-json\/wp\/v2\/media\/7620"}],"wp:attachment":[{"href":"https:\/\/labestiadeportiva.com\/lbd\/wp-json\/wp\/v2\/media?parent=7619"}],"wp:term":[{"taxonomy":"category","embeddable":true,"href":"https:\/\/labestiadeportiva.com\/lbd\/wp-json\/wp\/v2\/categories?post=7619"},{"taxonomy":"post_tag","embeddable":true,"href":"https:\/\/labestiadeportiva.com\/lbd\/wp-json\/wp\/v2\/tags?post=7619"}],"curies":[{"name":"wp","href":"https:\/\/api.w.org\/{rel}","templated":true}]}}