{"id":826,"date":"2012-10-02T16:05:24","date_gmt":"2012-10-02T16:05:24","guid":{"rendered":"http:\/\/labestiadeportiva.com\/lbd\/?p=826"},"modified":"2012-10-02T16:07:40","modified_gmt":"2012-10-02T16:07:40","slug":"un-cafe-con-toni-nadal","status":"publish","type":"post","link":"https:\/\/labestiadeportiva.com\/lbd\/un-cafe-con-toni-nadal\/","title":{"rendered":"Un caf\u00e9 con Toni Nadal"},"content":{"rendered":"<p>Por Daniel Campos (Corresponsal LBD en Palma de Mallorca, Espa\u00f1a)<\/p>\n<p><a href=\"http:\/\/labestiadeportiva.com\/lbd\/wp-content\/uploads\/2012\/10\/DSC_05111.jpg\"><img loading=\"lazy\" class=\"alignleft size-medium wp-image-830\" title=\"DSC_0511\" src=\"http:\/\/labestiadeportiva.com\/lbd\/wp-content\/uploads\/2012\/10\/DSC_05111-300x220.jpg\" alt=\"\" width=\"300\" height=\"220\" srcset=\"https:\/\/labestiadeportiva.com\/lbd\/wp-content\/uploads\/2012\/10\/DSC_05111-300x220.jpg 300w, https:\/\/labestiadeportiva.com\/lbd\/wp-content\/uploads\/2012\/10\/DSC_05111.jpg 522w\" sizes=\"(max-width: 300px) 100vw, 300px\" \/><\/a>El pasado viernes en una charla organizada por Palma Activa, del \u00e1rea de desarrollo social del ayuntamiento de Palma, y bajo el t\u00edtulo de \u201cSiempre hay margen de mejora\u201d, se present\u00f3 <span style=\"color: #ff0000;\">Toni Nadal<\/span>, el t\u00edo y entrenador de Rafael Nadal. En una concurrida sala, el art\u00edfice de que el joven tenista de Manacor, llegue a lo m\u00e1s alto del tenis mundial, brind\u00f3 en una verdadera lecci\u00f3n de humildad, c\u00f3mo se puede lograr el camino hacia el \u00e9xito.<!--morePara leer Click Aqu\u00ed--> Record\u00f3 los inicios de su sobrino cuando era muy ni\u00f1o en condiciones muy duras, en canchas con malos estados, pero que hicieron que Rafa se superara ante la adversidad.<\/p>\n<p>Entre las palabras que m\u00e1s sonaron en la charla estuvieron: esfuerzo, superaci\u00f3n, pasi\u00f3n y respeto. El grueso de los oyentes formado por j\u00f3venes emprendedores, desocupados, estudiantes y varios medios de prensa, tambi\u00e9n disfrutaron de m\u00e1s una frase que har\u00eda las delicias de un editor period\u00edstico.<\/p>\n<p>Por citar algunas: <span style=\"color: #0000ff;\">\u201cel fracaso no es llegar a donde uno aspira, el fracaso es no intentarlo\u201d<\/span> o por ejemplo, <span style=\"color: #0000ff;\">\u201csiempre hay que prepararse para la adversidad \u201d<\/span>. Tras poco m\u00e1s de una hora en un intermedio Nadal atendi\u00f3 a los medios acreditados y por supuesto el tema recurrente fue hablar sobre su sobrino y su situaci\u00f3n actual.<\/p>\n<p><span style=\"color: #0000ff;\">\u201cRafael est\u00e1 en reposo y esperando poder reaparecer cuanto antes\u201d<\/span>. Y agreg\u00f3 <span style=\"color: #0000ff;\">\u201cvolver\u00e1 a entrenar en 10 y 15 d\u00edas\u201d<\/span>. Preguntado sobre si podr\u00e1 jugar la Final de Copa Davis en el mes de noviembre frente a la Rep\u00fablica Checa, respondi\u00f3, <span style=\"color: #0000ff;\">\u201cno s\u00e9 si llegar\u00e1, adem\u00e1s la \u00faltima palabra la tiene siempre el seleccionador.\u201d<\/span><\/p>\n<p><a href=\"http:\/\/labestiadeportiva.com\/lbd\/wp-content\/uploads\/2012\/10\/DSC_0523.jpg\"><img loading=\"lazy\" class=\"aligncenter size-medium wp-image-828\" title=\"DSC_0523\" src=\"http:\/\/labestiadeportiva.com\/lbd\/wp-content\/uploads\/2012\/10\/DSC_0523-300x195.jpg\" alt=\"\" width=\"300\" height=\"195\" srcset=\"https:\/\/labestiadeportiva.com\/lbd\/wp-content\/uploads\/2012\/10\/DSC_0523-300x195.jpg 300w, https:\/\/labestiadeportiva.com\/lbd\/wp-content\/uploads\/2012\/10\/DSC_0523.jpg 640w\" sizes=\"(max-width: 300px) 100vw, 300px\" \/><\/a><\/p>\n<div class='epvc-post-count'><span class='epvc-eye'><\/span>  <span class=\"epvc-count\"> 1.014<\/span><span class='epvc-label'> veces le\u00edda<\/span><\/div>\n<div class=\"jwsharethis\">\nShare this: \n<br \/>\n<a href=\"mailto:?subject=Un%20caf%C3%A9%20con%20Toni%20Nadal&amp;body=https%3A%2F%2Flabestiadeportiva.com%2Flbd%2Fun-cafe-con-toni-nadal%2F\">\n<img src=\"https:\/\/labestiadeportiva.com\/lbd\/wp-content\/plugins\/jw-share-this\/email.png\" alt=\"Share this page via Email\" \/>\n<\/a>\n<a target=\"_blank\" href=\"http:\/\/www.stumbleupon.com\/submit?url=https%3A%2F%2Flabestiadeportiva.com%2Flbd%2Fun-cafe-con-toni-nadal%2F&amp;title=Un+caf%C3%A9+con+Toni+Nadal\">\n<img src=\"https:\/\/labestiadeportiva.com\/lbd\/wp-content\/plugins\/jw-share-this\/su.png\" alt=\"Share this page via Stumble Upon\" \/>\n<\/a>\n<a target=\"_blank\" href=\"http:\/\/digg.com\/submit?url=https%3A%2F%2Flabestiadeportiva.com%2Flbd%2Fun-cafe-con-toni-nadal%2F&amp;title=Un+caf%C3%A9+con+Toni+Nadal\">\n<img src=\"https:\/\/labestiadeportiva.com\/lbd\/wp-content\/plugins\/jw-share-this\/digg.png\" alt=\"Share this page via Digg this\" \/>\n<\/a>\n<a target=\"_blank\" href=\"http:\/\/www.facebook.com\/sharer.php?u=https%3A%2F%2Flabestiadeportiva.com%2Flbd%2Fun-cafe-con-toni-nadal%2F&amp;t=Un+caf%C3%A9+con+Toni+Nadal\">\n<img src=\"https:\/\/labestiadeportiva.com\/lbd\/wp-content\/plugins\/jw-share-this\/fb.png\" alt=\"Share this page via Facebook\" \/>\n<\/a>\n<a target=\"_blank\" href=\"http:\/\/twitter.com\/intent\/tweet?text=I+like+https%3A%2F%2Flabestiadeportiva.com%2Flbd%2Fun-cafe-con-toni-nadal%2F&amp;title=Un+caf%C3%A9+con+Toni+Nadal\">\n<img src=\"https:\/\/labestiadeportiva.com\/lbd\/wp-content\/plugins\/jw-share-this\/twitter.png\" alt=\"Share this page via Twitter\" \/>\n<\/a>\n<\/div>\n","protected":false},"excerpt":{"rendered":"<p>Por Daniel Campos (Corresponsal LBD en Palma de Mallorca, Espa\u00f1a) El pasado viernes en una charla organizada por Palma Activa, del \u00e1rea de desarrollo social del ayuntamiento de Palma, y bajo el t\u00edtulo de \u201cSiempre hay margen de mejora\u201d, se present\u00f3 Toni Nadal, el t\u00edo y entrenador de Rafael Nadal. En una concurrida sala, el &hellip; <a href=\"https:\/\/labestiadeportiva.com\/lbd\/un-cafe-con-toni-nadal\/\" class=\"more-link\">Seguir leyendo <span class=\"screen-reader-text\">Un caf\u00e9 con Toni Nadal<\/span> <span class=\"meta-nav\">&rarr;<\/span><\/a><\/p>\n","protected":false},"author":1,"featured_media":830,"comment_status":"open","ping_status":"open","sticky":false,"template":"","format":"standard","meta":[],"categories":[4,1,39],"tags":[],"_links":{"self":[{"href":"https:\/\/labestiadeportiva.com\/lbd\/wp-json\/wp\/v2\/posts\/826"}],"collection":[{"href":"https:\/\/labestiadeportiva.com\/lbd\/wp-json\/wp\/v2\/posts"}],"about":[{"href":"https:\/\/labestiadeportiva.com\/lbd\/wp-json\/wp\/v2\/types\/post"}],"author":[{"embeddable":true,"href":"https:\/\/labestiadeportiva.com\/lbd\/wp-json\/wp\/v2\/users\/1"}],"replies":[{"embeddable":true,"href":"https:\/\/labestiadeportiva.com\/lbd\/wp-json\/wp\/v2\/comments?post=826"}],"version-history":[{"count":2,"href":"https:\/\/labestiadeportiva.com\/lbd\/wp-json\/wp\/v2\/posts\/826\/revisions"}],"predecessor-version":[{"id":831,"href":"https:\/\/labestiadeportiva.com\/lbd\/wp-json\/wp\/v2\/posts\/826\/revisions\/831"}],"wp:featuredmedia":[{"embeddable":true,"href":"https:\/\/labestiadeportiva.com\/lbd\/wp-json\/wp\/v2\/media\/830"}],"wp:attachment":[{"href":"https:\/\/labestiadeportiva.com\/lbd\/wp-json\/wp\/v2\/media?parent=826"}],"wp:term":[{"taxonomy":"category","embeddable":true,"href":"https:\/\/labestiadeportiva.com\/lbd\/wp-json\/wp\/v2\/categories?post=826"},{"taxonomy":"post_tag","embeddable":true,"href":"https:\/\/labestiadeportiva.com\/lbd\/wp-json\/wp\/v2\/tags?post=826"}],"curies":[{"name":"wp","href":"https:\/\/api.w.org\/{rel}","templated":true}]}}