{"id":8298,"date":"2013-12-04T03:37:26","date_gmt":"2013-12-04T03:37:26","guid":{"rendered":"http:\/\/labestiadeportiva.com\/lbd\/?p=8298"},"modified":"2013-12-04T03:37:26","modified_gmt":"2013-12-04T03:37:26","slug":"fiesta-total","status":"publish","type":"post","link":"https:\/\/labestiadeportiva.com\/lbd\/fiesta-total\/","title":{"rendered":"Fiesta total"},"content":{"rendered":"<p>Por Lisandro Muhoberac (Discapacidad para LBD)<\/p>\n<p><a href=\"http:\/\/labestiadeportiva.com\/lbd\/wp-content\/uploads\/2013\/12\/1480746_785805008112399_2142923149_n.jpg\"><img loading=\"lazy\" class=\"alignleft size-medium wp-image-8299\" title=\"1480746_785805008112399_2142923149_n\" src=\"http:\/\/labestiadeportiva.com\/lbd\/wp-content\/uploads\/2013\/12\/1480746_785805008112399_2142923149_n-300x193.jpg\" alt=\"\" width=\"300\" height=\"193\" srcset=\"https:\/\/labestiadeportiva.com\/lbd\/wp-content\/uploads\/2013\/12\/1480746_785805008112399_2142923149_n-300x193.jpg 300w, https:\/\/labestiadeportiva.com\/lbd\/wp-content\/uploads\/2013\/12\/1480746_785805008112399_2142923149_n.jpg 872w\" sizes=\"(max-width: 300px) 100vw, 300px\" \/><\/a>El viernes 29 y s\u00e1bado 30 de noviembre se desarroll\u00f3 en Ushuaia una verdadera fiesta del deporte adaptado, la 4\u00b0 edici\u00f3n del torneo de atletismo \u00abFacundo Rivas\u00bb organizado por el CAAD. Alrededor de 200 atletas presentes de Tierra del Fuego, Santa Cruz, Buenos Aires, Santa Fe, Tucum\u00e1n y Chubut. Las fotos son gentileza del CAAD.<!--morePara leer Click Aqu\u00ed--><\/p>\n<p><a href=\"http:\/\/labestiadeportiva.com\/lbd\/wp-content\/uploads\/2013\/12\/946069_785767088116191_292078212_n1.jpg\"><img loading=\"lazy\" class=\"aligncenter size-medium wp-image-8305\" title=\"946069_785767088116191_292078212_n\" src=\"http:\/\/labestiadeportiva.com\/lbd\/wp-content\/uploads\/2013\/12\/946069_785767088116191_292078212_n1-300x176.jpg\" alt=\"\" width=\"300\" height=\"176\" srcset=\"https:\/\/labestiadeportiva.com\/lbd\/wp-content\/uploads\/2013\/12\/946069_785767088116191_292078212_n1-300x176.jpg 300w, https:\/\/labestiadeportiva.com\/lbd\/wp-content\/uploads\/2013\/12\/946069_785767088116191_292078212_n1.jpg 960w\" sizes=\"(max-width: 300px) 100vw, 300px\" \/><\/a>Mas de 170 atletas, y 6 provincias participaron de la 4\u00b0ta edicion del torneo de atletismo para personas con discapacidad \u00abFacundo Rivas\u00bb.<br \/>\nEn un principio el clima daba para suponer que\u00a0 se complicar\u00eda el normal desarrollo, pero con un aura especial, y mucha buena onda las nubes se fueron, y la temperatura subi\u00f3 para que\u00a0 todo se desarrolle de manera normal en la posta de atletismo municipal, con las pruebas de 100, 200 y 400 metros llanos, y lanzamiento de bala, disco, jabalina y salto en largo, entre las 10 de la ma\u00f1ana y las 14, 30 horas.<\/p>\n<p><a href=\"http:\/\/labestiadeportiva.com\/lbd\/wp-content\/uploads\/2013\/12\/1471336_785805058112394_948372232_n.jpg\"><img loading=\"lazy\" class=\"aligncenter size-medium wp-image-8302\" title=\"1471336_785805058112394_948372232_n\" src=\"http:\/\/labestiadeportiva.com\/lbd\/wp-content\/uploads\/2013\/12\/1471336_785805058112394_948372232_n-215x300.jpg\" alt=\"\" width=\"215\" height=\"300\" srcset=\"https:\/\/labestiadeportiva.com\/lbd\/wp-content\/uploads\/2013\/12\/1471336_785805058112394_948372232_n-215x300.jpg 215w, https:\/\/labestiadeportiva.com\/lbd\/wp-content\/uploads\/2013\/12\/1471336_785805058112394_948372232_n.jpg 453w\" sizes=\"(max-width: 215px) 100vw, 215px\" \/><\/a>Luego por la tarde entre las 15 y las 18, se desarroll\u00f3 el encuentro de natacion y boccias del que participaron 50 alumnos, en lo que fue un exito total por ser la primer vez que nuestra institucion organizaba un evento de tres disciplinas deportivas en simult\u00e1neo.<br \/>\nDe esta edici\u00f3n participaron seis provincias, Santa Fe, Tucum\u00e1n, Santa Cruz, Buenos Aires, Chubut y Tierra del Fuego, quien esta vez particip\u00f3 con sus tres localidades Tolhuin, Rio Grande y Ushuaia.<\/p>\n<p><a href=\"http:\/\/labestiadeportiva.com\/lbd\/wp-content\/uploads\/2013\/12\/1465315_785768454782721_605923582_n.jpg\"><img loading=\"lazy\" class=\"aligncenter size-medium wp-image-8300\" title=\"1465315_785768454782721_605923582_n\" src=\"http:\/\/labestiadeportiva.com\/lbd\/wp-content\/uploads\/2013\/12\/1465315_785768454782721_605923582_n-201x300.jpg\" alt=\"\" width=\"201\" height=\"300\" srcset=\"https:\/\/labestiadeportiva.com\/lbd\/wp-content\/uploads\/2013\/12\/1465315_785768454782721_605923582_n-201x300.jpg 201w, https:\/\/labestiadeportiva.com\/lbd\/wp-content\/uploads\/2013\/12\/1465315_785768454782721_605923582_n.jpg 450w\" sizes=\"(max-width: 201px) 100vw, 201px\" \/><\/a>Tambi\u00e9n fue muy importante el aporte realizado por los voluntarios, padres y profesores de la Coordinacion de Educacion Fisica quienes colaboraron incansablemente para el normal desarrollo de este evento.<br \/>\nUna vez mas el CAAD se supera y empuja al crecimiento de toda una provincia, 173 atletas, 6 provincias, 3 deportes y una organizaci\u00f3n ejemplar a la altura de cualquier torneo nacional es el saldo que dej\u00f3 esta edici\u00f3n.<\/p>\n<p><a href=\"http:\/\/labestiadeportiva.com\/lbd\/wp-content\/uploads\/2013\/12\/1424552_785805381445695_1300312107_n.jpg\"><img loading=\"lazy\" class=\"aligncenter size-medium wp-image-8301\" title=\"1424552_785805381445695_1300312107_n\" src=\"http:\/\/labestiadeportiva.com\/lbd\/wp-content\/uploads\/2013\/12\/1424552_785805381445695_1300312107_n-300x202.jpg\" alt=\"\" width=\"300\" height=\"202\" srcset=\"https:\/\/labestiadeportiva.com\/lbd\/wp-content\/uploads\/2013\/12\/1424552_785805381445695_1300312107_n-300x202.jpg 300w, https:\/\/labestiadeportiva.com\/lbd\/wp-content\/uploads\/2013\/12\/1424552_785805381445695_1300312107_n.jpg 960w\" sizes=\"(max-width: 300px) 100vw, 300px\" \/><\/a><\/p>\n<p>Una nueva muestra de que el deporte para discapacitados crece a pasos agigantados, solo basta mencionar la muy buena participacion en los EPADE, las 6 medallas Panamericanas, y la hist\u00f3rica participacion en los Juegos Nacionales Evita, superando a provincias como Santa Cruz por ejemplo que nos duplican en habitantes, son solo alguno datos de la realidad por la que estamos atravesando.<\/p>\n<p>Nos falta mucho pero seguimos creciendo, con nuestros alumnos, nuestros deportes y nuestro CAAD.<\/p>\n<p><a href=\"http:\/\/labestiadeportiva.com\/lbd\/wp-content\/uploads\/2013\/12\/1477484_785767611449472_1007504105_n.jpg\"><img loading=\"lazy\" class=\"aligncenter size-medium wp-image-8304\" title=\"1477484_785767611449472_1007504105_n\" src=\"http:\/\/labestiadeportiva.com\/lbd\/wp-content\/uploads\/2013\/12\/1477484_785767611449472_1007504105_n-300x207.jpg\" alt=\"\" width=\"300\" height=\"207\" srcset=\"https:\/\/labestiadeportiva.com\/lbd\/wp-content\/uploads\/2013\/12\/1477484_785767611449472_1007504105_n-300x207.jpg 300w, https:\/\/labestiadeportiva.com\/lbd\/wp-content\/uploads\/2013\/12\/1477484_785767611449472_1007504105_n.jpg 945w\" sizes=\"(max-width: 300px) 100vw, 300px\" \/><\/a><\/p>\n<div class='epvc-post-count'><span class='epvc-eye'><\/span>  <span class=\"epvc-count\"> 1.329<\/span><span class='epvc-label'> veces le\u00edda<\/span><\/div>\n<div class=\"jwsharethis\">\nShare this: \n<br \/>\n<a href=\"mailto:?subject=Fiesta%20total&amp;body=https%3A%2F%2Flabestiadeportiva.com%2Flbd%2Ffiesta-total%2F\">\n<img src=\"https:\/\/labestiadeportiva.com\/lbd\/wp-content\/plugins\/jw-share-this\/email.png\" alt=\"Share this page via Email\" \/>\n<\/a>\n<a target=\"_blank\" href=\"http:\/\/www.stumbleupon.com\/submit?url=https%3A%2F%2Flabestiadeportiva.com%2Flbd%2Ffiesta-total%2F&amp;title=Fiesta+total\">\n<img src=\"https:\/\/labestiadeportiva.com\/lbd\/wp-content\/plugins\/jw-share-this\/su.png\" alt=\"Share this page via Stumble Upon\" \/>\n<\/a>\n<a target=\"_blank\" href=\"http:\/\/digg.com\/submit?url=https%3A%2F%2Flabestiadeportiva.com%2Flbd%2Ffiesta-total%2F&amp;title=Fiesta+total\">\n<img src=\"https:\/\/labestiadeportiva.com\/lbd\/wp-content\/plugins\/jw-share-this\/digg.png\" alt=\"Share this page via Digg this\" \/>\n<\/a>\n<a target=\"_blank\" href=\"http:\/\/www.facebook.com\/sharer.php?u=https%3A%2F%2Flabestiadeportiva.com%2Flbd%2Ffiesta-total%2F&amp;t=Fiesta+total\">\n<img src=\"https:\/\/labestiadeportiva.com\/lbd\/wp-content\/plugins\/jw-share-this\/fb.png\" alt=\"Share this page via Facebook\" \/>\n<\/a>\n<a target=\"_blank\" href=\"http:\/\/twitter.com\/intent\/tweet?text=I+like+https%3A%2F%2Flabestiadeportiva.com%2Flbd%2Ffiesta-total%2F&amp;title=Fiesta+total\">\n<img src=\"https:\/\/labestiadeportiva.com\/lbd\/wp-content\/plugins\/jw-share-this\/twitter.png\" alt=\"Share this page via Twitter\" \/>\n<\/a>\n<\/div>\n","protected":false},"excerpt":{"rendered":"<p>Por Lisandro Muhoberac (Discapacidad para LBD) El viernes 29 y s\u00e1bado 30 de noviembre se desarroll\u00f3 en Ushuaia una verdadera fiesta del deporte adaptado, la 4\u00b0 edici\u00f3n del torneo de atletismo \u00abFacundo Rivas\u00bb organizado por el CAAD. Alrededor de 200 atletas presentes de Tierra del Fuego, Santa Cruz, Buenos Aires, Santa Fe, Tucum\u00e1n y Chubut. &hellip; <a href=\"https:\/\/labestiadeportiva.com\/lbd\/fiesta-total\/\" class=\"more-link\">Seguir leyendo <span class=\"screen-reader-text\">Fiesta total<\/span> <span class=\"meta-nav\">&rarr;<\/span><\/a><\/p>\n","protected":false},"author":1,"featured_media":8299,"comment_status":"open","ping_status":"open","sticky":false,"template":"","format":"standard","meta":[],"categories":[22,5,6,1],"tags":[1166,863,4831,565],"_links":{"self":[{"href":"https:\/\/labestiadeportiva.com\/lbd\/wp-json\/wp\/v2\/posts\/8298"}],"collection":[{"href":"https:\/\/labestiadeportiva.com\/lbd\/wp-json\/wp\/v2\/posts"}],"about":[{"href":"https:\/\/labestiadeportiva.com\/lbd\/wp-json\/wp\/v2\/types\/post"}],"author":[{"embeddable":true,"href":"https:\/\/labestiadeportiva.com\/lbd\/wp-json\/wp\/v2\/users\/1"}],"replies":[{"embeddable":true,"href":"https:\/\/labestiadeportiva.com\/lbd\/wp-json\/wp\/v2\/comments?post=8298"}],"version-history":[{"count":2,"href":"https:\/\/labestiadeportiva.com\/lbd\/wp-json\/wp\/v2\/posts\/8298\/revisions"}],"predecessor-version":[{"id":8307,"href":"https:\/\/labestiadeportiva.com\/lbd\/wp-json\/wp\/v2\/posts\/8298\/revisions\/8307"}],"wp:featuredmedia":[{"embeddable":true,"href":"https:\/\/labestiadeportiva.com\/lbd\/wp-json\/wp\/v2\/media\/8299"}],"wp:attachment":[{"href":"https:\/\/labestiadeportiva.com\/lbd\/wp-json\/wp\/v2\/media?parent=8298"}],"wp:term":[{"taxonomy":"category","embeddable":true,"href":"https:\/\/labestiadeportiva.com\/lbd\/wp-json\/wp\/v2\/categories?post=8298"},{"taxonomy":"post_tag","embeddable":true,"href":"https:\/\/labestiadeportiva.com\/lbd\/wp-json\/wp\/v2\/tags?post=8298"}],"curies":[{"name":"wp","href":"https:\/\/api.w.org\/{rel}","templated":true}]}}