{"id":853,"date":"2012-10-03T12:53:07","date_gmt":"2012-10-03T12:53:07","guid":{"rendered":"http:\/\/labestiadeportiva.com\/lbd\/?p=853"},"modified":"2012-10-03T12:53:07","modified_gmt":"2012-10-03T12:53:07","slug":"barza-y-valencia-suman-en-la-champions","status":"publish","type":"post","link":"https:\/\/labestiadeportiva.com\/lbd\/barza-y-valencia-suman-en-la-champions\/","title":{"rendered":"Barza y Valencia suman en la Champions"},"content":{"rendered":"<p>Por Daniel Campos (Corresponsal LBD en Palma de Mallorca, Espa\u00f1a)<\/p>\n<p>El Barcelona \u00a0en Lisboa y el Valencia en Mestalla, solventaron sus partidos con sendos triunfos. En la capital lusitana, el Barcelona venci\u00f3 por 2 a 0 al Benfica. El encuentro correspondiente al Grupo G, no fue muy entretenido. El Bar\u00e7a control\u00f3 el bal\u00f3n pero el Benfica creaba ocasiones. <!--morePara leer Click Aqu\u00ed--><a href=\"http:\/\/labestiadeportiva.com\/lbd\/wp-content\/uploads\/2012\/10\/doscules.jpg\"><img loading=\"lazy\" class=\"alignleft size-medium wp-image-854\" title=\"doscules\" src=\"http:\/\/labestiadeportiva.com\/lbd\/wp-content\/uploads\/2012\/10\/doscules-300x120.jpg\" alt=\"\" width=\"300\" height=\"120\" srcset=\"https:\/\/labestiadeportiva.com\/lbd\/wp-content\/uploads\/2012\/10\/doscules-300x120.jpg 300w, https:\/\/labestiadeportiva.com\/lbd\/wp-content\/uploads\/2012\/10\/doscules.jpg 630w\" sizes=\"(max-width: 300px) 100vw, 300px\" \/><\/a>Pero un gol tempranero de Alexis a pase de Messi a los 6 minutos del primer tiempo, cambi\u00f3 el \u00a0panorama. Tras el descanso, a los 10 minutos de juego otro genial toque de Messi habilit\u00f3 a Cesc y marc\u00f3 ante la salida del portero portugu\u00e9s.<!--morePara leer Click Aqu\u00ed--><\/p>\n<p>Aunque la peor noticia, para el Barcelona, fue que Puyol se lesion\u00f3 en su brazo izquierdo, al caer en el \u00e1rea del Benfica, mala suerte para el capit\u00e1n cul\u00e9 en la noche que regresaba a los campos de juego.<\/p>\n<p>En los minutos finales el match se desdibujo, mucha pierna fuerte y Busquet se march\u00f3 expulsado por roja directa. De esta manera se pierde el partido contra el Celtic, el conjunto de Glasgow dio la sorpresa al batir por 3 a 2, al Spartak de Mosc\u00fa, en su estadio.<\/p>\n<p>En tanto por el Grupo F, el Valencia sum\u00f3 sus primeros puntos, gracias al 2 a 0 endosado al Lille. El equipo de Pellegrino, con tantos de Jonas por partida doble, recuper\u00f3 la confianza tras el tropiezo ante el Bayern Munich, en el primer partido.<\/p>\n<p>Por otro lado el conjunto b\u00e1varo cay\u00f3 por 3 a 1 ante el sorprendente Bate Borizov. Esta noche sigue la Champions con los encuentros del Real Madrid y el M\u00e1laga.<\/p>\n<p><a href=\"http:\/\/labestiadeportiva.com\/lbd\/wp-content\/uploads\/2012\/10\/VleLille.jpg\"><img loading=\"lazy\" class=\"aligncenter size-full wp-image-855\" title=\"VleLille\" src=\"http:\/\/labestiadeportiva.com\/lbd\/wp-content\/uploads\/2012\/10\/VleLille.jpg\" alt=\"\" width=\"300\" height=\"165\" \/><\/a><\/p>\n<div class='epvc-post-count'><span class='epvc-eye'><\/span>  <span class=\"epvc-count\"> 2.622<\/span><span class='epvc-label'> veces le\u00edda<\/span><\/div>\n<div class=\"jwsharethis\">\nShare this: \n<br \/>\n<a href=\"mailto:?subject=Barza%20y%20Valencia%20suman%20en%20la%20Champions&amp;body=https%3A%2F%2Flabestiadeportiva.com%2Flbd%2Fbarza-y-valencia-suman-en-la-champions%2F\">\n<img src=\"https:\/\/labestiadeportiva.com\/lbd\/wp-content\/plugins\/jw-share-this\/email.png\" alt=\"Share this page via Email\" \/>\n<\/a>\n<a target=\"_blank\" href=\"http:\/\/www.stumbleupon.com\/submit?url=https%3A%2F%2Flabestiadeportiva.com%2Flbd%2Fbarza-y-valencia-suman-en-la-champions%2F&amp;title=Barza+y+Valencia+suman+en+la+Champions\">\n<img src=\"https:\/\/labestiadeportiva.com\/lbd\/wp-content\/plugins\/jw-share-this\/su.png\" alt=\"Share this page via Stumble Upon\" \/>\n<\/a>\n<a target=\"_blank\" href=\"http:\/\/digg.com\/submit?url=https%3A%2F%2Flabestiadeportiva.com%2Flbd%2Fbarza-y-valencia-suman-en-la-champions%2F&amp;title=Barza+y+Valencia+suman+en+la+Champions\">\n<img src=\"https:\/\/labestiadeportiva.com\/lbd\/wp-content\/plugins\/jw-share-this\/digg.png\" alt=\"Share this page via Digg this\" \/>\n<\/a>\n<a target=\"_blank\" href=\"http:\/\/www.facebook.com\/sharer.php?u=https%3A%2F%2Flabestiadeportiva.com%2Flbd%2Fbarza-y-valencia-suman-en-la-champions%2F&amp;t=Barza+y+Valencia+suman+en+la+Champions\">\n<img src=\"https:\/\/labestiadeportiva.com\/lbd\/wp-content\/plugins\/jw-share-this\/fb.png\" alt=\"Share this page via Facebook\" \/>\n<\/a>\n<a target=\"_blank\" href=\"http:\/\/twitter.com\/intent\/tweet?text=I+like+https%3A%2F%2Flabestiadeportiva.com%2Flbd%2Fbarza-y-valencia-suman-en-la-champions%2F&amp;title=Barza+y+Valencia+suman+en+la+Champions\">\n<img src=\"https:\/\/labestiadeportiva.com\/lbd\/wp-content\/plugins\/jw-share-this\/twitter.png\" alt=\"Share this page via Twitter\" \/>\n<\/a>\n<\/div>\n","protected":false},"excerpt":{"rendered":"<p>Por Daniel Campos (Corresponsal LBD en Palma de Mallorca, Espa\u00f1a) El Barcelona \u00a0en Lisboa y el Valencia en Mestalla, solventaron sus partidos con sendos triunfos. En la capital lusitana, el Barcelona venci\u00f3 por 2 a 0 al Benfica. El encuentro correspondiente al Grupo G, no fue muy entretenido. El Bar\u00e7a control\u00f3 el bal\u00f3n pero el &hellip; <a href=\"https:\/\/labestiadeportiva.com\/lbd\/barza-y-valencia-suman-en-la-champions\/\" class=\"more-link\">Seguir leyendo <span class=\"screen-reader-text\">Barza y Valencia suman en la Champions<\/span> <span class=\"meta-nav\">&rarr;<\/span><\/a><\/p>\n","protected":false},"author":1,"featured_media":854,"comment_status":"open","ping_status":"open","sticky":false,"template":"","format":"standard","meta":[],"categories":[4,1],"tags":[104,4830],"_links":{"self":[{"href":"https:\/\/labestiadeportiva.com\/lbd\/wp-json\/wp\/v2\/posts\/853"}],"collection":[{"href":"https:\/\/labestiadeportiva.com\/lbd\/wp-json\/wp\/v2\/posts"}],"about":[{"href":"https:\/\/labestiadeportiva.com\/lbd\/wp-json\/wp\/v2\/types\/post"}],"author":[{"embeddable":true,"href":"https:\/\/labestiadeportiva.com\/lbd\/wp-json\/wp\/v2\/users\/1"}],"replies":[{"embeddable":true,"href":"https:\/\/labestiadeportiva.com\/lbd\/wp-json\/wp\/v2\/comments?post=853"}],"version-history":[{"count":1,"href":"https:\/\/labestiadeportiva.com\/lbd\/wp-json\/wp\/v2\/posts\/853\/revisions"}],"predecessor-version":[{"id":856,"href":"https:\/\/labestiadeportiva.com\/lbd\/wp-json\/wp\/v2\/posts\/853\/revisions\/856"}],"wp:featuredmedia":[{"embeddable":true,"href":"https:\/\/labestiadeportiva.com\/lbd\/wp-json\/wp\/v2\/media\/854"}],"wp:attachment":[{"href":"https:\/\/labestiadeportiva.com\/lbd\/wp-json\/wp\/v2\/media?parent=853"}],"wp:term":[{"taxonomy":"category","embeddable":true,"href":"https:\/\/labestiadeportiva.com\/lbd\/wp-json\/wp\/v2\/categories?post=853"},{"taxonomy":"post_tag","embeddable":true,"href":"https:\/\/labestiadeportiva.com\/lbd\/wp-json\/wp\/v2\/tags?post=853"}],"curies":[{"name":"wp","href":"https:\/\/api.w.org\/{rel}","templated":true}]}}